{"id":714493,"date":"2024-04-23T15:32:43","date_gmt":"2024-04-23T11:32:43","guid":{"rendered":"https:\/\/arantv.az\/?p=714493"},"modified":"2024-04-23T15:32:43","modified_gmt":"2024-04-23T11:32:43","slug":"boyuk-britaniya-parlamenti-qacqinlarin-deportasiyasi-haqqinda-qanun-layih%c9%99sini-q%c9%99bul-edib","status":"publish","type":"post","link":"https:\/\/arantv.az\/?p=714493","title":{"rendered":"B\u00f6y\u00fck Britaniya parlamenti qa\u00e7q\u0131nlar\u0131n deportasiyas\u0131 haqq\u0131nda qanun layih\u0259sini q\u0259bul edib"},"content":{"rendered":"<p>B\u00f6y\u00fck Britaniya parlamenti miqrantlar\u0131n Ruandaya \u00e7\u0131xar\u0131lmas\u0131n\u0131 n\u0259z\u0259rd\u0259 tutan qanun layih\u0259sini q\u0259bul edib.<\/p>\n<p>M\u0259lumata g\u00f6r\u0259, s\u0259n\u0259d yanvar\u0131n 17-d\u0259 \u0130cmalar Palatas\u0131 t\u0259r\u0259find\u0259n \u00fc\u00e7\u00fcnc\u00fc oxunu\u015fda t\u0259sdiql\u0259nib, lakin Lordlar Palatas\u0131 b\u00fct\u00fcn bu m\u00fcdd\u0259t \u0259rzind\u0259 d\u00fcz\u0259li\u015fl\u0259rin edilm\u0259sind\u0259 israrl\u0131 olub. Qanunun aprelin 23-d\u0259 yekunla\u015faca\u011f\u0131 g\u00f6zl\u0259nilir.<\/p>\n<p>Mart\u0131n sonunda Lordlar Palatas\u0131nda qanunla ba\u011fl\u0131 s\u0259sverm\u0259 ke\u00e7irilib, sonra qanun layih\u0259sinin q\u0259bulu aprel ay\u0131na q\u0259d\u0259r t\u0259xir\u0259 sal\u0131n\u0131b. Parlament \u00fczvl\u0259ri s\u0259n\u0259din beyn\u0259lxalq h\u00fcquq normalar\u0131na uy\u011fun g\u0259lm\u0259m\u0259si il\u0259 ba\u011fl\u0131 layih\u0259y\u0259 d\u00fcz\u0259li\u015fin lehin\u0259 s\u0259s veribl\u0259r. Bug\u00fcnk\u00fc s\u0259sverm\u0259nin n\u0259tic\u0259l\u0259ri yaln\u0131z gec\u0259 yar\u0131s\u0131 \u0259ld\u0259 edilib. Ba\u015f nazir Ri\u015fi Sunak deputatlar Parlament Evind\u0259 gec\u0259l\u0259m\u0259y\u0259 m\u0259cbur olsalar bel\u0259, qanun layih\u0259sinin q\u0259bulunun b\u00fct\u00fcn m\u0259rh\u0259l\u0259l\u0259rini \u00e7\u0259r\u015f\u0259nb\u0259 ax\u015fam\u0131na q\u0259d\u0259r tamamlamaqda israr edib.<\/p>\n<p>Britaniya medias\u0131 qeyd edib\u00a0ki, qanun layih\u0259sinin q\u0259bulu Britaniya h\u00f6kum\u0259tini Avropa \u0130nsan Haqlar\u0131 M\u0259hk\u0259m\u0259sind\u0259 iddialara m\u0259ruz qoya bil\u0259r, \u00e7\u00fcnki krall\u0131q Avropa \u0130nsan H\u00fcquqlar\u0131 Konvensiyas\u0131n\u0131 imzalay\u0131b. Avropa M\u0259hk\u0259m\u0259si daha \u0259vv\u0259l Ruandaya s\u0131\u011f\u0131nacaq axtaranlar\u0131n g\u00f6nd\u0259rilm\u0259sini qada\u011fan etmi\u015fdi.<\/p>\n<p>M\u0259nb\u0259: Kommersant<\/p>\n","protected":false},"excerpt":{"rendered":"<p>B\u00f6y\u00fck Britaniya parlamenti miqrantlar\u0131n Ruandaya \u00e7\u0131xar\u0131lmas\u0131n\u0131 n\u0259z\u0259rd\u0259 tutan qanun layih\u0259sini q\u0259bul edib. M\u0259lumata g\u00f6r\u0259, s\u0259n\u0259d yanvar\u0131n 17-d\u0259 \u0130cmalar Palatas\u0131 t\u0259r\u0259find\u0259n \u00fc\u00e7\u00fcnc\u00fc oxunu\u015fda t\u0259sdiql\u0259nib, lakin Lordlar Palatas\u0131 b\u00fct\u00fcn bu m\u00fcdd\u0259t \u0259rzind\u0259 d\u00fcz\u0259li\u015fl\u0259rin edilm\u0259sind\u0259 israrl\u0131 olub. Qanunun aprelin 23-d\u0259 yekunla\u015faca\u011f\u0131 g\u00f6zl\u0259nilir. Mart\u0131n sonunda Lordlar Palatas\u0131nda qanunla ba\u011fl\u0131 s\u0259sverm\u0259 ke\u00e7irilib, sonra qanun layih\u0259sinin q\u0259bulu aprel ay\u0131na q\u0259d\u0259r t\u0259xir\u0259 sal\u0131n\u0131b. Parlament \u00fczvl\u0259ri s\u0259n\u0259din beyn\u0259lxalq h\u00fcquq normalar\u0131na uy\u011fun g\u0259lm\u0259m\u0259si il\u0259 ba\u011fl\u0131 layih\u0259y\u0259 d\u00fcz\u0259li\u015fin lehin\u0259 s\u0259s veribl\u0259r. Bug\u00fcnk\u00fc s\u0259sverm\u0259nin n\u0259tic\u0259l\u0259ri yaln\u0131z gec\u0259 yar\u0131s\u0131 \u0259ld\u0259 edilib. Ba\u015f nazir Ri\u015fi Sunak deputatlar Parlament Evind\u0259 gec\u0259l\u0259m\u0259y\u0259 m\u0259cbur olsalar bel\u0259,&hellip;<\/p>\n","protected":false},"author":2,"featured_media":714494,"comment_status":"closed","ping_status":"closed","sticky":false,"template":"","format":"standard","meta":{"om_disable_all_campaigns":false,"_monsterinsights_skip_tracking":false,"_monsterinsights_sitenote_active":false,"_monsterinsights_sitenote_note":"","_monsterinsights_sitenote_category":0},"categories":[7],"tags":[],"aioseo_notices":[],"gutentor_comment":0,"rttpg_featured_image_url":{"full":["https:\/\/arantv.az\/wp-content\/uploads\/2024\/04\/FotoJet-2024-04-23T110129.851.jpg",620,413,false],"landscape":["https:\/\/arantv.az\/wp-content\/uploads\/2024\/04\/FotoJet-2024-04-23T110129.851.jpg",620,413,false],"portraits":["https:\/\/arantv.az\/wp-content\/uploads\/2024\/04\/FotoJet-2024-04-23T110129.851.jpg",620,413,false],"thumbnail":["https:\/\/arantv.az\/wp-content\/uploads\/2024\/04\/FotoJet-2024-04-23T110129.851-500x280.jpg",500,280,true],"medium":["https:\/\/arantv.az\/wp-content\/uploads\/2024\/04\/FotoJet-2024-04-23T110129.851-548x365.jpg",548,365,true],"large":["https:\/\/arantv.az\/wp-content\/uploads\/2024\/04\/FotoJet-2024-04-23T110129.851.jpg",620,413,false],"1536x1536":["https:\/\/arantv.az\/wp-content\/uploads\/2024\/04\/FotoJet-2024-04-23T110129.851.jpg",620,413,false],"2048x2048":["https:\/\/arantv.az\/wp-content\/uploads\/2024\/04\/FotoJet-2024-04-23T110129.851.jpg",620,413,false],"post-thumbnail":["https:\/\/arantv.az\/wp-content\/uploads\/2024\/04\/FotoJet-2024-04-23T110129.851-240x172.jpg",240,172,true],"advps-thumb-one":["https:\/\/arantv.az\/wp-content\/uploads\/2024\/04\/FotoJet-2024-04-23T110129.851.jpg",620,413,false]},"rttpg_author":{"display_name":"V\u00fcsal Rafiqo\u011flu","author_link":"https:\/\/arantv.az\/?author=2"},"rttpg_comment":0,"rttpg_category":"<a href=\"https:\/\/arantv.az\/?cat=7\" rel=\"category\">D\u00fcnya<\/a>","rttpg_excerpt":"B\u00f6y\u00fck Britaniya parlamenti miqrantlar\u0131n Ruandaya \u00e7\u0131xar\u0131lmas\u0131n\u0131 n\u0259z\u0259rd\u0259 tutan qanun layih\u0259sini q\u0259bul edib. M\u0259lumata g\u00f6r\u0259, s\u0259n\u0259d yanvar\u0131n 17-d\u0259 \u0130cmalar Palatas\u0131 t\u0259r\u0259find\u0259n \u00fc\u00e7\u00fcnc\u00fc oxunu\u015fda t\u0259sdiql\u0259nib, lakin Lordlar Palatas\u0131 b\u00fct\u00fcn bu m\u00fcdd\u0259t \u0259rzind\u0259 d\u00fcz\u0259li\u015fl\u0259rin edilm\u0259sind\u0259 israrl\u0131 olub. Qanunun aprelin 23-d\u0259 yekunla\u015faca\u011f\u0131 g\u00f6zl\u0259nilir. Mart\u0131n sonunda Lordlar Palatas\u0131nda qanunla ba\u011fl\u0131 s\u0259sverm\u0259 ke\u00e7irilib, sonra qanun layih\u0259sinin q\u0259bulu aprel ay\u0131na q\u0259d\u0259r t\u0259xir\u0259&hellip;","_links":{"self":[{"href":"https:\/\/arantv.az\/index.php?rest_route=\/wp\/v2\/posts\/714493"}],"collection":[{"href":"https:\/\/arantv.az\/index.php?rest_route=\/wp\/v2\/posts"}],"about":[{"href":"https:\/\/arantv.az\/index.php?rest_route=\/wp\/v2\/types\/post"}],"author":[{"embeddable":true,"href":"https:\/\/arantv.az\/index.php?rest_route=\/wp\/v2\/users\/2"}],"replies":[{"embeddable":true,"href":"https:\/\/arantv.az\/index.php?rest_route=%2Fwp%2Fv2%2Fcomments&post=714493"}],"version-history":[{"count":0,"href":"https:\/\/arantv.az\/index.php?rest_route=\/wp\/v2\/posts\/714493\/revisions"}],"wp:featuredmedia":[{"embeddable":true,"href":"https:\/\/arantv.az\/index.php?rest_route=\/wp\/v2\/media\/714494"}],"wp:attachment":[{"href":"https:\/\/arantv.az\/index.php?rest_route=%2Fwp%2Fv2%2Fmedia&parent=714493"}],"wp:term":[{"taxonomy":"category","embeddable":true,"href":"https:\/\/arantv.az\/index.php?rest_route=%2Fwp%2Fv2%2Fcategories&post=714493"},{"taxonomy":"post_tag","embeddable":true,"href":"https:\/\/arantv.az\/index.php?rest_route=%2Fwp%2Fv2%2Ftags&post=714493"}],"curies":[{"name":"wp","href":"https:\/\/api.w.org\/{rel}","templated":true}]}}