{"id":714499,"date":"2024-04-23T15:33:51","date_gmt":"2024-04-23T11:33:51","guid":{"rendered":"https:\/\/arantv.az\/?p=714499"},"modified":"2024-04-23T15:33:51","modified_gmt":"2024-04-23T11:33:51","slug":"lacin-s%c9%99rh%c9%99d-buraxilis-m%c9%99nt%c9%99q%c9%99sinin-birinci-ildonumu-tarixi-prosesl%c9%99r-nec%c9%99-basladi-foto","status":"publish","type":"post","link":"https:\/\/arantv.az\/?p=714499","title":{"rendered":"\u201cLa\u00e7\u0131n\u201d s\u0259rh\u0259d-burax\u0131l\u0131\u015f m\u0259nt\u0259q\u0259sinin birinci ild\u00f6n\u00fcm\u00fc &#8211; Tarixi prosesl\u0259r nec\u0259 ba\u015flad\u0131? + FOTO"},"content":{"rendered":"<p>\u0130kinci Qaraba\u011f m\u00fcharib\u0259si n\u0259tic\u0259sind\u0259 Az\u0259rbaycan\u0131n \u00f6z \u0259razi b\u00fct\u00f6vl\u00fcy\u00fcn\u00fc b\u0259rpa etm\u0259si tarix\u0259 q\u0131z\u0131l h\u0259rfl\u0259rl\u0259 yaz\u0131lm\u0131\u015f misilsiz hadis\u0259 idi. Bu g\u00fcn C\u0259nubi Qafqazda c\u0259r\u0259yan ed\u0259n \u00e7ox m\u00fch\u00fcm prosesl\u0259rin, h\u0259m\u00e7inin r\u0259smi Bak\u0131n\u0131n beyn\u0259lxalq al\u0259md\u0259 \u00f6z s\u00f6z\u00fcn\u00fc art\u0131q q\u0259tiyy\u0259t v\u0259 \u0259minlikl\u0259 dem\u0259sinin k\u00f6k\u00fcnd\u0259 m\u0259hz h\u0259min 44 g\u00fcnl\u00fck d\u00f6y\u00fc\u015fl\u0259r v\u0259 onun tarixi n\u0259tic\u0259si dayan\u0131r.<\/p>\n<p>Qeyd etm\u0259k laz\u0131md\u0131r ki, \u0130kinci Qaraba\u011f m\u00fcharib\u0259sind\u0259n sonra da Az\u0259rbaycan u\u011furlu h\u0259rbi-diplomatik add\u0131mlar\u0131n\u0131 eyni tempd\u0259 davam etdirdi. H\u0259min add\u0131mlardan biri d\u0259 d\u00fcz bir il \u0259vv\u0259l &#8211; 2023-c\u00fc il aprelin 23-d\u0259 La\u00e7\u0131n-Xank\u0259ndi yolunun ba\u015flan\u011f\u0131c\u0131nda s\u0259rh\u0259d-burax\u0131l\u0131\u015f m\u0259nt\u0259q\u0259sinin qurulmas\u0131 oldu.<\/p>\n<p>Bu, kifay\u0259t q\u0259d\u0259r m\u00fch\u00fcm v\u0259 taley\u00fckl\u00fc hadis\u0259 idi. \u00c7\u00fcnki 44 g\u00fcnl\u00fck m\u00fcharib\u0259d\u0259n sonra Erm\u0259nistan 2020-ci il 10 noyabr tarixli \u00dc\u00e7t\u0259r\u0259fli B\u0259yanat\u0131n t\u0259l\u0259bl\u0259rin\u0259 zidd olaraq, Az\u0259rbaycan \u0259razisind\u0259ki qeyri-qanuni silahl\u0131 d\u0259st\u0259l\u0259ri \u00fc\u00e7\u00fcn canl\u0131 q\u00fcvv\u0259, silah-sursat, mina, el\u0259c\u0259 d\u0259 dig\u0259r h\u0259rbi t\u0259yinatl\u0131 vasit\u0259l\u0259rin da\u015f\u0131nmas\u0131n\u0131 davam etdirirdi. M\u0259hz bunun qar\u015f\u0131s\u0131n\u0131n al\u0131nmas\u0131 m\u0259qs\u0259dil\u0259 \u0259razid\u0259 s\u0259rh\u0259d-burax\u0131l\u0131\u015f m\u0259nt\u0259q\u0259sinin qurulmas\u0131 qa\u00e7\u0131lmaz z\u0259rur\u0259t\u0259 \u00e7evrilmi\u015fdi. Prosesl\u0259rin sonrak\u0131 inki\u015faf\u0131 da g\u00f6st\u0259rdi ki, bu, kifay\u0259t q\u0259d\u0259r effektiv add\u0131m oldu. H\u0259r halda, qeyd olunan s\u0259rh\u0259d-burax\u0131l\u0131\u015f m\u0259nt\u0259q\u0259sinin istifad\u0259y\u0259 verilm\u0259si say\u0259sind\u0259 \u0130r\u0259van\u0131n t\u0259xribat imkanlar\u0131 \u0259h\u0259miyy\u0259tli d\u0259r\u0259c\u0259d\u0259 m\u0259hdudla\u015fd\u0131r\u0131ld\u0131.<\/p>\n<p><img src=\"https:\/\/cdn.oxu.az\/uploads\/W1siZiIsIjIwMjQvMDQvMjMvMTMvNTkvMjEvMDFjYjRlZjAtNDc0MC00NzE4LThkNzAtYmNmMTIyNTYzN2IwLzYxYTk0MDk5LTFkN2ItM2ZlMi1hOWM2LTNkOTk2NDkwMTAxYS5qcGciXSxbInAiLCJlbmNvZGUiLCJqcGciLCItcXVhbGl0eSA4MCJdLFsicCIsInRodW1iIiwiNTkweDU5MFx1MDAzZSJdXQ?sha=41740391bef908d8\" alt=\"\" \/><\/p>\n<p>S\u00f6zs\u00fcz ki, \u201cLa\u00e7\u0131n\u201d s\u0259rh\u0259d-burax\u0131l\u0131\u015f m\u0259nt\u0259q\u0259sinin qurulmas\u0131 Az\u0259rbaycan\u0131n n\u00f6vb\u0259ti u\u011furu olaraq, b\u00fct\u00f6vl\u00fckd\u0259 C\u0259nubi Qafqaz regionunda t\u0259hl\u00fck\u0259sizliyin t\u0259min edilm\u0259sin\u0259 y\u00f6n\u0259lik \u00e7ox u\u011furlu gedi\u015f idi. Prezident\u00a0<strong>\u0130lham \u018fliyev<\/strong>\u00a0\u00f6z \u00e7\u0131x\u0131\u015flar\u0131nda bu m\u0259s\u0259l\u0259y\u0259 bir ne\u00e7\u0259 d\u0259f\u0259 toxunaraq onun \u00f6n\u0259mini qeyd edib. M\u0259s\u0259l\u0259n, d\u00f6vl\u0259t ba\u015f\u00e7\u0131s\u0131 bu il yanvar\u0131n 10-da yerli televiziya kanallar\u0131na m\u00fcsahib\u0259sind\u0259 \u201cLa\u00e7\u0131n\u201d s\u0259rh\u0259d-burax\u0131l\u0131\u015f m\u0259nt\u0259q\u0259sinin qurulmas\u0131n\u0131n \u0259h\u0259miyy\u0259ti bar\u0259d\u0259 d\u0259 dan\u0131\u015fm\u0131\u015fd\u0131.<\/p>\n<p>\u201c23 aprel hadis\u0259l\u0259ri \u00e7ox \u00f6n\u0259mli bir tarixdir. O vaxt v\u0259 ondan sonra m\u0259n demi\u015fdim ki, 23 aprel tarixind\u0259 bizim \u0259razi b\u00fct\u00f6vl\u00fcy\u00fcm\u00fcz tam b\u0259rpa edildi. B\u00fct\u00fcn s\u0259rh\u0259dl\u0259r\u0259 biz n\u0259zar\u0259t etm\u0259y\u0259 ba\u015flam\u0131\u015fd\u0131q v\u0259 bir daha g\u00f6st\u0259rdik ki, bu torpaqlar\u0131n sahibl\u0259ri bizik\u201d, &#8211; \u00f6lk\u0259 liderinin bu s\u00f6zl\u0259ri s\u00f6z\u00fcged\u0259n m\u0259s\u0259l\u0259nin \u0259h\u0259miyy\u0259tini bir daha g\u00f6st\u0259rir.<\/p>\n<p>Ba\u015fqa bir m\u0259s\u0259l\u0259 ondan ibar\u0259tdir ki, m\u0259hz \u201cLa\u00e7\u0131n\u201d s\u0259rh\u0259d-burax\u0131l\u0131\u015f m\u0259nt\u0259q\u0259sinin f\u0259aliyy\u0259ti n\u0259tic\u0259sind\u0259 b\u0259zi terror\u00e7ular\u0131n saxlan\u0131lmas\u0131 t\u0259min olundu. M\u0259s\u0259l\u0259n, Me\u015f\u0259li cinay\u0259tkar\u0131, Az\u0259rbaycana qar\u015f\u0131 vandall\u0131q aktlar\u0131 t\u00f6r\u0259tmi\u015f Vaqif Xa\u00e7atryan 2023-c\u00fc il iyulun 29-da Erm\u0259nistan \u0259razisin\u0259 ke\u00e7m\u0259k ist\u0259y\u0259rk\u0259n \u201cLa\u00e7\u0131n\u201d s\u0259rh\u0259d-burax\u0131l\u0131\u015f m\u0259nt\u0259q\u0259sind\u0259 saxlan\u0131laraq istintaqa t\u0259hvil verilib. Bu, bir daha onu dem\u0259y\u0259 \u0259sas verir ki, \u201cLa\u00e7\u0131n\u201d s\u0259rh\u0259d-burax\u0131l\u0131\u015f m\u0259nt\u0259q\u0259sinin qurulmas\u0131 Az\u0259rbaycan\u0131n \u00f6z t\u0259hl\u00fck\u0259sizliyini v\u0259 b\u00fct\u00f6vl\u00fckd\u0259 regionun t\u0259hl\u00fck\u0259sizliyini t\u0259min etm\u0259si \u00fc\u00e7\u00fcn son d\u0259r\u0259c\u0259 m\u00fch\u00fcm h\u0259ml\u0259 idi.<\/p>\n<p><img src=\"https:\/\/cdn.oxu.az\/uploads\/W1siZiIsIjIwMjQvMDQvMjMvMTMvNTkvMjIvOTU3YjRmNmQtZTdmZi00NGVjLWFjZjQtZmY1NjUzMzQ3MzlmLzFlMjg0MDJhLWJkNzUtMzc4YS05MzlhLWMyMTgwMDhjYWE3NS5qcGVnIl0sWyJwIiwiZW5jb2RlIiwianBnIiwiLXF1YWxpdHkgODAiXSxbInAiLCJ0aHVtYiIsIjU5MHg1OTBcdTAwM2UiXV0?sha=6604d2e54e8c59a0\" alt=\"\" \/><\/p>\n<p>Milli M\u0259clisin deputat\u0131 Az\u0259r Badamov s\u00f6z\u00fcged\u0259n m\u0259s\u0259l\u0259 haqq\u0131nda \u201cReport\u201da a\u00e7\u0131qlamas\u0131nda bildirib ki, \u201cLa\u00e7\u0131n\u201d s\u0259rh\u0259d-burax\u0131l\u0131\u015f m\u0259nt\u0259q\u0259si yarad\u0131lana q\u0259d\u0259r Erm\u0259nistan Az\u0259rbaycanla ikit\u0259r\u0259fli dan\u0131\u015f\u0131qlar masas\u0131nda oturmaqdan yay\u0131n\u0131rd\u0131:<\/p>\n<p>\u201cBu g\u00fcn Az\u0259rbaycan d\u00f6vl\u0259ti suveren \u0259razil\u0259rinin b\u00fct\u00f6vl\u00fcy\u00fcn\u00fc t\u0259min edib. Art\u0131q Erm\u0259nistanla beyn\u0259lxalq h\u00fcquq \u00e7\u0259r\u00e7iv\u0259sind\u0259 \u0259m\u0259kda\u015fl\u0131\u011f\u0131n qurulmas\u0131 v\u0259 m\u00fcnasib\u0259tl\u0259rin normalla\u015fd\u0131r\u0131lmas\u0131 istiqam\u0259tind\u0259 ikit\u0259r\u0259fli g\u00f6r\u00fc\u015fl\u0259r ke\u00e7irilir. Amma \u201cLa\u00e7\u0131n\u201d s\u0259rh\u0259d-burax\u0131l\u0131\u015f m\u0259nt\u0259q\u0259si yarad\u0131lana q\u0259d\u0259r Erm\u0259nistan Az\u0259rbaycanla ikit\u0259r\u0259fli dan\u0131\u015f\u0131qlar masas\u0131nda oturmaqdan yay\u0131n\u0131rd\u0131.<\/p>\n<p>\u00c7\u00fcnki bu add\u0131mla Erm\u0259nistan yeni reall\u0131qlarla bar\u0131\u015fmal\u0131 oldu. Ba\u015fa d\u00fc\u015fd\u00fc ki, daha \u00e7\u0131x\u0131\u015f yolu yoxdur. Nec\u0259 dey\u0259rl\u0259r, vurnuxmaq fayda verm\u0259y\u0259c\u0259k\u201d.<\/p>\n<p><img src=\"https:\/\/cdn.oxu.az\/uploads\/W1siZiIsIjIwMjQvMDQvMjMvMTMvNTkvMjIvOWYyMTNlZGQtOGZiZC00NTlmLWIyNjYtZTAxMDA3MDg3OGJjLzY4YTU2YjBlLTU3ZTktM2Q2ZS1iODhmLTlhMTA1NGRhNzZjNi5qcGciXSxbInAiLCJlbmNvZGUiLCJqcGciLCItcXVhbGl0eSA4MCJdLFsicCIsInRodW1iIiwiNTkweDU5MFx1MDAzZSJdXQ?sha=0a334106fc1d43a8\" alt=\"\" \/><\/p>\n<p>Mill\u0259t v\u0259kili bir il \u0259vv\u0259l ger\u00e7\u0259kl\u0259\u015f\u0259n m\u0259lum hadis\u0259nin h\u0259qiq\u0259t\u0259n, \u00e7ox m\u00fch\u00fcm \u0259h\u0259miyy\u0259t da\u015f\u0131d\u0131\u011f\u0131n\u0131 deyib:<\/p>\n<p>\u201cBel\u0259likl\u0259, dey\u0259 bil\u0259rik ki, bir il \u0259vv\u0259l s\u0259rh\u0259d-burax\u0131l\u0131\u015f m\u0259nt\u0259q\u0259sinin qurulmas\u0131 do\u011frudan da, m\u00fch\u00fcm tarixi \u0259h\u0259miyy\u0259t da\u015f\u0131y\u0131rd\u0131. Son g\u00fcnl\u0259r ba\u015f ver\u0259n b\u0259zi hadis\u0259l\u0259rd\u0259, o c\u00fcml\u0259d\u0259n, Rusiya s\u00fclhm\u0259raml\u0131 kontingentinin regiondan \u00e7\u0131xar\u0131lmas\u0131nda, Qazax\u0131n d\u00f6rd k\u0259ndinin Az\u0259rbaycana qaytar\u0131lmas\u0131nda, \u0130r\u0259vanla Bak\u0131 aras\u0131nda s\u00fclh sazi\u015finin he\u00e7 vaxt olmad\u0131\u011f\u0131 q\u0259d\u0259r yax\u0131n olmas\u0131nda \u201cLa\u00e7\u0131n\u201d s\u0259rh\u0259d-burax\u0131l\u0131\u015f m\u0259nt\u0259q\u0259si m\u00fch\u00fcm rol oynay\u0131b\u201d.<\/p>\n","protected":false},"excerpt":{"rendered":"<p>\u0130kinci Qaraba\u011f m\u00fcharib\u0259si n\u0259tic\u0259sind\u0259 Az\u0259rbaycan\u0131n \u00f6z \u0259razi b\u00fct\u00f6vl\u00fcy\u00fcn\u00fc b\u0259rpa etm\u0259si tarix\u0259 q\u0131z\u0131l h\u0259rfl\u0259rl\u0259 yaz\u0131lm\u0131\u015f misilsiz hadis\u0259 idi. Bu g\u00fcn C\u0259nubi Qafqazda c\u0259r\u0259yan ed\u0259n \u00e7ox m\u00fch\u00fcm prosesl\u0259rin, h\u0259m\u00e7inin r\u0259smi Bak\u0131n\u0131n beyn\u0259lxalq al\u0259md\u0259 \u00f6z s\u00f6z\u00fcn\u00fc art\u0131q q\u0259tiyy\u0259t v\u0259 \u0259minlikl\u0259 dem\u0259sinin k\u00f6k\u00fcnd\u0259 m\u0259hz h\u0259min 44 g\u00fcnl\u00fck d\u00f6y\u00fc\u015fl\u0259r v\u0259 onun tarixi n\u0259tic\u0259si dayan\u0131r. Qeyd etm\u0259k laz\u0131md\u0131r ki, \u0130kinci Qaraba\u011f m\u00fcharib\u0259sind\u0259n sonra da Az\u0259rbaycan u\u011furlu h\u0259rbi-diplomatik add\u0131mlar\u0131n\u0131 eyni tempd\u0259 davam etdirdi. H\u0259min add\u0131mlardan biri d\u0259 d\u00fcz bir il \u0259vv\u0259l &#8211; 2023-c\u00fc il aprelin 23-d\u0259 La\u00e7\u0131n-Xank\u0259ndi yolunun ba\u015flan\u011f\u0131c\u0131nda s\u0259rh\u0259d-burax\u0131l\u0131\u015f m\u0259nt\u0259q\u0259sinin qurulmas\u0131 oldu. Bu, kifay\u0259t q\u0259d\u0259r m\u00fch\u00fcm&hellip;<\/p>\n","protected":false},"author":2,"featured_media":714500,"comment_status":"closed","ping_status":"closed","sticky":false,"template":"","format":"standard","meta":{"om_disable_all_campaigns":false,"_monsterinsights_skip_tracking":false,"_monsterinsights_sitenote_active":false,"_monsterinsights_sitenote_note":"","_monsterinsights_sitenote_category":0},"categories":[19],"tags":[],"aioseo_notices":[],"gutentor_comment":0,"rttpg_featured_image_url":{"full":["https:\/\/arantv.az\/wp-content\/uploads\/2024\/04\/5a92f2ed-1efd-31ce-9703-a4db4efbd6be_850-1.jpg",620,413,false],"landscape":["https:\/\/arantv.az\/wp-content\/uploads\/2024\/04\/5a92f2ed-1efd-31ce-9703-a4db4efbd6be_850-1.jpg",620,413,false],"portraits":["https:\/\/arantv.az\/wp-content\/uploads\/2024\/04\/5a92f2ed-1efd-31ce-9703-a4db4efbd6be_850-1.jpg",620,413,false],"thumbnail":["https:\/\/arantv.az\/wp-content\/uploads\/2024\/04\/5a92f2ed-1efd-31ce-9703-a4db4efbd6be_850-1-500x280.jpg",500,280,true],"medium":["https:\/\/arantv.az\/wp-content\/uploads\/2024\/04\/5a92f2ed-1efd-31ce-9703-a4db4efbd6be_850-1-548x365.jpg",548,365,true],"large":["https:\/\/arantv.az\/wp-content\/uploads\/2024\/04\/5a92f2ed-1efd-31ce-9703-a4db4efbd6be_850-1.jpg",620,413,false],"1536x1536":["https:\/\/arantv.az\/wp-content\/uploads\/2024\/04\/5a92f2ed-1efd-31ce-9703-a4db4efbd6be_850-1.jpg",620,413,false],"2048x2048":["https:\/\/arantv.az\/wp-content\/uploads\/2024\/04\/5a92f2ed-1efd-31ce-9703-a4db4efbd6be_850-1.jpg",620,413,false],"post-thumbnail":["https:\/\/arantv.az\/wp-content\/uploads\/2024\/04\/5a92f2ed-1efd-31ce-9703-a4db4efbd6be_850-1-240x172.jpg",240,172,true],"advps-thumb-one":["https:\/\/arantv.az\/wp-content\/uploads\/2024\/04\/5a92f2ed-1efd-31ce-9703-a4db4efbd6be_850-1.jpg",620,413,false]},"rttpg_author":{"display_name":"V\u00fcsal Rafiqo\u011flu","author_link":"https:\/\/arantv.az\/?author=2"},"rttpg_comment":0,"rttpg_category":"<a href=\"https:\/\/arantv.az\/?cat=19\" rel=\"category\">G\u00fcnd\u0259m<\/a>","rttpg_excerpt":"\u0130kinci Qaraba\u011f m\u00fcharib\u0259si n\u0259tic\u0259sind\u0259 Az\u0259rbaycan\u0131n \u00f6z \u0259razi b\u00fct\u00f6vl\u00fcy\u00fcn\u00fc b\u0259rpa etm\u0259si tarix\u0259 q\u0131z\u0131l h\u0259rfl\u0259rl\u0259 yaz\u0131lm\u0131\u015f misilsiz hadis\u0259 idi. Bu g\u00fcn C\u0259nubi Qafqazda c\u0259r\u0259yan ed\u0259n \u00e7ox m\u00fch\u00fcm prosesl\u0259rin, h\u0259m\u00e7inin r\u0259smi Bak\u0131n\u0131n beyn\u0259lxalq al\u0259md\u0259 \u00f6z s\u00f6z\u00fcn\u00fc art\u0131q q\u0259tiyy\u0259t v\u0259 \u0259minlikl\u0259 dem\u0259sinin k\u00f6k\u00fcnd\u0259 m\u0259hz h\u0259min 44 g\u00fcnl\u00fck d\u00f6y\u00fc\u015fl\u0259r v\u0259 onun tarixi n\u0259tic\u0259si dayan\u0131r. Qeyd etm\u0259k laz\u0131md\u0131r ki, \u0130kinci Qaraba\u011f&hellip;","_links":{"self":[{"href":"https:\/\/arantv.az\/index.php?rest_route=\/wp\/v2\/posts\/714499"}],"collection":[{"href":"https:\/\/arantv.az\/index.php?rest_route=\/wp\/v2\/posts"}],"about":[{"href":"https:\/\/arantv.az\/index.php?rest_route=\/wp\/v2\/types\/post"}],"author":[{"embeddable":true,"href":"https:\/\/arantv.az\/index.php?rest_route=\/wp\/v2\/users\/2"}],"replies":[{"embeddable":true,"href":"https:\/\/arantv.az\/index.php?rest_route=%2Fwp%2Fv2%2Fcomments&post=714499"}],"version-history":[{"count":0,"href":"https:\/\/arantv.az\/index.php?rest_route=\/wp\/v2\/posts\/714499\/revisions"}],"wp:featuredmedia":[{"embeddable":true,"href":"https:\/\/arantv.az\/index.php?rest_route=\/wp\/v2\/media\/714500"}],"wp:attachment":[{"href":"https:\/\/arantv.az\/index.php?rest_route=%2Fwp%2Fv2%2Fmedia&parent=714499"}],"wp:term":[{"taxonomy":"category","embeddable":true,"href":"https:\/\/arantv.az\/index.php?rest_route=%2Fwp%2Fv2%2Fcategories&post=714499"},{"taxonomy":"post_tag","embeddable":true,"href":"https:\/\/arantv.az\/index.php?rest_route=%2Fwp%2Fv2%2Ftags&post=714499"}],"curies":[{"name":"wp","href":"https:\/\/api.w.org\/{rel}","templated":true}]}}