{"id":714502,"date":"2024-04-23T15:34:24","date_gmt":"2024-04-23T11:34:24","guid":{"rendered":"https:\/\/arantv.az\/?p=714502"},"modified":"2024-04-23T15:34:24","modified_gmt":"2024-04-23T11:34:24","slug":"prezident-cop29-uc-c%c9%99nubi-qafqaz-olk%c9%99si-arasinda-g%c9%99l%c9%99c%c9%99k-%c9%99m%c9%99kdasliq-ucun-yol-acacaq","status":"publish","type":"post","link":"https:\/\/arantv.az\/?p=714502","title":{"rendered":"Prezident: \u201cCOP29 \u00fc\u00e7 C\u0259nubi Qafqaz \u00f6lk\u0259si aras\u0131nda g\u0259l\u0259c\u0259k \u0259m\u0259kda\u015fl\u0131q \u00fc\u00e7\u00fcn yol a\u00e7acaq\u201d"},"content":{"rendered":"<p>\u201cCOP29 \u00fc\u00e7 C\u0259nubi Qafqaz \u00f6lk\u0259si aras\u0131nda \u0259n az\u0131 m\u0259sl\u0259h\u0259tl\u0259\u015fm\u0259l\u0259ri aparmaq \u00fc\u00e7\u00fcn f\u00fcrs\u0259t yaradacaq v\u0259 g\u0259l\u0259c\u0259k \u0259m\u0259kda\u015fl\u0131q \u00fc\u00e7\u00fcn yol a\u00e7acaq\u201d.<\/p>\n<p><a href=\"https:\/\/azertag.az\/xeber\/azerbaycan_prezidenti_cop29_uch_cenubi_qafqaz_olkesi_arasinda_gelecek_emekdasliq_uchun_yol_achacaq-2975107\" target=\"_blank\" rel=\"noopener\">AZ\u018fRTAC<\/a>\u00a0x\u0259b\u0259r verir ki, bu s\u00f6zl\u0259ri Prezident\u00a0<strong>\u0130lham \u018fliyev<\/strong>\u00a0aprelin 23-d\u0259 ADA Universitetind\u0259 t\u0259\u015fkil olunan \u201cCOP29 v\u0259 Az\u0259rbaycan \u00fc\u00e7\u00fcn Ya\u015f\u0131l Bax\u0131\u015f\u201d m\u00f6vzusunda beyn\u0259lxalq forumda \u00e7\u0131x\u0131\u015f\u0131nda deyib.<\/p>\n<p>\u201cHaz\u0131rda unikal \u015fans yaran\u0131b. Biz bundan m\u0259hrum olmu\u015fduq. SSR\u0130 s\u00fcqut etdiyi zaman s\u00fclh \u015f\u0259raitind\u0259 \u00f6z m\u00fcst\u0259qil h\u0259yat\u0131na ba\u015flam\u0131\u015f Baltikyan\u0131 d\u00f6vl\u0259tl\u0259rd\u0259n f\u0259rqli olaraq, bizim b\u00f6lg\u0259d\u0259 m\u00fcharib\u0259l\u0259r gedirdi. \u0130ndi h\u0259min s\u0259hif\u0259ni \u00e7evirm\u0259k \u015fans\u0131 yaran\u0131b. Biz bunu edirik. D\u00fc\u015f\u00fcn\u00fcr\u0259m ki, COP29 \u0259la f\u00fcrs\u0259tdir\u201d, &#8211; dey\u0259 Az\u0259rbaycan Prezidenti vur\u011fulay\u0131b.<\/p>\n","protected":false},"excerpt":{"rendered":"<p>\u201cCOP29 \u00fc\u00e7 C\u0259nubi Qafqaz \u00f6lk\u0259si aras\u0131nda \u0259n az\u0131 m\u0259sl\u0259h\u0259tl\u0259\u015fm\u0259l\u0259ri aparmaq \u00fc\u00e7\u00fcn f\u00fcrs\u0259t yaradacaq v\u0259 g\u0259l\u0259c\u0259k \u0259m\u0259kda\u015fl\u0131q \u00fc\u00e7\u00fcn yol a\u00e7acaq\u201d. AZ\u018fRTAC\u00a0x\u0259b\u0259r verir ki, bu s\u00f6zl\u0259ri Prezident\u00a0\u0130lham \u018fliyev\u00a0aprelin 23-d\u0259 ADA Universitetind\u0259 t\u0259\u015fkil olunan \u201cCOP29 v\u0259 Az\u0259rbaycan \u00fc\u00e7\u00fcn Ya\u015f\u0131l Bax\u0131\u015f\u201d m\u00f6vzusunda beyn\u0259lxalq forumda \u00e7\u0131x\u0131\u015f\u0131nda deyib. \u201cHaz\u0131rda unikal \u015fans yaran\u0131b. Biz bundan m\u0259hrum olmu\u015fduq. SSR\u0130 s\u00fcqut etdiyi zaman s\u00fclh \u015f\u0259raitind\u0259 \u00f6z m\u00fcst\u0259qil h\u0259yat\u0131na ba\u015flam\u0131\u015f Baltikyan\u0131 d\u00f6vl\u0259tl\u0259rd\u0259n f\u0259rqli olaraq, bizim b\u00f6lg\u0259d\u0259 m\u00fcharib\u0259l\u0259r gedirdi. \u0130ndi h\u0259min s\u0259hif\u0259ni \u00e7evirm\u0259k \u015fans\u0131 yaran\u0131b. Biz bunu edirik. D\u00fc\u015f\u00fcn\u00fcr\u0259m ki, COP29 \u0259la f\u00fcrs\u0259tdir\u201d, &#8211; dey\u0259 Az\u0259rbaycan Prezidenti vur\u011fulay\u0131b.<\/p>\n","protected":false},"author":2,"featured_media":714503,"comment_status":"closed","ping_status":"closed","sticky":false,"template":"","format":"standard","meta":{"om_disable_all_campaigns":false,"_monsterinsights_skip_tracking":false,"_monsterinsights_sitenote_active":false,"_monsterinsights_sitenote_note":"","_monsterinsights_sitenote_category":0},"categories":[4],"tags":[],"aioseo_notices":[],"gutentor_comment":0,"rttpg_featured_image_url":{"full":["https:\/\/arantv.az\/wp-content\/uploads\/2024\/04\/2.jpg",620,413,false],"landscape":["https:\/\/arantv.az\/wp-content\/uploads\/2024\/04\/2.jpg",620,413,false],"portraits":["https:\/\/arantv.az\/wp-content\/uploads\/2024\/04\/2.jpg",620,413,false],"thumbnail":["https:\/\/arantv.az\/wp-content\/uploads\/2024\/04\/2-500x280.jpg",500,280,true],"medium":["https:\/\/arantv.az\/wp-content\/uploads\/2024\/04\/2-548x365.jpg",548,365,true],"large":["https:\/\/arantv.az\/wp-content\/uploads\/2024\/04\/2.jpg",620,413,false],"1536x1536":["https:\/\/arantv.az\/wp-content\/uploads\/2024\/04\/2.jpg",620,413,false],"2048x2048":["https:\/\/arantv.az\/wp-content\/uploads\/2024\/04\/2.jpg",620,413,false],"post-thumbnail":["https:\/\/arantv.az\/wp-content\/uploads\/2024\/04\/2-240x172.jpg",240,172,true],"advps-thumb-one":["https:\/\/arantv.az\/wp-content\/uploads\/2024\/04\/2.jpg",620,413,false]},"rttpg_author":{"display_name":"V\u00fcsal Rafiqo\u011flu","author_link":"https:\/\/arantv.az\/?author=2"},"rttpg_comment":0,"rttpg_category":"<a href=\"https:\/\/arantv.az\/?cat=4\" rel=\"category\">Siyas\u0259t<\/a>","rttpg_excerpt":"\u201cCOP29 \u00fc\u00e7 C\u0259nubi Qafqaz \u00f6lk\u0259si aras\u0131nda \u0259n az\u0131 m\u0259sl\u0259h\u0259tl\u0259\u015fm\u0259l\u0259ri aparmaq \u00fc\u00e7\u00fcn f\u00fcrs\u0259t yaradacaq v\u0259 g\u0259l\u0259c\u0259k \u0259m\u0259kda\u015fl\u0131q \u00fc\u00e7\u00fcn yol a\u00e7acaq\u201d. AZ\u018fRTAC\u00a0x\u0259b\u0259r verir ki, bu s\u00f6zl\u0259ri Prezident\u00a0\u0130lham \u018fliyev\u00a0aprelin 23-d\u0259 ADA Universitetind\u0259 t\u0259\u015fkil olunan \u201cCOP29 v\u0259 Az\u0259rbaycan \u00fc\u00e7\u00fcn Ya\u015f\u0131l Bax\u0131\u015f\u201d m\u00f6vzusunda beyn\u0259lxalq forumda \u00e7\u0131x\u0131\u015f\u0131nda deyib. \u201cHaz\u0131rda unikal \u015fans yaran\u0131b. Biz bundan m\u0259hrum olmu\u015fduq. SSR\u0130 s\u00fcqut etdiyi zaman s\u00fclh&hellip;","_links":{"self":[{"href":"https:\/\/arantv.az\/index.php?rest_route=\/wp\/v2\/posts\/714502"}],"collection":[{"href":"https:\/\/arantv.az\/index.php?rest_route=\/wp\/v2\/posts"}],"about":[{"href":"https:\/\/arantv.az\/index.php?rest_route=\/wp\/v2\/types\/post"}],"author":[{"embeddable":true,"href":"https:\/\/arantv.az\/index.php?rest_route=\/wp\/v2\/users\/2"}],"replies":[{"embeddable":true,"href":"https:\/\/arantv.az\/index.php?rest_route=%2Fwp%2Fv2%2Fcomments&post=714502"}],"version-history":[{"count":0,"href":"https:\/\/arantv.az\/index.php?rest_route=\/wp\/v2\/posts\/714502\/revisions"}],"wp:featuredmedia":[{"embeddable":true,"href":"https:\/\/arantv.az\/index.php?rest_route=\/wp\/v2\/media\/714503"}],"wp:attachment":[{"href":"https:\/\/arantv.az\/index.php?rest_route=%2Fwp%2Fv2%2Fmedia&parent=714502"}],"wp:term":[{"taxonomy":"category","embeddable":true,"href":"https:\/\/arantv.az\/index.php?rest_route=%2Fwp%2Fv2%2Fcategories&post=714502"},{"taxonomy":"post_tag","embeddable":true,"href":"https:\/\/arantv.az\/index.php?rest_route=%2Fwp%2Fv2%2Ftags&post=714502"}],"curies":[{"name":"wp","href":"https:\/\/api.w.org\/{rel}","templated":true}]}}