{"id":714508,"date":"2024-04-23T15:35:32","date_gmt":"2024-04-23T11:35:32","guid":{"rendered":"https:\/\/arantv.az\/?p=714508"},"modified":"2024-04-23T15:35:32","modified_gmt":"2024-04-23T11:35:32","slug":"az%c9%99rbaycan-prezidenti-indi-bizim-sulh-sazisinin-nec%c9%99-olmasi-il%c9%99-bagli-umumi-anlayisimiz-var","status":"publish","type":"post","link":"https:\/\/arantv.az\/?p=714508","title":{"rendered":"Az\u0259rbaycan Prezidenti: \u201c\u0130ndi bizim s\u00fclh sazi\u015finin nec\u0259 olmas\u0131 il\u0259 ba\u011fl\u0131 \u00fcmumi anlay\u0131\u015f\u0131m\u0131z var\u201d"},"content":{"rendered":"<p>\u201cBiz m\u0259s\u0259l\u0259nin h\u0259llin\u0259 (s\u00fclh sazi\u015finin imzalanmas\u0131na \u2013 red.) he\u00e7 vaxt olmad\u0131\u011f\u0131 q\u0259d\u0259r yax\u0131n\u0131q. Biz i\u015f\u011fal zaman\u0131 buna he\u00e7 vaxt yax\u0131n olmam\u0131\u015f\u0131q. H\u0259min vaxt biz baza prinsipl\u0259ri \u00fcz\u0259rind\u0259 bel\u0259 raz\u0131l\u0131\u011fa g\u0259l\u0259 bilmirdik\u201d.<\/p>\n<p><a href=\"https:\/\/azertag.az\/xeber\/azerbaycan_prezidenti_indi_bizim_sulh_sazisinin_nece_olmasi_ile_bagli_umumi_anlayisimiz_var-2975100\" target=\"_blank\" rel=\"noopener\">AZ\u018fRTAC<\/a>\u00a0x\u0259b\u0259r verir ki, bu s\u00f6zl\u0259ri Az\u0259rbaycan Prezidenti\u00a0<strong>\u0130lham \u018fliyev<\/strong>\u00a0aprelin 23-d\u0259 ADA Universitetind\u0259 ke\u00e7iril\u0259n \u201cCOP29 v\u0259 Az\u0259rbaycan \u00fc\u00e7\u00fcn Ya\u015f\u0131l Bax\u0131\u015f\u201d m\u00f6vzusunda beyn\u0259lxalq forumda deyib.<\/p>\n<p>H\u0259min vaxt h\u0259tta \u201cMadrid prinsipl\u0259ri\u201d \u00fczr\u0259 raz\u0131l\u0131\u011fa g\u0259linm\u0259diyini xat\u0131rladan d\u00f6vl\u0259timizin ba\u015f\u00e7\u0131s\u0131 bildirib ki, o zaman s\u00fclh sazi\u015finin layih\u0259si bel\u0259 yox idi. \u0130ndi is\u0259 o, art\u0131q m\u00f6vcuddur.<\/p>\n<p>\u201c\u0130ndi bizim s\u00fclh sazi\u015finin nec\u0259 olmas\u0131 il\u0259 ba\u011fl\u0131 \u00fcmumi anlay\u0131\u015f\u0131m\u0131z var. Biz, sad\u0259c\u0259, t\u0259f\u0259rr\u00fcat\u0131 i\u015fl\u0259m\u0259liyik. Lakin, \u0259lb\u0259tt\u0259, h\u0259r iki t\u0259r\u0259f\u0259 vaxt laz\u0131md\u0131r\u201d, &#8211; dey\u0259 d\u00f6vl\u0259timizin ba\u015f\u00e7\u0131s\u0131 \u0259lav\u0259 edib.<\/p>\n","protected":false},"excerpt":{"rendered":"<p>\u201cBiz m\u0259s\u0259l\u0259nin h\u0259llin\u0259 (s\u00fclh sazi\u015finin imzalanmas\u0131na \u2013 red.) he\u00e7 vaxt olmad\u0131\u011f\u0131 q\u0259d\u0259r yax\u0131n\u0131q. Biz i\u015f\u011fal zaman\u0131 buna he\u00e7 vaxt yax\u0131n olmam\u0131\u015f\u0131q. H\u0259min vaxt biz baza prinsipl\u0259ri \u00fcz\u0259rind\u0259 bel\u0259 raz\u0131l\u0131\u011fa g\u0259l\u0259 bilmirdik\u201d. AZ\u018fRTAC\u00a0x\u0259b\u0259r verir ki, bu s\u00f6zl\u0259ri Az\u0259rbaycan Prezidenti\u00a0\u0130lham \u018fliyev\u00a0aprelin 23-d\u0259 ADA Universitetind\u0259 ke\u00e7iril\u0259n \u201cCOP29 v\u0259 Az\u0259rbaycan \u00fc\u00e7\u00fcn Ya\u015f\u0131l Bax\u0131\u015f\u201d m\u00f6vzusunda beyn\u0259lxalq forumda deyib. H\u0259min vaxt h\u0259tta \u201cMadrid prinsipl\u0259ri\u201d \u00fczr\u0259 raz\u0131l\u0131\u011fa g\u0259linm\u0259diyini xat\u0131rladan d\u00f6vl\u0259timizin ba\u015f\u00e7\u0131s\u0131 bildirib ki, o zaman s\u00fclh sazi\u015finin layih\u0259si bel\u0259 yox idi. \u0130ndi is\u0259 o, art\u0131q m\u00f6vcuddur. \u201c\u0130ndi bizim s\u00fclh sazi\u015finin nec\u0259 olmas\u0131 il\u0259 ba\u011fl\u0131 \u00fcmumi anlay\u0131\u015f\u0131m\u0131z var.&hellip;<\/p>\n","protected":false},"author":2,"featured_media":714509,"comment_status":"closed","ping_status":"closed","sticky":false,"template":"","format":"standard","meta":{"om_disable_all_campaigns":false,"_monsterinsights_skip_tracking":false,"_monsterinsights_sitenote_active":false,"_monsterinsights_sitenote_note":"","_monsterinsights_sitenote_category":0},"categories":[4],"tags":[],"aioseo_notices":[],"gutentor_comment":0,"rttpg_featured_image_url":{"full":["https:\/\/arantv.az\/wp-content\/uploads\/2024\/04\/17138684895472812648_1200x630.jpg",620,413,false],"landscape":["https:\/\/arantv.az\/wp-content\/uploads\/2024\/04\/17138684895472812648_1200x630.jpg",620,413,false],"portraits":["https:\/\/arantv.az\/wp-content\/uploads\/2024\/04\/17138684895472812648_1200x630.jpg",620,413,false],"thumbnail":["https:\/\/arantv.az\/wp-content\/uploads\/2024\/04\/17138684895472812648_1200x630-500x280.jpg",500,280,true],"medium":["https:\/\/arantv.az\/wp-content\/uploads\/2024\/04\/17138684895472812648_1200x630-548x365.jpg",548,365,true],"large":["https:\/\/arantv.az\/wp-content\/uploads\/2024\/04\/17138684895472812648_1200x630.jpg",620,413,false],"1536x1536":["https:\/\/arantv.az\/wp-content\/uploads\/2024\/04\/17138684895472812648_1200x630.jpg",620,413,false],"2048x2048":["https:\/\/arantv.az\/wp-content\/uploads\/2024\/04\/17138684895472812648_1200x630.jpg",620,413,false],"post-thumbnail":["https:\/\/arantv.az\/wp-content\/uploads\/2024\/04\/17138684895472812648_1200x630-240x172.jpg",240,172,true],"advps-thumb-one":["https:\/\/arantv.az\/wp-content\/uploads\/2024\/04\/17138684895472812648_1200x630.jpg",620,413,false]},"rttpg_author":{"display_name":"V\u00fcsal Rafiqo\u011flu","author_link":"https:\/\/arantv.az\/?author=2"},"rttpg_comment":0,"rttpg_category":"<a href=\"https:\/\/arantv.az\/?cat=4\" rel=\"category\">Siyas\u0259t<\/a>","rttpg_excerpt":"\u201cBiz m\u0259s\u0259l\u0259nin h\u0259llin\u0259 (s\u00fclh sazi\u015finin imzalanmas\u0131na \u2013 red.) he\u00e7 vaxt olmad\u0131\u011f\u0131 q\u0259d\u0259r yax\u0131n\u0131q. Biz i\u015f\u011fal zaman\u0131 buna he\u00e7 vaxt yax\u0131n olmam\u0131\u015f\u0131q. H\u0259min vaxt biz baza prinsipl\u0259ri \u00fcz\u0259rind\u0259 bel\u0259 raz\u0131l\u0131\u011fa g\u0259l\u0259 bilmirdik\u201d. AZ\u018fRTAC\u00a0x\u0259b\u0259r verir ki, bu s\u00f6zl\u0259ri Az\u0259rbaycan Prezidenti\u00a0\u0130lham \u018fliyev\u00a0aprelin 23-d\u0259 ADA Universitetind\u0259 ke\u00e7iril\u0259n \u201cCOP29 v\u0259 Az\u0259rbaycan \u00fc\u00e7\u00fcn Ya\u015f\u0131l Bax\u0131\u015f\u201d m\u00f6vzusunda beyn\u0259lxalq forumda deyib. H\u0259min vaxt&hellip;","_links":{"self":[{"href":"https:\/\/arantv.az\/index.php?rest_route=\/wp\/v2\/posts\/714508"}],"collection":[{"href":"https:\/\/arantv.az\/index.php?rest_route=\/wp\/v2\/posts"}],"about":[{"href":"https:\/\/arantv.az\/index.php?rest_route=\/wp\/v2\/types\/post"}],"author":[{"embeddable":true,"href":"https:\/\/arantv.az\/index.php?rest_route=\/wp\/v2\/users\/2"}],"replies":[{"embeddable":true,"href":"https:\/\/arantv.az\/index.php?rest_route=%2Fwp%2Fv2%2Fcomments&post=714508"}],"version-history":[{"count":0,"href":"https:\/\/arantv.az\/index.php?rest_route=\/wp\/v2\/posts\/714508\/revisions"}],"wp:featuredmedia":[{"embeddable":true,"href":"https:\/\/arantv.az\/index.php?rest_route=\/wp\/v2\/media\/714509"}],"wp:attachment":[{"href":"https:\/\/arantv.az\/index.php?rest_route=%2Fwp%2Fv2%2Fmedia&parent=714508"}],"wp:term":[{"taxonomy":"category","embeddable":true,"href":"https:\/\/arantv.az\/index.php?rest_route=%2Fwp%2Fv2%2Fcategories&post=714508"},{"taxonomy":"post_tag","embeddable":true,"href":"https:\/\/arantv.az\/index.php?rest_route=%2Fwp%2Fv2%2Ftags&post=714508"}],"curies":[{"name":"wp","href":"https:\/\/api.w.org\/{rel}","templated":true}]}}