{"id":714514,"date":"2024-04-23T15:36:35","date_gmt":"2024-04-23T11:36:35","guid":{"rendered":"https:\/\/arantv.az\/?p=714514"},"modified":"2024-04-23T15:36:35","modified_gmt":"2024-04-23T11:36:35","slug":"prezident-xarici-borcumuz-umumi-daxili-m%c9%99hsulumuzun-8-faizind%c9%99n-d%c9%99-azdir","status":"publish","type":"post","link":"https:\/\/arantv.az\/?p=714514","title":{"rendered":"Prezident: \u201cXarici borcumuz \u00fcmumi daxili m\u0259hsulumuzun 8 faizind\u0259n d\u0259 azd\u0131r\u201d"},"content":{"rendered":"<p>\u201cAz\u0259rbaycan iqtisadiyyat\u0131 \u00f6z\u00fcn\u00fc t\u0259min ed\u0259n iqtisadiyyatd\u0131r v\u0259 h\u0259tta b\u00f6hran v\u0259ziyy\u0259tind\u0259 d\u0259 sabit art\u0131m g\u00f6st\u0259rdi\u201d.<\/p>\n<p><a href=\"https:\/\/azertag.az\/xeber\/prezident_azerbaycan_iqtisadiyyati_ozunu_temin_eden_iqtisadiyyatdir_ve_hetta_bohran_veziyyetinde_de_sabit_artim_gosterdi-2975081\" target=\"_blank\" rel=\"noopener\">AZ\u018fRTAC<\/a>\u00a0x\u0259b\u0259r verir ki, bu s\u00f6zl\u0259ri Prezident\u00a0<strong>\u0130lham \u018fliyev<\/strong>\u00a0aprelin 23-d\u0259 ADA Universitetind\u0259 t\u0259\u015fkil olunan \u201cCOP29 v\u0259 Az\u0259rbaycan \u00fc\u00e7\u00fcn Ya\u015f\u0131l Bax\u0131\u015f\u201d m\u00f6vzusunda beyn\u0259lxalq forumda \u00e7\u0131x\u0131\u015f\u0131nda deyib.<\/p>\n<p>\u201cBizim xarici borcumuz \u00e7ox a\u015fa\u011f\u0131d\u0131r, h\u0259tta haz\u0131rda \u00fcmumi daxili m\u0259hsulumuzun 8 faizind\u0259n d\u0259 azd\u0131r\u201d, &#8211; dey\u0259 d\u00f6vl\u0259timizin ba\u015f\u00e7\u0131s\u0131 vur\u011fulay\u0131b.<\/p>\n","protected":false},"excerpt":{"rendered":"<p>\u201cAz\u0259rbaycan iqtisadiyyat\u0131 \u00f6z\u00fcn\u00fc t\u0259min ed\u0259n iqtisadiyyatd\u0131r v\u0259 h\u0259tta b\u00f6hran v\u0259ziyy\u0259tind\u0259 d\u0259 sabit art\u0131m g\u00f6st\u0259rdi\u201d. AZ\u018fRTAC\u00a0x\u0259b\u0259r verir ki, bu s\u00f6zl\u0259ri Prezident\u00a0\u0130lham \u018fliyev\u00a0aprelin 23-d\u0259 ADA Universitetind\u0259 t\u0259\u015fkil olunan \u201cCOP29 v\u0259 Az\u0259rbaycan \u00fc\u00e7\u00fcn Ya\u015f\u0131l Bax\u0131\u015f\u201d m\u00f6vzusunda beyn\u0259lxalq forumda \u00e7\u0131x\u0131\u015f\u0131nda deyib. \u201cBizim xarici borcumuz \u00e7ox a\u015fa\u011f\u0131d\u0131r, h\u0259tta haz\u0131rda \u00fcmumi daxili m\u0259hsulumuzun 8 faizind\u0259n d\u0259 azd\u0131r\u201d, &#8211; dey\u0259 d\u00f6vl\u0259timizin ba\u015f\u00e7\u0131s\u0131 vur\u011fulay\u0131b.<\/p>\n","protected":false},"author":2,"featured_media":714515,"comment_status":"closed","ping_status":"closed","sticky":false,"template":"","format":"standard","meta":{"om_disable_all_campaigns":false,"_monsterinsights_skip_tracking":false,"_monsterinsights_sitenote_active":false,"_monsterinsights_sitenote_note":"","_monsterinsights_sitenote_category":0},"categories":[4],"tags":[],"aioseo_notices":[],"gutentor_comment":0,"rttpg_featured_image_url":{"full":["https:\/\/arantv.az\/wp-content\/uploads\/2024\/04\/17138684893223616926_1200x630.jpg",620,413,false],"landscape":["https:\/\/arantv.az\/wp-content\/uploads\/2024\/04\/17138684893223616926_1200x630.jpg",620,413,false],"portraits":["https:\/\/arantv.az\/wp-content\/uploads\/2024\/04\/17138684893223616926_1200x630.jpg",620,413,false],"thumbnail":["https:\/\/arantv.az\/wp-content\/uploads\/2024\/04\/17138684893223616926_1200x630-500x280.jpg",500,280,true],"medium":["https:\/\/arantv.az\/wp-content\/uploads\/2024\/04\/17138684893223616926_1200x630-548x365.jpg",548,365,true],"large":["https:\/\/arantv.az\/wp-content\/uploads\/2024\/04\/17138684893223616926_1200x630.jpg",620,413,false],"1536x1536":["https:\/\/arantv.az\/wp-content\/uploads\/2024\/04\/17138684893223616926_1200x630.jpg",620,413,false],"2048x2048":["https:\/\/arantv.az\/wp-content\/uploads\/2024\/04\/17138684893223616926_1200x630.jpg",620,413,false],"post-thumbnail":["https:\/\/arantv.az\/wp-content\/uploads\/2024\/04\/17138684893223616926_1200x630-240x172.jpg",240,172,true],"advps-thumb-one":["https:\/\/arantv.az\/wp-content\/uploads\/2024\/04\/17138684893223616926_1200x630.jpg",620,413,false]},"rttpg_author":{"display_name":"V\u00fcsal Rafiqo\u011flu","author_link":"https:\/\/arantv.az\/?author=2"},"rttpg_comment":0,"rttpg_category":"<a href=\"https:\/\/arantv.az\/?cat=4\" rel=\"category\">Siyas\u0259t<\/a>","rttpg_excerpt":"\u201cAz\u0259rbaycan iqtisadiyyat\u0131 \u00f6z\u00fcn\u00fc t\u0259min ed\u0259n iqtisadiyyatd\u0131r v\u0259 h\u0259tta b\u00f6hran v\u0259ziyy\u0259tind\u0259 d\u0259 sabit art\u0131m g\u00f6st\u0259rdi\u201d. AZ\u018fRTAC\u00a0x\u0259b\u0259r verir ki, bu s\u00f6zl\u0259ri Prezident\u00a0\u0130lham \u018fliyev\u00a0aprelin 23-d\u0259 ADA Universitetind\u0259 t\u0259\u015fkil olunan \u201cCOP29 v\u0259 Az\u0259rbaycan \u00fc\u00e7\u00fcn Ya\u015f\u0131l Bax\u0131\u015f\u201d m\u00f6vzusunda beyn\u0259lxalq forumda \u00e7\u0131x\u0131\u015f\u0131nda deyib. \u201cBizim xarici borcumuz \u00e7ox a\u015fa\u011f\u0131d\u0131r, h\u0259tta haz\u0131rda \u00fcmumi daxili m\u0259hsulumuzun 8 faizind\u0259n d\u0259 azd\u0131r\u201d, &#8211; dey\u0259 d\u00f6vl\u0259timizin ba\u015f\u00e7\u0131s\u0131&hellip;","_links":{"self":[{"href":"https:\/\/arantv.az\/index.php?rest_route=\/wp\/v2\/posts\/714514"}],"collection":[{"href":"https:\/\/arantv.az\/index.php?rest_route=\/wp\/v2\/posts"}],"about":[{"href":"https:\/\/arantv.az\/index.php?rest_route=\/wp\/v2\/types\/post"}],"author":[{"embeddable":true,"href":"https:\/\/arantv.az\/index.php?rest_route=\/wp\/v2\/users\/2"}],"replies":[{"embeddable":true,"href":"https:\/\/arantv.az\/index.php?rest_route=%2Fwp%2Fv2%2Fcomments&post=714514"}],"version-history":[{"count":0,"href":"https:\/\/arantv.az\/index.php?rest_route=\/wp\/v2\/posts\/714514\/revisions"}],"wp:featuredmedia":[{"embeddable":true,"href":"https:\/\/arantv.az\/index.php?rest_route=\/wp\/v2\/media\/714515"}],"wp:attachment":[{"href":"https:\/\/arantv.az\/index.php?rest_route=%2Fwp%2Fv2%2Fmedia&parent=714514"}],"wp:term":[{"taxonomy":"category","embeddable":true,"href":"https:\/\/arantv.az\/index.php?rest_route=%2Fwp%2Fv2%2Fcategories&post=714514"},{"taxonomy":"post_tag","embeddable":true,"href":"https:\/\/arantv.az\/index.php?rest_route=%2Fwp%2Fv2%2Ftags&post=714514"}],"curies":[{"name":"wp","href":"https:\/\/api.w.org\/{rel}","templated":true}]}}