{"id":714517,"date":"2024-04-23T15:37:06","date_gmt":"2024-04-23T11:37:06","guid":{"rendered":"https:\/\/arantv.az\/?p=714517"},"modified":"2024-04-23T15:37:06","modified_gmt":"2024-04-23T11:37:06","slug":"prezident-iqlim-d%c9%99yisiklikl%c9%99ri-m%c9%99s%c9%99l%c9%99l%c9%99rinin-h%c9%99lli-baximindan-cop29-un-ugurla-kecm%c9%99sini-ist%c9%99yirik","status":"publish","type":"post","link":"https:\/\/arantv.az\/?p=714517","title":{"rendered":"Prezident: \u201c\u0130qlim d\u0259yi\u015fiklikl\u0259ri m\u0259s\u0259l\u0259l\u0259rinin h\u0259lli bax\u0131m\u0131ndan COP29-un u\u011furla ke\u00e7m\u0259sini ist\u0259yirik\u201d"},"content":{"rendered":"<p>\u201c\u0130qlim d\u0259yi\u015fiklikl\u0259ri m\u0259s\u0259l\u0259l\u0259rinin h\u0259lli bax\u0131m\u0131ndan biz h\u0259qiq\u0259t\u0259n ist\u0259rdik ki, COP29 u\u011furla ke\u00e7sin. Eyni zamanda, bu, bizim fikirl\u0259rimizi s\u00f6yl\u0259m\u0259k \u00fc\u00e7\u00fcn f\u00fcrs\u0259t olacaq\u201d.<\/p>\n<p><a href=\"https:\/\/azertag.az\/xeber\/prezident_ilham_eliyev_iqlim_deyisiklikleri_meselelerinin_helli_baximindan_cop29_un_ugurla_kechmesini_isteyirik-2975074\" target=\"_blank\" rel=\"noopener\">AZ\u018fRTAC<\/a>\u00a0x\u0259b\u0259r verir ki, bu bar\u0259d\u0259 Az\u0259rbaycan Prezidenti\u00a0<strong>\u0130lham \u018fliyev<\/strong>\u00a0aprelin 23-d\u0259 ADA Universitetind\u0259 ke\u00e7iril\u0259n \u201cCOP29 v\u0259 Az\u0259rbaycan \u00fc\u00e7\u00fcn Ya\u015f\u0131l Bax\u0131\u015f\u201d m\u00f6vzusunda beyn\u0259lxalq forumda beyn\u0259lxalq ekspert, AB\u015e-nin Az\u0259rbaycanda sabiq s\u0259firi Metyu Brayzan\u0131n sual\u0131na cavab\u0131nda bildirib.<\/p>\n<p>D\u00f6vl\u0259timizin ba\u015f\u00e7\u0131s\u0131 deyib: \u201cSiz tam haql\u0131s\u0131n\u0131z ki, bizim d\u00fcnyaya s\u00f6yl\u0259y\u0259c\u0259yimiz m\u0259s\u0259l\u0259l\u0259r \u00e7oxdur. H\u0259qiq\u0259ti s\u00f6yl\u0259m\u0259k imkan\u0131m\u0131z var. Hesab edir\u0259m, ev sahibi \u00f6lk\u0259 olma\u011f\u0131n \u00fcst\u00fcnl\u00fckl\u0259rind\u0259n biri ondan ibar\u0259tdir ki, biz on minl\u0259rl\u0259 insan\u0131 q\u0259bul ed\u0259c\u0259yik. Onlar\u0131n \u0259ks\u0259riyy\u0259ti \u00f6lk\u0259miz\u0259 ilk d\u0259f\u0259 s\u0259f\u0259r ed\u0259c\u0259kl\u0259r\u201d.<\/p>\n","protected":false},"excerpt":{"rendered":"<p>\u201c\u0130qlim d\u0259yi\u015fiklikl\u0259ri m\u0259s\u0259l\u0259l\u0259rinin h\u0259lli bax\u0131m\u0131ndan biz h\u0259qiq\u0259t\u0259n ist\u0259rdik ki, COP29 u\u011furla ke\u00e7sin. Eyni zamanda, bu, bizim fikirl\u0259rimizi s\u00f6yl\u0259m\u0259k \u00fc\u00e7\u00fcn f\u00fcrs\u0259t olacaq\u201d. AZ\u018fRTAC\u00a0x\u0259b\u0259r verir ki, bu bar\u0259d\u0259 Az\u0259rbaycan Prezidenti\u00a0\u0130lham \u018fliyev\u00a0aprelin 23-d\u0259 ADA Universitetind\u0259 ke\u00e7iril\u0259n \u201cCOP29 v\u0259 Az\u0259rbaycan \u00fc\u00e7\u00fcn Ya\u015f\u0131l Bax\u0131\u015f\u201d m\u00f6vzusunda beyn\u0259lxalq forumda beyn\u0259lxalq ekspert, AB\u015e-nin Az\u0259rbaycanda sabiq s\u0259firi Metyu Brayzan\u0131n sual\u0131na cavab\u0131nda bildirib. D\u00f6vl\u0259timizin ba\u015f\u00e7\u0131s\u0131 deyib: \u201cSiz tam haql\u0131s\u0131n\u0131z ki, bizim d\u00fcnyaya s\u00f6yl\u0259y\u0259c\u0259yimiz m\u0259s\u0259l\u0259l\u0259r \u00e7oxdur. H\u0259qiq\u0259ti s\u00f6yl\u0259m\u0259k imkan\u0131m\u0131z var. Hesab edir\u0259m, ev sahibi \u00f6lk\u0259 olma\u011f\u0131n \u00fcst\u00fcnl\u00fckl\u0259rind\u0259n biri ondan ibar\u0259tdir ki, biz on minl\u0259rl\u0259 insan\u0131 q\u0259bul ed\u0259c\u0259yik. Onlar\u0131n \u0259ks\u0259riyy\u0259ti \u00f6lk\u0259miz\u0259 ilk&hellip;<\/p>\n","protected":false},"author":2,"featured_media":714518,"comment_status":"closed","ping_status":"closed","sticky":false,"template":"","format":"standard","meta":{"om_disable_all_campaigns":false,"_monsterinsights_skip_tracking":false,"_monsterinsights_sitenote_active":false,"_monsterinsights_sitenote_note":"","_monsterinsights_sitenote_category":0},"categories":[4],"tags":[],"aioseo_notices":[],"gutentor_comment":0,"rttpg_featured_image_url":{"full":["https:\/\/arantv.az\/wp-content\/uploads\/2024\/04\/17138684893131726464_1200x630.jpg",620,413,false],"landscape":["https:\/\/arantv.az\/wp-content\/uploads\/2024\/04\/17138684893131726464_1200x630.jpg",620,413,false],"portraits":["https:\/\/arantv.az\/wp-content\/uploads\/2024\/04\/17138684893131726464_1200x630.jpg",620,413,false],"thumbnail":["https:\/\/arantv.az\/wp-content\/uploads\/2024\/04\/17138684893131726464_1200x630-500x280.jpg",500,280,true],"medium":["https:\/\/arantv.az\/wp-content\/uploads\/2024\/04\/17138684893131726464_1200x630-548x365.jpg",548,365,true],"large":["https:\/\/arantv.az\/wp-content\/uploads\/2024\/04\/17138684893131726464_1200x630.jpg",620,413,false],"1536x1536":["https:\/\/arantv.az\/wp-content\/uploads\/2024\/04\/17138684893131726464_1200x630.jpg",620,413,false],"2048x2048":["https:\/\/arantv.az\/wp-content\/uploads\/2024\/04\/17138684893131726464_1200x630.jpg",620,413,false],"post-thumbnail":["https:\/\/arantv.az\/wp-content\/uploads\/2024\/04\/17138684893131726464_1200x630-240x172.jpg",240,172,true],"advps-thumb-one":["https:\/\/arantv.az\/wp-content\/uploads\/2024\/04\/17138684893131726464_1200x630.jpg",620,413,false]},"rttpg_author":{"display_name":"V\u00fcsal Rafiqo\u011flu","author_link":"https:\/\/arantv.az\/?author=2"},"rttpg_comment":0,"rttpg_category":"<a href=\"https:\/\/arantv.az\/?cat=4\" rel=\"category\">Siyas\u0259t<\/a>","rttpg_excerpt":"\u201c\u0130qlim d\u0259yi\u015fiklikl\u0259ri m\u0259s\u0259l\u0259l\u0259rinin h\u0259lli bax\u0131m\u0131ndan biz h\u0259qiq\u0259t\u0259n ist\u0259rdik ki, COP29 u\u011furla ke\u00e7sin. Eyni zamanda, bu, bizim fikirl\u0259rimizi s\u00f6yl\u0259m\u0259k \u00fc\u00e7\u00fcn f\u00fcrs\u0259t olacaq\u201d. AZ\u018fRTAC\u00a0x\u0259b\u0259r verir ki, bu bar\u0259d\u0259 Az\u0259rbaycan Prezidenti\u00a0\u0130lham \u018fliyev\u00a0aprelin 23-d\u0259 ADA Universitetind\u0259 ke\u00e7iril\u0259n \u201cCOP29 v\u0259 Az\u0259rbaycan \u00fc\u00e7\u00fcn Ya\u015f\u0131l Bax\u0131\u015f\u201d m\u00f6vzusunda beyn\u0259lxalq forumda beyn\u0259lxalq ekspert, AB\u015e-nin Az\u0259rbaycanda sabiq s\u0259firi Metyu Brayzan\u0131n sual\u0131na cavab\u0131nda bildirib. D\u00f6vl\u0259timizin ba\u015f\u00e7\u0131s\u0131&hellip;","_links":{"self":[{"href":"https:\/\/arantv.az\/index.php?rest_route=\/wp\/v2\/posts\/714517"}],"collection":[{"href":"https:\/\/arantv.az\/index.php?rest_route=\/wp\/v2\/posts"}],"about":[{"href":"https:\/\/arantv.az\/index.php?rest_route=\/wp\/v2\/types\/post"}],"author":[{"embeddable":true,"href":"https:\/\/arantv.az\/index.php?rest_route=\/wp\/v2\/users\/2"}],"replies":[{"embeddable":true,"href":"https:\/\/arantv.az\/index.php?rest_route=%2Fwp%2Fv2%2Fcomments&post=714517"}],"version-history":[{"count":0,"href":"https:\/\/arantv.az\/index.php?rest_route=\/wp\/v2\/posts\/714517\/revisions"}],"wp:featuredmedia":[{"embeddable":true,"href":"https:\/\/arantv.az\/index.php?rest_route=\/wp\/v2\/media\/714518"}],"wp:attachment":[{"href":"https:\/\/arantv.az\/index.php?rest_route=%2Fwp%2Fv2%2Fmedia&parent=714517"}],"wp:term":[{"taxonomy":"category","embeddable":true,"href":"https:\/\/arantv.az\/index.php?rest_route=%2Fwp%2Fv2%2Fcategories&post=714517"},{"taxonomy":"post_tag","embeddable":true,"href":"https:\/\/arantv.az\/index.php?rest_route=%2Fwp%2Fv2%2Ftags&post=714517"}],"curies":[{"name":"wp","href":"https:\/\/api.w.org\/{rel}","templated":true}]}}