{"id":714520,"date":"2024-04-23T15:37:50","date_gmt":"2024-04-23T11:37:50","guid":{"rendered":"https:\/\/arantv.az\/?p=714520"},"modified":"2024-04-23T15:37:50","modified_gmt":"2024-04-23T11:37:50","slug":"hikm%c9%99t-haciyev-az%c9%99rbaycan-t%c9%99r%c9%99fi-ilham-%c9%99liyevin-rusiyaya-s%c9%99f%c9%99rinin-n%c9%99tic%c9%99l%c9%99rini-cox-musb%c9%99t-qiym%c9%99tl%c9%99ndirir","status":"publish","type":"post","link":"https:\/\/arantv.az\/?p=714520","title":{"rendered":"Hikm\u0259t Hac\u0131yev: \u201cAz\u0259rbaycan t\u0259r\u0259fi \u0130lham \u018fliyevin Rusiyaya s\u0259f\u0259rinin n\u0259tic\u0259l\u0259rini \u00e7ox m\u00fcsb\u0259t qiym\u0259tl\u0259ndirir\u201d"},"content":{"rendered":"<p>Az\u0259rbaycan Prezidenti\u00a0<strong>\u0130lham \u018fliyev<\/strong>\u00a0aprelin 22-d\u0259 Rusiyada i\u015fg\u00fczar s\u0259f\u0259rd\u0259 olub.<\/p>\n<p>Az\u0259rbaycan Prezidentinin k\u00f6m\u0259k\u00e7isi &#8211; Az\u0259rbaycan Prezidentinin Administrasiyas\u0131n\u0131n Xarici siyas\u0259t m\u0259s\u0259l\u0259l\u0259ri \u015f\u00f6b\u0259sinin m\u00fcdiri Hikm\u0259t Hac\u0131yev s\u0259f\u0259rin n\u0259tic\u0259l\u0259rinin qiym\u0259tl\u0259ndirilm\u0259si il\u0259 ba\u011fl\u0131\u00a0APA-n\u0131n sual\u0131n\u0131 cavabland\u0131r\u0131b.<\/p>\n<p><strong>&#8211; Az\u0259rbaycan Prezidenti \u0130lham \u018fliyevin Rusiya Federasiyas\u0131na i\u015fg\u00fczar s\u0259f\u0259ri oldu. S\u0259f\u0259rin n\u0259tic\u0259l\u0259rini nec\u0259 qiym\u0259tl\u0259ndirirsiniz?<\/strong><\/p>\n<p>&#8211; Az\u0259rbaycan t\u0259r\u0259fi bu s\u0259f\u0259rin n\u0259tic\u0259l\u0259rini \u00e7ox m\u00fcsb\u0259t qiym\u0259tl\u0259ndirir. Qeyd edim ki, s\u0259f\u0259r Az\u0259rbaycanla Rusiya aras\u0131nda strateji t\u0259r\u0259fda\u015fl\u0131q v\u0259 m\u00fctt\u0259fiqlik m\u00fcnasib\u0259tl\u0259rinin ruhunda ke\u00e7di. S\u0259f\u0259r \u00e7\u0259r\u00e7iv\u0259sind\u0259 d\u00f6vl\u0259t ba\u015f\u00e7\u0131lar\u0131 ikit\u0259r\u0259fli g\u00fcnd\u0259liy\u0259 aid olan m\u0259s\u0259l\u0259l\u0259ri geni\u015f m\u00fczakir\u0259 etdil\u0259r. Bura Az\u0259rbaycanla Rusiya aras\u0131nda siyasi, iqtisadi-ticari\u00a0\u0259laq\u0259l\u0259ri, qar\u015f\u0131l\u0131ql\u0131 s\u0259rmay\u0259l\u0259rin qoyulu\u015fu, humanitar v\u0259 dig\u0259r m\u0259s\u0259l\u0259l\u0259r aiddir. Ticar\u0259t d\u00f6vriyy\u0259sinin artmas\u0131 m\u00fcsb\u0259t m\u0259qam kimi x\u00fcsusi vur\u011fuland\u0131. Dem\u0259k olar ki, Az\u0259rbaycan-Rusiya \u0259laq\u0259l\u0259rinin h\u0259r bir istiqam\u0259ti \u00fczr\u0259 m\u00fcsb\u0259t dinamika oldu\u011fu m\u0259mnuniyy\u0259tl\u0259 qeyd edilib.<\/p>\n<p>G\u00f6r\u00fc\u015f zaman\u0131 \u201c\u015eimal-C\u0259nub\u201d beyn\u0259lxalq n\u0259qliyyat d\u0259hlizi m\u00fczakir\u0259 edildi v\u0259 bu layih\u0259nin icras\u0131 istiqam\u0259tind\u0259 laz\u0131mi add\u0131mlar\u0131n at\u0131lmas\u0131 \u00fc\u00e7\u00fcn d\u00f6vl\u0259t ba\u015f\u00e7\u0131lar\u0131 t\u0259r\u0259find\u0259n aidiyy\u0259ti h\u00f6kum\u0259t n\u00fcmay\u0259nd\u0259l\u0259rin\u0259 tap\u015f\u0131r\u0131qlar verildi. Prezident \u0130lham \u018fliyev qeyd etdi ki, Az\u0259rbaycanla Rusiyan\u0131 birl\u0259\u015fdir\u0259n d\u0259miryolu x\u0259tti var, ancaq g\u00f6zl\u0259nil\u0259n 15 milyon ton y\u00fck h\u0259cminin da\u015f\u0131nmas\u0131 \u00fc\u00e7\u00fcn m\u00f6vcud infrastruktur m\u00fcvafiq qaydada geni\u015fl\u0259ndirilm\u0259lidir.<\/p>\n<p>H\u0259m\u00e7inin, Az\u0259rbaycanla Erm\u0259nistan aras\u0131nda s\u00fclh m\u00fcqavil\u0259si il\u0259 ba\u011fl\u0131 dan\u0131\u015f\u0131qlar da m\u00fczakir\u0259 edildi. Prezident \u0130lham \u018fliyev Rusiyan\u0131n bu sah\u0259d\u0259 rolunun v\u0259 s\u0259yl\u0259rinin y\u00fcks\u0259k qiym\u0259tl\u0259ndirildiyini bildirdi.<\/p>\n<p>Prezident \u0130lham \u018fliyevin v\u0259 Prezident Vladimir Putinin Baykal-Amur Magistral\u0131n\u0131n (BAM) 50 illik yubileyi m\u00fcnasib\u0259til\u0259 d\u0259mir yolu sah\u0259sinin veteranlar\u0131 v\u0259 i\u015f\u00e7il\u0259ri il\u0259 birg\u0259 g\u00f6r\u00fc\u015f\u00fc x\u00fcsusi \u0259h\u0259miyy\u0259t da\u015f\u0131yan t\u0259dbir oldu. S\u0259mimi \u015f\u0259raitd\u0259 ke\u00e7iril\u0259n g\u00f6r\u00fc\u015fd\u0259 SSR\u0130 r\u0259hb\u0259rliyind\u0259 \u00e7al\u0131\u015fark\u0259n Az\u0259rbaycan xalq\u0131n\u0131n \u00fcmummilli lideri Heyd\u0259r \u018fliyevin bu n\u0259h\u0259ng layih\u0259nin h\u0259yata ke\u00e7irilm\u0259sind\u0259 rolu v\u0259 verdiyi m\u00fch\u00fcm t\u00f6hf\u0259l\u0259r x\u00fcsusi qeyd edildi. Bildirildi ki, haz\u0131rda Rusiya v\u0259 qlobal iqtisadiyyat \u00fc\u00e7\u00fcn m\u00fch\u00fcm \u0259h\u0259miyy\u0259t k\u0259sb ed\u0259n BAM-\u0131n tikintisi prosesind\u0259 qar\u015f\u0131ya \u00e7\u0131xan texnoloji v\u0259 t\u0259bii \u00e7\u0259tinlikl\u0259rin aradan qald\u0131r\u0131lmas\u0131nda Heyd\u0259r \u018fliyevin s\u0259yl\u0259ri v\u0259 q\u0259tiyy\u0259tli irad\u0259si m\u00fch\u00fcm rol oynay\u0131b. Ulu \u00f6nd\u0259rl\u0259 birlikd\u0259 \u00e7al\u0131\u015fm\u0131\u015f veteranlar onunla ba\u011fl\u0131 \u00f6z xo\u015f xatir\u0259l\u0259rini b\u00f6l\u00fc\u015fd\u00fcl\u0259r.<\/p>\n<p>\u00dcmumiyy\u0259tl\u0259, Prezident \u0130lham \u018fliyevin Rusiyaya s\u0259f\u0259ri \u00f6lk\u0259l\u0259rimiz aras\u0131nda strateji t\u0259r\u0259fda\u015fl\u0131q v\u0259 m\u00fctt\u0259fiqlik m\u00fcnasib\u0259tl\u0259rinin inki\u015faf\u0131na n\u00f6vb\u0259ti m\u00fcsb\u0259t t\u00f6hf\u0259 oldu.<\/p>\n","protected":false},"excerpt":{"rendered":"<p>Az\u0259rbaycan Prezidenti\u00a0\u0130lham \u018fliyev\u00a0aprelin 22-d\u0259 Rusiyada i\u015fg\u00fczar s\u0259f\u0259rd\u0259 olub. Az\u0259rbaycan Prezidentinin k\u00f6m\u0259k\u00e7isi &#8211; Az\u0259rbaycan Prezidentinin Administrasiyas\u0131n\u0131n Xarici siyas\u0259t m\u0259s\u0259l\u0259l\u0259ri \u015f\u00f6b\u0259sinin m\u00fcdiri Hikm\u0259t Hac\u0131yev s\u0259f\u0259rin n\u0259tic\u0259l\u0259rinin qiym\u0259tl\u0259ndirilm\u0259si il\u0259 ba\u011fl\u0131\u00a0APA-n\u0131n sual\u0131n\u0131 cavabland\u0131r\u0131b. &#8211; Az\u0259rbaycan Prezidenti \u0130lham \u018fliyevin Rusiya Federasiyas\u0131na i\u015fg\u00fczar s\u0259f\u0259ri oldu. S\u0259f\u0259rin n\u0259tic\u0259l\u0259rini nec\u0259 qiym\u0259tl\u0259ndirirsiniz? &#8211; Az\u0259rbaycan t\u0259r\u0259fi bu s\u0259f\u0259rin n\u0259tic\u0259l\u0259rini \u00e7ox m\u00fcsb\u0259t qiym\u0259tl\u0259ndirir. Qeyd edim ki, s\u0259f\u0259r Az\u0259rbaycanla Rusiya aras\u0131nda strateji t\u0259r\u0259fda\u015fl\u0131q v\u0259 m\u00fctt\u0259fiqlik m\u00fcnasib\u0259tl\u0259rinin ruhunda ke\u00e7di. S\u0259f\u0259r \u00e7\u0259r\u00e7iv\u0259sind\u0259 d\u00f6vl\u0259t ba\u015f\u00e7\u0131lar\u0131 ikit\u0259r\u0259fli g\u00fcnd\u0259liy\u0259 aid olan m\u0259s\u0259l\u0259l\u0259ri geni\u015f m\u00fczakir\u0259 etdil\u0259r. Bura Az\u0259rbaycanla Rusiya aras\u0131nda siyasi, iqtisadi-ticari\u00a0\u0259laq\u0259l\u0259ri, qar\u015f\u0131l\u0131ql\u0131 s\u0259rmay\u0259l\u0259rin qoyulu\u015fu, humanitar v\u0259 dig\u0259r&hellip;<\/p>\n","protected":false},"author":2,"featured_media":23727,"comment_status":"closed","ping_status":"closed","sticky":false,"template":"","format":"standard","meta":{"om_disable_all_campaigns":false,"_monsterinsights_skip_tracking":false,"_monsterinsights_sitenote_active":false,"_monsterinsights_sitenote_note":"","_monsterinsights_sitenote_category":0},"categories":[4],"tags":[],"aioseo_notices":[],"gutentor_comment":0,"rttpg_featured_image_url":{"full":["https:\/\/arantv.az\/wp-content\/uploads\/2018\/11\/hikmethaciyev.jpg",620,375,false],"landscape":["https:\/\/arantv.az\/wp-content\/uploads\/2018\/11\/hikmethaciyev.jpg",620,375,false],"portraits":["https:\/\/arantv.az\/wp-content\/uploads\/2018\/11\/hikmethaciyev.jpg",620,375,false],"thumbnail":["https:\/\/arantv.az\/wp-content\/uploads\/2018\/11\/hikmethaciyev-150x150.jpg",150,150,true],"medium":["https:\/\/arantv.az\/wp-content\/uploads\/2018\/11\/hikmethaciyev-300x181.jpg",300,181,true],"large":["https:\/\/arantv.az\/wp-content\/uploads\/2018\/11\/hikmethaciyev.jpg",620,375,false],"1536x1536":["https:\/\/arantv.az\/wp-content\/uploads\/2018\/11\/hikmethaciyev.jpg",620,375,false],"2048x2048":["https:\/\/arantv.az\/wp-content\/uploads\/2018\/11\/hikmethaciyev.jpg",620,375,false],"post-thumbnail":["https:\/\/arantv.az\/wp-content\/uploads\/2018\/11\/hikmethaciyev-240x172.jpg",240,172,true],"advps-thumb-one":["https:\/\/arantv.az\/wp-content\/uploads\/2018\/11\/hikmethaciyev.jpg",620,375,false]},"rttpg_author":{"display_name":"V\u00fcsal Rafiqo\u011flu","author_link":"https:\/\/arantv.az\/?author=2"},"rttpg_comment":0,"rttpg_category":"<a href=\"https:\/\/arantv.az\/?cat=4\" rel=\"category\">Siyas\u0259t<\/a>","rttpg_excerpt":"Az\u0259rbaycan Prezidenti\u00a0\u0130lham \u018fliyev\u00a0aprelin 22-d\u0259 Rusiyada i\u015fg\u00fczar s\u0259f\u0259rd\u0259 olub. Az\u0259rbaycan Prezidentinin k\u00f6m\u0259k\u00e7isi &#8211; Az\u0259rbaycan Prezidentinin Administrasiyas\u0131n\u0131n Xarici siyas\u0259t m\u0259s\u0259l\u0259l\u0259ri \u015f\u00f6b\u0259sinin m\u00fcdiri Hikm\u0259t Hac\u0131yev s\u0259f\u0259rin n\u0259tic\u0259l\u0259rinin qiym\u0259tl\u0259ndirilm\u0259si il\u0259 ba\u011fl\u0131\u00a0APA-n\u0131n sual\u0131n\u0131 cavabland\u0131r\u0131b. &#8211; Az\u0259rbaycan Prezidenti \u0130lham \u018fliyevin Rusiya Federasiyas\u0131na i\u015fg\u00fczar s\u0259f\u0259ri oldu. S\u0259f\u0259rin n\u0259tic\u0259l\u0259rini nec\u0259 qiym\u0259tl\u0259ndirirsiniz? &#8211; Az\u0259rbaycan t\u0259r\u0259fi bu s\u0259f\u0259rin n\u0259tic\u0259l\u0259rini \u00e7ox m\u00fcsb\u0259t qiym\u0259tl\u0259ndirir. Qeyd edim ki,&hellip;","_links":{"self":[{"href":"https:\/\/arantv.az\/index.php?rest_route=\/wp\/v2\/posts\/714520"}],"collection":[{"href":"https:\/\/arantv.az\/index.php?rest_route=\/wp\/v2\/posts"}],"about":[{"href":"https:\/\/arantv.az\/index.php?rest_route=\/wp\/v2\/types\/post"}],"author":[{"embeddable":true,"href":"https:\/\/arantv.az\/index.php?rest_route=\/wp\/v2\/users\/2"}],"replies":[{"embeddable":true,"href":"https:\/\/arantv.az\/index.php?rest_route=%2Fwp%2Fv2%2Fcomments&post=714520"}],"version-history":[{"count":0,"href":"https:\/\/arantv.az\/index.php?rest_route=\/wp\/v2\/posts\/714520\/revisions"}],"wp:featuredmedia":[{"embeddable":true,"href":"https:\/\/arantv.az\/index.php?rest_route=\/wp\/v2\/media\/23727"}],"wp:attachment":[{"href":"https:\/\/arantv.az\/index.php?rest_route=%2Fwp%2Fv2%2Fmedia&parent=714520"}],"wp:term":[{"taxonomy":"category","embeddable":true,"href":"https:\/\/arantv.az\/index.php?rest_route=%2Fwp%2Fv2%2Fcategories&post=714520"},{"taxonomy":"post_tag","embeddable":true,"href":"https:\/\/arantv.az\/index.php?rest_route=%2Fwp%2Fv2%2Ftags&post=714520"}],"curies":[{"name":"wp","href":"https:\/\/api.w.org\/{rel}","templated":true}]}}