{"id":714523,"date":"2024-04-23T15:38:16","date_gmt":"2024-04-23T11:38:16","guid":{"rendered":"https:\/\/arantv.az\/?p=714523"},"modified":"2024-04-23T15:38:16","modified_gmt":"2024-04-23T11:38:16","slug":"prezident-kuboku-2024-beyn%c9%99lxalq-reqatasinda-20-d%c9%99n-cox-olk%c9%99-mubariz%c9%99-aparacaq","status":"publish","type":"post","link":"https:\/\/arantv.az\/?p=714523","title":{"rendered":"\u201cPrezident Kuboku-2024\u201d beyn\u0259lxalq reqatas\u0131nda 20-d\u0259n \u00e7ox \u00f6lk\u0259 m\u00fcbariz\u0259 aparacaq"},"content":{"rendered":"<p>\u201cPrezident Kuboku-2024\u201d beyn\u0259lxalq reqatas\u0131nda 20-d\u0259n \u00e7ox \u00f6lk\u0259, 30-a q\u0259d\u0259r komanda m\u00fcbariz\u0259 aparacaq.<\/p>\n<p>\u201cReport\u201d x\u0259b\u0259r verir ki, \u00fcmummilli lider Heyd\u0259r \u018fliyevin xatir\u0259sin\u0259 h\u0259sr olunan \u201cPrezident Kuboku-2024\u201d beyn\u0259lxalq reqatas\u0131 aprelin 30-dan may\u0131n 3-d\u0259k ke\u00e7iril\u0259c\u0259k.<\/p>\n<p>D\u00f6rd g\u00fcn davam ed\u0259c\u0259k marafona 20-d\u0259n \u00e7ox \u00f6lk\u0259d\u0259n &#8211; Az\u0259rbaycanla yana\u015f\u0131, Bolqar\u0131stan, Xorvatiya, Estoniya, G\u00fcrc\u00fcstan, Almaniya, Yunan\u0131stan, Macar\u0131stan, Qazax\u0131stan, Q\u0131r\u011f\u0131z\u0131stan, Latviya, Litva, Moldova, Pol\u015fa, Serbiya, Sloveniya, \u0130spaniya, Tacikistan, T\u00fcrkiy\u0259, Ukrayna v\u0259 \u00d6zb\u0259kistandan olan komandalar qat\u0131lacaq.<\/p>\n<p>Reqatan\u0131n r\u0259smi parad\u0131 aprelin 30-da, saat 12:00-da Ming\u0259\u00e7evir \u015f\u0259h\u0259ri, Heyd\u0259r \u018fliyev prospektind\u0259 ba\u015flayacaq. A\u00e7\u0131l\u0131\u015f m\u0259rasimi v\u0259 ilk yar\u0131\u015flar is\u0259 may\u0131n 1-d\u0259 Suqovu\u015fanda ba\u015f tutacaq. Suqovu\u015fan su anbar\u0131nda 200 v\u0259 500 metr m\u0259saf\u0259d\u0259 kayak-kanoe yar\u0131\u015flar\u0131 olacaq. Reqata may\u0131n 2-3-d\u0259 Ming\u0259\u00e7evir \u201cK\u00fcr\u201d Olimpiya T\u0259dris-\u0130dman M\u0259rk\u0259zind\u0259 davam ed\u0259c\u0259k. Burada komandalar avar\u00e7\u0259km\u0259nin kayak, kanoe v\u0259 akademik n\u00f6v\u00fcnd\u0259 m\u00fcbariz\u0259 aparacaqlar.<\/p>\n<p>May\u0131n 3-d\u0259 Ming\u0259\u00e7evird\u0259 \u201cPrezident Kuboku-2024\u201d beyn\u0259lxalq reqatas\u0131n\u0131n ba\u011flan\u0131\u015f m\u0259rasimi olacaq. T\u0259dbird\u0259 \u0259vv\u0259lc\u0259 qalibl\u0259r m\u00fckafatland\u0131r\u0131lacaq. Kayak-kanoe v\u0259 akademik avar\u00e7\u0259km\u0259 \u00fczr\u0259 kuboklar sahibl\u0259rin\u0259 t\u0259qdim edil\u0259c\u0259k. Daha sonra ba\u011flan\u0131\u015f m\u0259rasimi b\u0259dii hiss\u0259 il\u0259 davam ed\u0259c\u0259k. M\u00fcxt\u0259lif musiqi n\u00f6mr\u0259l\u0259ri il\u0259 yana\u015f\u0131, son ill\u0259rin \u0259n populyar ifa\u00e7\u0131lar\u0131ndan Hiss solo ifas\u0131 il\u0259 ba\u011flan\u0131\u015f m\u0259rasimin\u0259 r\u0259ng qatacaq.<\/p>\n<p>Xat\u0131rladaq ki, \u201cPrezident Kuboku\u201d reqatas\u0131 ard\u0131c\u0131l ikinci ildir, Avropa Kanoe Assosiasiyas\u0131n\u0131n r\u0259smi t\u0259qvim plan\u0131na daxil edilib.<\/p>\n","protected":false},"excerpt":{"rendered":"<p>\u201cPrezident Kuboku-2024\u201d beyn\u0259lxalq reqatas\u0131nda 20-d\u0259n \u00e7ox \u00f6lk\u0259, 30-a q\u0259d\u0259r komanda m\u00fcbariz\u0259 aparacaq. \u201cReport\u201d x\u0259b\u0259r verir ki, \u00fcmummilli lider Heyd\u0259r \u018fliyevin xatir\u0259sin\u0259 h\u0259sr olunan \u201cPrezident Kuboku-2024\u201d beyn\u0259lxalq reqatas\u0131 aprelin 30-dan may\u0131n 3-d\u0259k ke\u00e7iril\u0259c\u0259k. D\u00f6rd g\u00fcn davam ed\u0259c\u0259k marafona 20-d\u0259n \u00e7ox \u00f6lk\u0259d\u0259n &#8211; Az\u0259rbaycanla yana\u015f\u0131, Bolqar\u0131stan, Xorvatiya, Estoniya, G\u00fcrc\u00fcstan, Almaniya, Yunan\u0131stan, Macar\u0131stan, Qazax\u0131stan, Q\u0131r\u011f\u0131z\u0131stan, Latviya, Litva, Moldova, Pol\u015fa, Serbiya, Sloveniya, \u0130spaniya, Tacikistan, T\u00fcrkiy\u0259, Ukrayna v\u0259 \u00d6zb\u0259kistandan olan komandalar qat\u0131lacaq. Reqatan\u0131n r\u0259smi parad\u0131 aprelin 30-da, saat 12:00-da Ming\u0259\u00e7evir \u015f\u0259h\u0259ri, Heyd\u0259r \u018fliyev prospektind\u0259 ba\u015flayacaq. A\u00e7\u0131l\u0131\u015f m\u0259rasimi v\u0259 ilk yar\u0131\u015flar is\u0259 may\u0131n 1-d\u0259 Suqovu\u015fanda ba\u015f&hellip;<\/p>\n","protected":false},"author":2,"featured_media":714524,"comment_status":"closed","ping_status":"closed","sticky":false,"template":"","format":"standard","meta":{"om_disable_all_campaigns":false,"_monsterinsights_skip_tracking":false,"_monsterinsights_sitenote_active":false,"_monsterinsights_sitenote_note":"","_monsterinsights_sitenote_category":0},"categories":[4],"tags":[],"aioseo_notices":[],"gutentor_comment":0,"rttpg_featured_image_url":{"full":["https:\/\/arantv.az\/wp-content\/uploads\/2024\/04\/1b550a63-bbb2-3987-ade5-a7c55b8e536d_850.jpg",620,413,false],"landscape":["https:\/\/arantv.az\/wp-content\/uploads\/2024\/04\/1b550a63-bbb2-3987-ade5-a7c55b8e536d_850.jpg",620,413,false],"portraits":["https:\/\/arantv.az\/wp-content\/uploads\/2024\/04\/1b550a63-bbb2-3987-ade5-a7c55b8e536d_850.jpg",620,413,false],"thumbnail":["https:\/\/arantv.az\/wp-content\/uploads\/2024\/04\/1b550a63-bbb2-3987-ade5-a7c55b8e536d_850-500x280.jpg",500,280,true],"medium":["https:\/\/arantv.az\/wp-content\/uploads\/2024\/04\/1b550a63-bbb2-3987-ade5-a7c55b8e536d_850-548x365.jpg",548,365,true],"large":["https:\/\/arantv.az\/wp-content\/uploads\/2024\/04\/1b550a63-bbb2-3987-ade5-a7c55b8e536d_850.jpg",620,413,false],"1536x1536":["https:\/\/arantv.az\/wp-content\/uploads\/2024\/04\/1b550a63-bbb2-3987-ade5-a7c55b8e536d_850.jpg",620,413,false],"2048x2048":["https:\/\/arantv.az\/wp-content\/uploads\/2024\/04\/1b550a63-bbb2-3987-ade5-a7c55b8e536d_850.jpg",620,413,false],"post-thumbnail":["https:\/\/arantv.az\/wp-content\/uploads\/2024\/04\/1b550a63-bbb2-3987-ade5-a7c55b8e536d_850-240x172.jpg",240,172,true],"advps-thumb-one":["https:\/\/arantv.az\/wp-content\/uploads\/2024\/04\/1b550a63-bbb2-3987-ade5-a7c55b8e536d_850.jpg",620,413,false]},"rttpg_author":{"display_name":"V\u00fcsal Rafiqo\u011flu","author_link":"https:\/\/arantv.az\/?author=2"},"rttpg_comment":0,"rttpg_category":"<a href=\"https:\/\/arantv.az\/?cat=4\" rel=\"category\">Siyas\u0259t<\/a>","rttpg_excerpt":"\u201cPrezident Kuboku-2024\u201d beyn\u0259lxalq reqatas\u0131nda 20-d\u0259n \u00e7ox \u00f6lk\u0259, 30-a q\u0259d\u0259r komanda m\u00fcbariz\u0259 aparacaq. \u201cReport\u201d x\u0259b\u0259r verir ki, \u00fcmummilli lider Heyd\u0259r \u018fliyevin xatir\u0259sin\u0259 h\u0259sr olunan \u201cPrezident Kuboku-2024\u201d beyn\u0259lxalq reqatas\u0131 aprelin 30-dan may\u0131n 3-d\u0259k ke\u00e7iril\u0259c\u0259k. D\u00f6rd g\u00fcn davam ed\u0259c\u0259k marafona 20-d\u0259n \u00e7ox \u00f6lk\u0259d\u0259n &#8211; Az\u0259rbaycanla yana\u015f\u0131, Bolqar\u0131stan, Xorvatiya, Estoniya, G\u00fcrc\u00fcstan, Almaniya, Yunan\u0131stan, Macar\u0131stan, Qazax\u0131stan, Q\u0131r\u011f\u0131z\u0131stan, Latviya, Litva, Moldova,&hellip;","_links":{"self":[{"href":"https:\/\/arantv.az\/index.php?rest_route=\/wp\/v2\/posts\/714523"}],"collection":[{"href":"https:\/\/arantv.az\/index.php?rest_route=\/wp\/v2\/posts"}],"about":[{"href":"https:\/\/arantv.az\/index.php?rest_route=\/wp\/v2\/types\/post"}],"author":[{"embeddable":true,"href":"https:\/\/arantv.az\/index.php?rest_route=\/wp\/v2\/users\/2"}],"replies":[{"embeddable":true,"href":"https:\/\/arantv.az\/index.php?rest_route=%2Fwp%2Fv2%2Fcomments&post=714523"}],"version-history":[{"count":0,"href":"https:\/\/arantv.az\/index.php?rest_route=\/wp\/v2\/posts\/714523\/revisions"}],"wp:featuredmedia":[{"embeddable":true,"href":"https:\/\/arantv.az\/index.php?rest_route=\/wp\/v2\/media\/714524"}],"wp:attachment":[{"href":"https:\/\/arantv.az\/index.php?rest_route=%2Fwp%2Fv2%2Fmedia&parent=714523"}],"wp:term":[{"taxonomy":"category","embeddable":true,"href":"https:\/\/arantv.az\/index.php?rest_route=%2Fwp%2Fv2%2Fcategories&post=714523"},{"taxonomy":"post_tag","embeddable":true,"href":"https:\/\/arantv.az\/index.php?rest_route=%2Fwp%2Fv2%2Ftags&post=714523"}],"curies":[{"name":"wp","href":"https:\/\/api.w.org\/{rel}","templated":true}]}}