{"id":714527,"date":"2024-04-23T15:40:39","date_gmt":"2024-04-23T11:40:39","guid":{"rendered":"https:\/\/arantv.az\/?p=714527"},"modified":"2024-04-23T15:40:39","modified_gmt":"2024-04-23T11:40:39","slug":"arasdirma-qocaliq-n%c9%99-vaxt-baslayir","status":"publish","type":"post","link":"https:\/\/arantv.az\/?p=714527","title":{"rendered":"Ara\u015fd\u0131rma: qocal\u0131q n\u0259 vaxt ba\u015flay\u0131r?"},"content":{"rendered":"<p>Maraql\u0131d\u0131r, insan ne\u00e7\u0259 ya\u015f\u0131nda art\u0131q qoca say\u0131l\u0131r? Bu sual\u0131n cavab\u0131 insanlar daha uzun \u00f6m\u00fcr s\u00fcrd\u00fckc\u0259, daha gec t\u0259qa\u00fcd\u0259 \u00e7\u0131xd\u0131qca v\u0259 fiziki- \u0259qli sa\u011flaml\u0131\u011f\u0131 daha y\u00fcks\u0259k s\u0259viyy\u0259d\u0259 saxlad\u0131qca, bir s\u00f6zl\u0259, v\u0259ziyy\u0259t\u0259 uy\u011fun olaraq d\u0259yi\u015fir.<\/p>\n<p><a class=\"azertac-link\" href=\"https:\/\/azertag.az\/\" target=\"_blank\" rel=\"noopener\">AZ\u018fRTAC<\/a>\u00a0\u201cNBC news\u201d telekanal\u0131na istinadla x\u0259b\u0259r verir ki, yeni d\u0259rc edil\u0259n ara\u015fd\u0131rmaya \u0259sas\u0259n, t\u0259xmin\u0259n 65 ya\u015fda olan insanlar qocal\u0131\u011f\u0131n 75 ya\u015fdan ba\u015flad\u0131\u011f\u0131n\u0131 bildirirl\u0259r. Lakin daha ya\u015fl\u0131 insanlar qocal\u0131q d\u00f6vr\u00fcn\u00fcn zaman ke\u00e7dikc\u0259, bir o q\u0259d\u0259r gec ba\u015flad\u0131\u011f\u0131n\u0131 d\u00fc\u015f\u00fcn\u00fcrl\u0259r.<\/p>\n<p>Amerika Psixoloji D\u0259rn\u0259yinin \u201cPsychology and Aging\u201d jurnal\u0131nda d\u0259rc edil\u0259n ara\u015fd\u0131rmas\u0131 \u0259snas\u0131nda Alman Qocalma Sor\u011fusunun t\u0259xmin\u0259n 14 min i\u015ftirak\u00e7\u0131s\u0131n\u0131n m\u0259lumatlar\u0131 t\u0259hlil edilib. \u0130\u015ftirak\u00e7\u0131lar 1911-1974-c\u00fc ill\u0259r aras\u0131nda anadan olub v\u0259 sor\u011fuya 40-85 ya\u015flar\u0131nda c\u0259lb edilibl\u0259r. \u00d6t\u0259n h\u0259r d\u00f6rd-be\u015f ild\u0259n bir onlar qocal\u0131\u011f\u0131n son qiym\u0259tl\u0259ndirm\u0259l\u0259ri il\u0259 m\u00fcqayis\u0259d\u0259 bir il sonra ba\u015flad\u0131\u011f\u0131n\u0131 bildiribl\u0259r. 1911-1935-ci ill\u0259r aras\u0131nda anadan olanlar 1935-ci ild\u0259n sonra do\u011fulan i\u015ftirak\u00e7\u0131lara nisb\u0259t\u0259n qocal\u0131\u011f\u0131n daha tez ba\u015flad\u0131\u011f\u0131n\u0131 qeyd edibl\u0259r.<\/p>\n<p>Berlin Humboldt Universitetinin psixoloqu v\u0259 t\u0259dqiqat\u0131n apar\u0131c\u0131 m\u00fc\u0259llifi Markus Vetsteyn qocal\u0131q haqq\u0131nda t\u0259s\u0259vv\u00fcrl\u0259rin tarixi zamana g\u00f6r\u0259 a\u00e7\u0131q \u015f\u0259kild\u0259 d\u0259yi\u015fdiyin s\u00f6yl\u0259yib. O, haz\u0131rda orta ya\u015fda v\u0259 ya daha ya\u015fl\u0131 olan insanlar\u0131n qocal\u0131\u011f\u0131n on-iyirmi il \u0259vv\u0259lki h\u0259mya\u015f\u0131dlar\u0131na nisb\u0259t\u0259n daha gec ba\u015flad\u0131\u011f\u0131na inand\u0131qlar\u0131n\u0131 vur\u011fulay\u0131b. Vetsteyn bu d\u0259yi\u015fikliyin insanlar\u0131n \u00f6z\u00fcn\u00fc daha g\u0259nc hiss etm\u0259l\u0259ri il\u0259 \u0259laq\u0259l\u0259ndirib. T\u0259nha, xroniki x\u0259st\u0259likl\u0259rd\u0259n \u0259ziyy\u0259t \u00e7\u0259k\u0259n ara\u015fd\u0131rma i\u015ftirak\u00e7\u0131lar\u0131n\u0131n fikrinc\u0259 is\u0259, qocal\u0131q daha erk\u0259n ba\u015flay\u0131r.<\/p>\n<p>T\u0259dqiqat zaman\u0131 m\u0259lum olub ki, qad\u0131nlar ki\u015fil\u0259r\u0259 nisb\u0259t\u0259n qocal\u0131\u011f\u0131n orta hesabla 2,4 il sonra ba\u015flad\u0131\u011f\u0131n\u0131 d\u00fc\u015f\u00fcn\u00fcrl\u0259r.<\/p>\n","protected":false},"excerpt":{"rendered":"<p>Maraql\u0131d\u0131r, insan ne\u00e7\u0259 ya\u015f\u0131nda art\u0131q qoca say\u0131l\u0131r? Bu sual\u0131n cavab\u0131 insanlar daha uzun \u00f6m\u00fcr s\u00fcrd\u00fckc\u0259, daha gec t\u0259qa\u00fcd\u0259 \u00e7\u0131xd\u0131qca v\u0259 fiziki- \u0259qli sa\u011flaml\u0131\u011f\u0131 daha y\u00fcks\u0259k s\u0259viyy\u0259d\u0259 saxlad\u0131qca, bir s\u00f6zl\u0259, v\u0259ziyy\u0259t\u0259 uy\u011fun olaraq d\u0259yi\u015fir. AZ\u018fRTAC\u00a0\u201cNBC news\u201d telekanal\u0131na istinadla x\u0259b\u0259r verir ki, yeni d\u0259rc edil\u0259n ara\u015fd\u0131rmaya \u0259sas\u0259n, t\u0259xmin\u0259n 65 ya\u015fda olan insanlar qocal\u0131\u011f\u0131n 75 ya\u015fdan ba\u015flad\u0131\u011f\u0131n\u0131 bildirirl\u0259r. Lakin daha ya\u015fl\u0131 insanlar qocal\u0131q d\u00f6vr\u00fcn\u00fcn zaman ke\u00e7dikc\u0259, bir o q\u0259d\u0259r gec ba\u015flad\u0131\u011f\u0131n\u0131 d\u00fc\u015f\u00fcn\u00fcrl\u0259r. Amerika Psixoloji D\u0259rn\u0259yinin \u201cPsychology and Aging\u201d jurnal\u0131nda d\u0259rc edil\u0259n ara\u015fd\u0131rmas\u0131 \u0259snas\u0131nda Alman Qocalma Sor\u011fusunun t\u0259xmin\u0259n 14 min i\u015ftirak\u00e7\u0131s\u0131n\u0131n m\u0259lumatlar\u0131 t\u0259hlil edilib.&hellip;<\/p>\n","protected":false},"author":2,"featured_media":714528,"comment_status":"closed","ping_status":"closed","sticky":false,"template":"","format":"standard","meta":{"om_disable_all_campaigns":false,"_monsterinsights_skip_tracking":false,"_monsterinsights_sitenote_active":false,"_monsterinsights_sitenote_note":"","_monsterinsights_sitenote_category":0},"categories":[1],"tags":[],"aioseo_notices":[],"gutentor_comment":0,"rttpg_featured_image_url":{"full":["https:\/\/arantv.az\/wp-content\/uploads\/2024\/04\/171386978585241462_1200x630.jpg",923,630,false],"landscape":["https:\/\/arantv.az\/wp-content\/uploads\/2024\/04\/171386978585241462_1200x630.jpg",923,630,false],"portraits":["https:\/\/arantv.az\/wp-content\/uploads\/2024\/04\/171386978585241462_1200x630.jpg",923,630,false],"thumbnail":["https:\/\/arantv.az\/wp-content\/uploads\/2024\/04\/171386978585241462_1200x630-500x280.jpg",500,280,true],"medium":["https:\/\/arantv.az\/wp-content\/uploads\/2024\/04\/171386978585241462_1200x630-535x365.jpg",535,365,true],"large":["https:\/\/arantv.az\/wp-content\/uploads\/2024\/04\/171386978585241462_1200x630-840x573.jpg",640,437,true],"1536x1536":["https:\/\/arantv.az\/wp-content\/uploads\/2024\/04\/171386978585241462_1200x630.jpg",923,630,false],"2048x2048":["https:\/\/arantv.az\/wp-content\/uploads\/2024\/04\/171386978585241462_1200x630.jpg",923,630,false],"post-thumbnail":["https:\/\/arantv.az\/wp-content\/uploads\/2024\/04\/171386978585241462_1200x630-240x172.jpg",240,172,true],"advps-thumb-one":["https:\/\/arantv.az\/wp-content\/uploads\/2024\/04\/171386978585241462_1200x630-923x620.jpg",923,620,true]},"rttpg_author":{"display_name":"V\u00fcsal Rafiqo\u011flu","author_link":"https:\/\/arantv.az\/?author=2"},"rttpg_comment":0,"rttpg_category":"<a href=\"https:\/\/arantv.az\/?cat=1\" rel=\"category\">C\u0259miyy\u0259t<\/a>","rttpg_excerpt":"Maraql\u0131d\u0131r, insan ne\u00e7\u0259 ya\u015f\u0131nda art\u0131q qoca say\u0131l\u0131r? Bu sual\u0131n cavab\u0131 insanlar daha uzun \u00f6m\u00fcr s\u00fcrd\u00fckc\u0259, daha gec t\u0259qa\u00fcd\u0259 \u00e7\u0131xd\u0131qca v\u0259 fiziki- \u0259qli sa\u011flaml\u0131\u011f\u0131 daha y\u00fcks\u0259k s\u0259viyy\u0259d\u0259 saxlad\u0131qca, bir s\u00f6zl\u0259, v\u0259ziyy\u0259t\u0259 uy\u011fun olaraq d\u0259yi\u015fir. AZ\u018fRTAC\u00a0\u201cNBC news\u201d telekanal\u0131na istinadla x\u0259b\u0259r verir ki, yeni d\u0259rc edil\u0259n ara\u015fd\u0131rmaya \u0259sas\u0259n, t\u0259xmin\u0259n 65 ya\u015fda olan insanlar qocal\u0131\u011f\u0131n 75 ya\u015fdan ba\u015flad\u0131\u011f\u0131n\u0131 bildirirl\u0259r.&hellip;","_links":{"self":[{"href":"https:\/\/arantv.az\/index.php?rest_route=\/wp\/v2\/posts\/714527"}],"collection":[{"href":"https:\/\/arantv.az\/index.php?rest_route=\/wp\/v2\/posts"}],"about":[{"href":"https:\/\/arantv.az\/index.php?rest_route=\/wp\/v2\/types\/post"}],"author":[{"embeddable":true,"href":"https:\/\/arantv.az\/index.php?rest_route=\/wp\/v2\/users\/2"}],"replies":[{"embeddable":true,"href":"https:\/\/arantv.az\/index.php?rest_route=%2Fwp%2Fv2%2Fcomments&post=714527"}],"version-history":[{"count":0,"href":"https:\/\/arantv.az\/index.php?rest_route=\/wp\/v2\/posts\/714527\/revisions"}],"wp:featuredmedia":[{"embeddable":true,"href":"https:\/\/arantv.az\/index.php?rest_route=\/wp\/v2\/media\/714528"}],"wp:attachment":[{"href":"https:\/\/arantv.az\/index.php?rest_route=%2Fwp%2Fv2%2Fmedia&parent=714527"}],"wp:term":[{"taxonomy":"category","embeddable":true,"href":"https:\/\/arantv.az\/index.php?rest_route=%2Fwp%2Fv2%2Fcategories&post=714527"},{"taxonomy":"post_tag","embeddable":true,"href":"https:\/\/arantv.az\/index.php?rest_route=%2Fwp%2Fv2%2Ftags&post=714527"}],"curies":[{"name":"wp","href":"https:\/\/api.w.org\/{rel}","templated":true}]}}