{"id":715327,"date":"2024-04-25T11:58:01","date_gmt":"2024-04-25T07:58:01","guid":{"rendered":"https:\/\/arantv.az\/?p=715327"},"modified":"2024-04-25T11:58:01","modified_gmt":"2024-04-25T07:58:01","slug":"az%c9%99rbaycan-rusiya-munasib%c9%99tl%c9%99ri-yeni-h%c9%99d%c9%99fl%c9%99rimiz%c9%99-catmaga-tohf%c9%99-ver%c9%99c%c9%99k","status":"publish","type":"post","link":"https:\/\/arantv.az\/?p=715327","title":{"rendered":"Az\u0259rbaycan-Rusiya m\u00fcnasib\u0259tl\u0259ri yeni h\u0259d\u0259fl\u0259rimiz\u0259 \u00e7atma\u011fa t\u00f6hf\u0259 ver\u0259c\u0259k"},"content":{"rendered":"<p>Az\u0259rbaycan\u0131n d\u00f6vl\u0259t ba\u015f\u00e7\u0131s\u0131 \u0130lham \u018fliyevin \u00f6t\u0259n g\u00fcn Moskvada d\u00fc\u015fm\u0259ni d\u00f6y\u00fc\u015f meydan\u0131nda m\u0259\u011flub ed\u0259r\u0259k tam q\u0259l\u0259b\u0259 qazanan, \u00f6lk\u0259sinin suverenliyini t\u0259min ed\u0259n Prezident kimi qar\u015f\u0131lanmas\u0131 diqq\u0259td\u0259n yay\u0131nmad\u0131. Rusiya medias\u0131n\u0131n Az\u0259rbaycan Prezidentinin bu s\u0259f\u0259rin\u0259 geni\u015f yer ay\u0131rmas\u0131 t\u0259sad\u00fcfi deyildi. Rusiya Prezidenti Vladimir Putinin d\u0259v\u0259ti il\u0259 ba\u015f tutan Moskva s\u0259f\u0259ri \u00f6lk\u0259l\u0259rimiz aras\u0131nda m\u00fcnasib\u0259tl\u0259rin inki\u015faf\u0131na yeni s\u0259hif\u0259 kimi qiym\u0259tl\u0259ndirildi. Rusiya s\u00fclhm\u0259raml\u0131 kontingentinin Qaraba\u011fdan \u00e7\u0131xmas\u0131 v\u0259 Qazax\u0131n i\u015f\u011fal alt\u0131nda olan 4 k\u0259ndinin qaytar\u0131lmas\u0131 il\u0259 bir vaxtda ba\u015f tutan bu s\u0259f\u0259r g\u0259l\u0259c\u0259k \u0259m\u0259kda\u015fl\u0131\u011f\u0131n yeni detallar\u0131n\u0131n m\u00fc\u0259yy\u0259n olunmas\u0131 v\u0259 m\u00fctt\u0259fiqlik sazi\u015find\u0259 n\u0259z\u0259rd\u0259 tutulan dig\u0259r m\u0259s\u0259l\u0259l\u0259rin h\u0259lli bax\u0131m\u0131ndan bu s\u0259f\u0259r olduqca \u0259h\u0259miyy\u0259tli idi.<\/p>\n<p><strong>ARANTV.AZ x\u0259b\u0259r verir ki,<\/strong>\u00a0bu s\u00f6zl\u0259ri\u00a0m\u0259tbuata a\u00e7\u0131qlamas\u0131nda\u00a0<strong>Milli M\u0259clisin deputat\u0131 C\u0259bi Quliyev\u00a0<\/strong>s\u00f6yl\u0259yib.<\/p>\n<p>Bildirib ki, Az\u0259rbaycan v\u0259 Rusiya prezidentl\u0259rinin i\u015ftirak etdikl\u0259ri Baykal-Amur Magistral\u0131n\u0131n 50 illik yubiley t\u0259dbirind\u0259 Ulu \u00d6nd\u0259r Heyd\u0259r \u018fliyevin bu n\u0259h\u0259ng layih\u0259d\u0259ki roluna b\u00f6y\u00fck diqq\u0259t ayr\u0131ld\u0131: \u201c\u00c7\u0131x\u0131\u015f ed\u0259nl\u0259r Ulu \u00d6nd\u0259rin n\u0259cib missiyas\u0131n\u0131n yeni m\u00fcst\u0259vid\u0259 davam etdirilm\u0259sinin vacibliyin\u0259 toxundular. Haql\u0131 olaraq bildirildi ki, iki \u00f6lk\u0259 aras\u0131ndak\u0131 dostluq m\u00fcnasib\u0259tl\u0259rinin t\u0259m\u0259li Ulu \u00d6nd\u0259r Heyd\u0259r \u018fliyev v\u0259 Rusiya Prezidenti Vladimir Putin t\u0259r\u0259find\u0259n qoyulub. 1997-ci il iyulun 3-d\u0259 imzalanan &#8220;Dostluq, \u0259m\u0259kda\u015fl\u0131q v\u0259 qar\u015f\u0131l\u0131ql\u0131 t\u0259hl\u00fck\u0259sizlik haqq\u0131nda M\u00fcqavil\u0259&#8221; ikit\u0259r\u0259fli m\u00fcnasib\u0259tl\u0259rin h\u00fcquqi bazas\u0131n\u0131 t\u0259\u015fkil ed\u0259n \u0259sas s\u0259n\u0259ddir. 2002-ci ilin yanvar\u0131nda Ulu \u00d6nd\u0259r Heyd\u0259r \u018fliyevin Rusiyaya d\u00f6vl\u0259t s\u0259f\u0259ri zaman\u0131 \u201cX\u0259z\u0259r d\u0259nizind\u0259 \u0259m\u0259kda\u015fl\u0131q prinsipl\u0259ri haqq\u0131nda Birg\u0259 B\u0259yannam\u0259&#8221; Rusiya-Az\u0259rbaycan m\u00fcnasib\u0259tl\u0259rinin strateji t\u0259r\u0259fda\u015fl\u0131q s\u0259viyy\u0259sin\u0259 qald\u0131rd\u0131. Ulu \u00d6nd\u0259r Heyd\u0259r \u018fliyevin bu siyas\u0259tini davam etdir\u0259n Prezident \u0130lham \u018fliyev Rusiya il\u0259 m\u00fcnasib\u0259tl\u0259r\u0259 h\u0259r zaman \u00e7ox h\u0259ssas yana\u015f\u0131b. Bunun n\u0259tic\u0259sidir ki, SSR\u0130-nin s\u00fcqutundan sonra Rusiya il\u0259 Az\u0259rbaycan aras\u0131nda m\u00fcnasib\u0259tl\u0259r he\u00e7 zaman indiki kimi y\u00fcks\u0259k s\u0259viyy\u0259d\u0259 olmay\u0131b. Rusiya Az\u0259rbaycan\u0131n \u015fanl\u0131 Q\u0259l\u0259b\u0259si v\u0259 Erm\u0259nistan\u0131n kapitulyasiyas\u0131 il\u0259 n\u0259tic\u0259l\u0259n\u0259n \u0130kinci Qaraba\u011f m\u00fcharib\u0259sinin n\u0259tic\u0259l\u0259rini q\u0259bul ed\u0259n ilk \u00f6lk\u0259l\u0259rd\u0259n oldu. 2022-ci il fevral\u0131n 22-d\u0259 Moskvada Az\u0259rbaycan v\u0259 Rusiya prezidentl\u0259ri t\u0259r\u0259find\u0259n imzalanan Moskvada &#8220;Az\u0259rbaycan Respublikas\u0131 il\u0259 Rusiya Federasiyas\u0131 aras\u0131nda m\u00fctt\u0259fiqlik qar\u015f\u0131l\u0131ql\u0131 f\u0259aliyy\u0259ti haqq\u0131nda&#8221; B\u0259yannam\u0259 d\u00f6vl\u0259tl\u0259raras\u0131 m\u00fcnasib\u0259tl\u0259rimizi m\u00fctt\u0259fiqlik s\u0259viyy\u0259sin\u0259 qald\u0131rd\u0131\u201d.<\/p>\n<p>Az\u0259rbaycan-Rusiya aras\u0131nda ticar\u0259t d\u00f6vriyy\u0259sinin 4,5 milyard AB\u015e dollar\u0131na \u00e7atd\u0131\u011f\u0131n\u0131 s\u00f6yl\u0259y\u0259n deputat deyib: \u201c2023-c\u00fc ild\u0259 iki \u00f6lk\u0259 aras\u0131nda \u00fcmumi y\u00fck da\u015f\u0131malar\u0131n\u0131n h\u0259cmi 2017-ci ill\u0259 m\u00fcqayis\u0259d\u0259 87 faiz, o c\u00fcml\u0259d\u0259n tranzit y\u00fckl\u0259rin h\u0259cmi d\u00f6rd d\u0259f\u0259y\u0259 yax\u0131n art\u0131b. H\u0259m\u00e7inin \u015eimal-C\u0259nub Beyn\u0259lxalq N\u0259qliyyat D\u0259hlizi il\u0259 y\u00fck da\u015f\u0131malar\u0131 2017-ci ill\u0259 m\u00fcqayis\u0259d\u0259 44 faizd\u0259n \u00e7ox olub. Haz\u0131rda Az\u0259rbaycanda Rusiya kapitall\u0131 1400-d\u0259n \u00e7ox m\u00fc\u0259ssis\u0259 f\u0259aliyy\u0259t g\u00f6st\u0259rir. Onlar\u0131n 300-\u0259 yax\u0131n\u0131 100 faiz Rusiya s\u0259rmay\u0259sin\u0259 malikdir. \u00d6t\u0259n il Rusiyan\u0131n Az\u0259rbaycan iqtisadiyyat\u0131na birba\u015fa investisiyalar\u0131n\u0131n m\u0259bl\u0259\u011fi 300 milyon dollara yax\u0131n olub.<\/p>\n<p>Az\u0259rbaycan\u0131n Rusiya il\u0259 \u0259m\u0259kda\u015fl\u0131\u011f\u0131n\u0131n g\u00fccl\u0259nm\u0259si q\u0259tiyy\u0259n Bak\u0131n\u0131n Q\u0259rbd\u0259n uzaqla\u015fmas\u0131 kimi ba\u015fa d\u00fc\u015f\u00fclm\u0259m\u0259lidir. \u00d6lk\u0259miz avroatlantik m\u0259kana inteqrasiya, Avropa \u0130ttifaq\u0131, NATO il\u0259 \u0259m\u0259kda\u015fl\u0131q istiqam\u0259tl\u0259rind\u0259 f\u0259aliyy\u0259tini davam etdirir. Eyni zamanda, biz qon\u015fu \u00f6lk\u0259l\u0259rimizl\u0259, t\u00fcrkdilli d\u00f6vl\u0259tl\u0259rl\u0259, \u00c7inl\u0259 \u0259m\u0259kda\u015fl\u0131\u011fa x\u00fcsusi diqq\u0259t ay\u0131r\u0131r\u0131q\u201d.<\/p>\n<p>Sonda deputat qeyd edib ki, d\u00f6vl\u0259t suverenliyini tam b\u0259rpa etmi\u015f Az\u0259rbaycan regionda \u0259m\u0259kda\u015fl\u0131\u011f\u0131n v\u0259 davaml\u0131 inki\u015faf\u0131n t\u0259min olunmas\u0131 \u00fc\u00e7\u00fcn ard\u0131c\u0131l s\u0259yl\u0259rini davam etdirir. Bu prosesd\u0259 Rusiya il\u0259 \u0259laq\u0259l\u0259rin inki\u015faf etdirilm\u0259si x\u00fcsusi yer tutur. Prezident \u0130lham \u018fliyevin Rusiyaya i\u015fg\u00fczar s\u0259f\u0259ri m\u0259hz bu bax\u0131mdan m\u00fch\u00fcm \u0259h\u0259miyy\u0259t da\u015f\u0131y\u0131r.<\/p>\n","protected":false},"excerpt":{"rendered":"<p>Az\u0259rbaycan\u0131n d\u00f6vl\u0259t ba\u015f\u00e7\u0131s\u0131 \u0130lham \u018fliyevin \u00f6t\u0259n g\u00fcn Moskvada d\u00fc\u015fm\u0259ni d\u00f6y\u00fc\u015f meydan\u0131nda m\u0259\u011flub ed\u0259r\u0259k tam q\u0259l\u0259b\u0259 qazanan, \u00f6lk\u0259sinin suverenliyini t\u0259min ed\u0259n Prezident kimi qar\u015f\u0131lanmas\u0131 diqq\u0259td\u0259n yay\u0131nmad\u0131. Rusiya medias\u0131n\u0131n Az\u0259rbaycan Prezidentinin bu s\u0259f\u0259rin\u0259 geni\u015f yer ay\u0131rmas\u0131 t\u0259sad\u00fcfi deyildi. Rusiya Prezidenti Vladimir Putinin d\u0259v\u0259ti il\u0259 ba\u015f tutan Moskva s\u0259f\u0259ri \u00f6lk\u0259l\u0259rimiz aras\u0131nda m\u00fcnasib\u0259tl\u0259rin inki\u015faf\u0131na yeni s\u0259hif\u0259 kimi qiym\u0259tl\u0259ndirildi. Rusiya s\u00fclhm\u0259raml\u0131 kontingentinin Qaraba\u011fdan \u00e7\u0131xmas\u0131 v\u0259 Qazax\u0131n i\u015f\u011fal alt\u0131nda olan 4 k\u0259ndinin qaytar\u0131lmas\u0131 il\u0259 bir vaxtda ba\u015f tutan bu s\u0259f\u0259r g\u0259l\u0259c\u0259k \u0259m\u0259kda\u015fl\u0131\u011f\u0131n yeni detallar\u0131n\u0131n m\u00fc\u0259yy\u0259n olunmas\u0131 v\u0259 m\u00fctt\u0259fiqlik sazi\u015find\u0259 n\u0259z\u0259rd\u0259 tutulan dig\u0259r m\u0259s\u0259l\u0259l\u0259rin h\u0259lli bax\u0131m\u0131ndan bu&hellip;<\/p>\n","protected":false},"author":2,"featured_media":715328,"comment_status":"closed","ping_status":"closed","sticky":false,"template":"","format":"standard","meta":{"om_disable_all_campaigns":false,"_monsterinsights_skip_tracking":false,"_monsterinsights_sitenote_active":false,"_monsterinsights_sitenote_note":"","_monsterinsights_sitenote_category":0},"categories":[19],"tags":[],"aioseo_notices":[],"gutentor_comment":0,"rttpg_featured_image_url":{"full":["https:\/\/arantv.az\/wp-content\/uploads\/2024\/04\/5d188b04171402469079941526811028360.jpg",975,540,false],"landscape":["https:\/\/arantv.az\/wp-content\/uploads\/2024\/04\/5d188b04171402469079941526811028360.jpg",975,540,false],"portraits":["https:\/\/arantv.az\/wp-content\/uploads\/2024\/04\/5d188b04171402469079941526811028360.jpg",975,540,false],"thumbnail":["https:\/\/arantv.az\/wp-content\/uploads\/2024\/04\/5d188b04171402469079941526811028360-500x280.jpg",500,280,true],"medium":["https:\/\/arantv.az\/wp-content\/uploads\/2024\/04\/5d188b04171402469079941526811028360-660x365.jpg",660,365,true],"large":["https:\/\/arantv.az\/wp-content\/uploads\/2024\/04\/5d188b04171402469079941526811028360-840x465.jpg",640,354,true],"1536x1536":["https:\/\/arantv.az\/wp-content\/uploads\/2024\/04\/5d188b04171402469079941526811028360.jpg",975,540,false],"2048x2048":["https:\/\/arantv.az\/wp-content\/uploads\/2024\/04\/5d188b04171402469079941526811028360.jpg",975,540,false],"post-thumbnail":["https:\/\/arantv.az\/wp-content\/uploads\/2024\/04\/5d188b04171402469079941526811028360-240x172.jpg",240,172,true],"advps-thumb-one":["https:\/\/arantv.az\/wp-content\/uploads\/2024\/04\/5d188b04171402469079941526811028360.jpg",975,540,false]},"rttpg_author":{"display_name":"V\u00fcsal Rafiqo\u011flu","author_link":"https:\/\/arantv.az\/?author=2"},"rttpg_comment":0,"rttpg_category":"<a href=\"https:\/\/arantv.az\/?cat=19\" rel=\"category\">G\u00fcnd\u0259m<\/a>","rttpg_excerpt":"Az\u0259rbaycan\u0131n d\u00f6vl\u0259t ba\u015f\u00e7\u0131s\u0131 \u0130lham \u018fliyevin \u00f6t\u0259n g\u00fcn Moskvada d\u00fc\u015fm\u0259ni d\u00f6y\u00fc\u015f meydan\u0131nda m\u0259\u011flub ed\u0259r\u0259k tam q\u0259l\u0259b\u0259 qazanan, \u00f6lk\u0259sinin suverenliyini t\u0259min ed\u0259n Prezident kimi qar\u015f\u0131lanmas\u0131 diqq\u0259td\u0259n yay\u0131nmad\u0131. Rusiya medias\u0131n\u0131n Az\u0259rbaycan Prezidentinin bu s\u0259f\u0259rin\u0259 geni\u015f yer ay\u0131rmas\u0131 t\u0259sad\u00fcfi deyildi. Rusiya Prezidenti Vladimir Putinin d\u0259v\u0259ti il\u0259 ba\u015f tutan Moskva s\u0259f\u0259ri \u00f6lk\u0259l\u0259rimiz aras\u0131nda m\u00fcnasib\u0259tl\u0259rin inki\u015faf\u0131na yeni s\u0259hif\u0259 kimi qiym\u0259tl\u0259ndirildi. Rusiya&hellip;","_links":{"self":[{"href":"https:\/\/arantv.az\/index.php?rest_route=\/wp\/v2\/posts\/715327"}],"collection":[{"href":"https:\/\/arantv.az\/index.php?rest_route=\/wp\/v2\/posts"}],"about":[{"href":"https:\/\/arantv.az\/index.php?rest_route=\/wp\/v2\/types\/post"}],"author":[{"embeddable":true,"href":"https:\/\/arantv.az\/index.php?rest_route=\/wp\/v2\/users\/2"}],"replies":[{"embeddable":true,"href":"https:\/\/arantv.az\/index.php?rest_route=%2Fwp%2Fv2%2Fcomments&post=715327"}],"version-history":[{"count":0,"href":"https:\/\/arantv.az\/index.php?rest_route=\/wp\/v2\/posts\/715327\/revisions"}],"wp:featuredmedia":[{"embeddable":true,"href":"https:\/\/arantv.az\/index.php?rest_route=\/wp\/v2\/media\/715328"}],"wp:attachment":[{"href":"https:\/\/arantv.az\/index.php?rest_route=%2Fwp%2Fv2%2Fmedia&parent=715327"}],"wp:term":[{"taxonomy":"category","embeddable":true,"href":"https:\/\/arantv.az\/index.php?rest_route=%2Fwp%2Fv2%2Fcategories&post=715327"},{"taxonomy":"post_tag","embeddable":true,"href":"https:\/\/arantv.az\/index.php?rest_route=%2Fwp%2Fv2%2Ftags&post=715327"}],"curies":[{"name":"wp","href":"https:\/\/api.w.org\/{rel}","templated":true}]}}