{"id":715353,"date":"2024-04-25T12:15:21","date_gmt":"2024-04-25T08:15:21","guid":{"rendered":"https:\/\/arantv.az\/?p=715353"},"modified":"2024-04-25T12:15:21","modified_gmt":"2024-04-25T08:15:21","slug":"fransada-m%c9%99shur-icm%c9%99li-su-sirk%c9%99tinin-m%c9%99hsullarinda-n%c9%99cis-bakteriyasi-askar-edilib","status":"publish","type":"post","link":"https:\/\/arantv.az\/?p=715353","title":{"rendered":"Fransada m\u0259\u015fhur i\u00e7m\u0259li su \u015firk\u0259tinin m\u0259hsullar\u0131nda n\u0259cis bakteriyas\u0131 a\u015fkar edilib"},"content":{"rendered":"<p>Fransada \u201cNestl\u00e9 Waters\u201d su quyusunun n\u0259cis bakteriyalar\u0131 il\u0259 \u00e7irkl\u0259nm\u0259si s\u0259b\u0259bind\u0259n iki\u00a0milyon \u015f\u00fc\u015f\u0259 \u201cPerrier\u201d mineral suyunu m\u0259hv edib.<\/p>\n<p>Bu bar\u0259d\u0259 \u015firk\u0259t b\u0259yanat yay\u0131b.<\/p>\n<p>Bildirilir ki, mineral su partiyas\u0131 ehtiyat t\u0259dbiri olaraq m\u0259hv edilib.<\/p>\n<p>Bundan \u0259vv\u0259l Fransan\u0131n Verjez \u015f\u0259h\u0259rind\u0259 \u015firk\u0259tin \u0259razisind\u0259ki suyun ba\u011f\u0131rsaq \u00e7\u00f6p\u00fc v\u0259 sineqnoy \u00e7\u00f6p\u00fc il\u0259 bakterial \u00e7irkl\u0259nm\u0259si a\u015fkar edilib. \u015e\u0259h\u0259r r\u0259hb\u0259rliyi \u201cNestle\u201dd\u0259n quyunun istismar\u0131n\u0131 d\u0259rhal dayand\u0131rma\u011f\u0131 t\u0259l\u0259b edib.<\/p>\n<p>\u015eirk\u0259tin m\u0259lumat\u0131na g\u00f6r\u0259, suyun \u00e7irkl\u0259nm\u0259si mart ay\u0131nda \u201cMonika\u201d qas\u0131r\u011fas\u0131 zaman\u0131 g\u00fccl\u00fc ya\u011f\u0131\u015flar n\u0259tic\u0259sind\u0259 ba\u015f verib.<\/p>\n<p>Qeyd ed\u0259k ki, 2024-c\u00fc ilin fevral\u0131nda \u201cFoodwatch\u201d \u0130stehlak\u00e7\u0131lar\u0131n h\u00fcquqlar\u0131n\u0131n m\u00fcdafi\u0259si \u00fczr\u0259 Avropa Assosiasiyas\u0131 \u201cNestle\u201dni m\u0259hk\u0259m\u0259y\u0259 verib. Assosiasiya bildirib ki, istehsal\u00e7\u0131 Fransadak\u0131 fabrikl\u0259rd\u0259 \u201cVittel\u201d v\u0259 \u201cPerrier\u201d markalar\u0131 \u00fc\u00e7\u00fcn suyun qada\u011fan olunmu\u015f t\u0259mizl\u0259nm\u0259 \u00fcsullar\u0131ndan istifad\u0259 edir.<\/p>\n<p>Bel\u0259 ki, \u201cNestle\u201dnin Fransa b\u00f6lm\u0259si \u00e7irkl\u0259nmi\u015f suyu ultrab\u0259n\u00f6v\u015f\u0259yi i\u015f\u0131q v\u0259 k\u00f6m\u00fcr filtrl\u0259rind\u0259n istifad\u0259 ed\u0259r\u0259k t\u0259mizl\u0259yib. Bu c\u00fcr t\u0259mizl\u0259m\u0259 \u00fcsullar\u0131 kran suyunun safl\u0131\u011f\u0131n\u0131 t\u0259min etm\u0259k \u00fc\u00e7\u00fcn kifay\u0259t hesab olunur, lakin Avropa \u0130ttifaq\u0131nda \u015f\u00fc\u015f\u0259 mineral suyun istehsal\u0131 \u00fc\u00e7\u00fcn istifad\u0259 edilmir.<\/p>\n<p>M\u0259nb\u0259: Le Monde<\/p>\n","protected":false},"excerpt":{"rendered":"<p>Fransada \u201cNestl\u00e9 Waters\u201d su quyusunun n\u0259cis bakteriyalar\u0131 il\u0259 \u00e7irkl\u0259nm\u0259si s\u0259b\u0259bind\u0259n iki\u00a0milyon \u015f\u00fc\u015f\u0259 \u201cPerrier\u201d mineral suyunu m\u0259hv edib. Bu bar\u0259d\u0259 \u015firk\u0259t b\u0259yanat yay\u0131b. Bildirilir ki, mineral su partiyas\u0131 ehtiyat t\u0259dbiri olaraq m\u0259hv edilib. Bundan \u0259vv\u0259l Fransan\u0131n Verjez \u015f\u0259h\u0259rind\u0259 \u015firk\u0259tin \u0259razisind\u0259ki suyun ba\u011f\u0131rsaq \u00e7\u00f6p\u00fc v\u0259 sineqnoy \u00e7\u00f6p\u00fc il\u0259 bakterial \u00e7irkl\u0259nm\u0259si a\u015fkar edilib. \u015e\u0259h\u0259r r\u0259hb\u0259rliyi \u201cNestle\u201dd\u0259n quyunun istismar\u0131n\u0131 d\u0259rhal dayand\u0131rma\u011f\u0131 t\u0259l\u0259b edib. \u015eirk\u0259tin m\u0259lumat\u0131na g\u00f6r\u0259, suyun \u00e7irkl\u0259nm\u0259si mart ay\u0131nda \u201cMonika\u201d qas\u0131r\u011fas\u0131 zaman\u0131 g\u00fccl\u00fc ya\u011f\u0131\u015flar n\u0259tic\u0259sind\u0259 ba\u015f verib. Qeyd ed\u0259k ki, 2024-c\u00fc ilin fevral\u0131nda \u201cFoodwatch\u201d \u0130stehlak\u00e7\u0131lar\u0131n h\u00fcquqlar\u0131n\u0131n m\u00fcdafi\u0259si \u00fczr\u0259 Avropa Assosiasiyas\u0131 \u201cNestle\u201dni m\u0259hk\u0259m\u0259y\u0259 verib.&hellip;<\/p>\n","protected":false},"author":2,"featured_media":715354,"comment_status":"closed","ping_status":"closed","sticky":false,"template":"","format":"standard","meta":{"om_disable_all_campaigns":false,"_monsterinsights_skip_tracking":false,"_monsterinsights_sitenote_active":false,"_monsterinsights_sitenote_note":"","_monsterinsights_sitenote_category":0},"categories":[7],"tags":[],"aioseo_notices":[],"gutentor_comment":0,"rttpg_featured_image_url":{"full":["https:\/\/arantv.az\/wp-content\/uploads\/2024\/04\/2-4.jpg",620,413,false],"landscape":["https:\/\/arantv.az\/wp-content\/uploads\/2024\/04\/2-4.jpg",620,413,false],"portraits":["https:\/\/arantv.az\/wp-content\/uploads\/2024\/04\/2-4.jpg",620,413,false],"thumbnail":["https:\/\/arantv.az\/wp-content\/uploads\/2024\/04\/2-4-500x280.jpg",500,280,true],"medium":["https:\/\/arantv.az\/wp-content\/uploads\/2024\/04\/2-4-548x365.jpg",548,365,true],"large":["https:\/\/arantv.az\/wp-content\/uploads\/2024\/04\/2-4.jpg",620,413,false],"1536x1536":["https:\/\/arantv.az\/wp-content\/uploads\/2024\/04\/2-4.jpg",620,413,false],"2048x2048":["https:\/\/arantv.az\/wp-content\/uploads\/2024\/04\/2-4.jpg",620,413,false],"post-thumbnail":["https:\/\/arantv.az\/wp-content\/uploads\/2024\/04\/2-4-240x172.jpg",240,172,true],"advps-thumb-one":["https:\/\/arantv.az\/wp-content\/uploads\/2024\/04\/2-4.jpg",620,413,false]},"rttpg_author":{"display_name":"V\u00fcsal Rafiqo\u011flu","author_link":"https:\/\/arantv.az\/?author=2"},"rttpg_comment":0,"rttpg_category":"<a href=\"https:\/\/arantv.az\/?cat=7\" rel=\"category\">D\u00fcnya<\/a>","rttpg_excerpt":"Fransada \u201cNestl\u00e9 Waters\u201d su quyusunun n\u0259cis bakteriyalar\u0131 il\u0259 \u00e7irkl\u0259nm\u0259si s\u0259b\u0259bind\u0259n iki\u00a0milyon \u015f\u00fc\u015f\u0259 \u201cPerrier\u201d mineral suyunu m\u0259hv edib. Bu bar\u0259d\u0259 \u015firk\u0259t b\u0259yanat yay\u0131b. Bildirilir ki, mineral su partiyas\u0131 ehtiyat t\u0259dbiri olaraq m\u0259hv edilib. Bundan \u0259vv\u0259l Fransan\u0131n Verjez \u015f\u0259h\u0259rind\u0259 \u015firk\u0259tin \u0259razisind\u0259ki suyun ba\u011f\u0131rsaq \u00e7\u00f6p\u00fc v\u0259 sineqnoy \u00e7\u00f6p\u00fc il\u0259 bakterial \u00e7irkl\u0259nm\u0259si a\u015fkar edilib. \u015e\u0259h\u0259r r\u0259hb\u0259rliyi \u201cNestle\u201dd\u0259n quyunun istismar\u0131n\u0131&hellip;","_links":{"self":[{"href":"https:\/\/arantv.az\/index.php?rest_route=\/wp\/v2\/posts\/715353"}],"collection":[{"href":"https:\/\/arantv.az\/index.php?rest_route=\/wp\/v2\/posts"}],"about":[{"href":"https:\/\/arantv.az\/index.php?rest_route=\/wp\/v2\/types\/post"}],"author":[{"embeddable":true,"href":"https:\/\/arantv.az\/index.php?rest_route=\/wp\/v2\/users\/2"}],"replies":[{"embeddable":true,"href":"https:\/\/arantv.az\/index.php?rest_route=%2Fwp%2Fv2%2Fcomments&post=715353"}],"version-history":[{"count":0,"href":"https:\/\/arantv.az\/index.php?rest_route=\/wp\/v2\/posts\/715353\/revisions"}],"wp:featuredmedia":[{"embeddable":true,"href":"https:\/\/arantv.az\/index.php?rest_route=\/wp\/v2\/media\/715354"}],"wp:attachment":[{"href":"https:\/\/arantv.az\/index.php?rest_route=%2Fwp%2Fv2%2Fmedia&parent=715353"}],"wp:term":[{"taxonomy":"category","embeddable":true,"href":"https:\/\/arantv.az\/index.php?rest_route=%2Fwp%2Fv2%2Fcategories&post=715353"},{"taxonomy":"post_tag","embeddable":true,"href":"https:\/\/arantv.az\/index.php?rest_route=%2Fwp%2Fv2%2Ftags&post=715353"}],"curies":[{"name":"wp","href":"https:\/\/api.w.org\/{rel}","templated":true}]}}