{"id":715402,"date":"2024-04-25T12:57:59","date_gmt":"2024-04-25T08:57:59","guid":{"rendered":"https:\/\/arantv.az\/?p=715402"},"modified":"2024-04-25T12:57:59","modified_gmt":"2024-04-25T08:57:59","slug":"qubada-q%c9%99zali-durumda-olan-elektrik-dir%c9%99kl%c9%99ri-n%c9%99-zaman-yenil%c9%99n%c9%99c%c9%99k-r%c9%99smi-aciqlama-video","status":"publish","type":"post","link":"https:\/\/arantv.az\/?p=715402","title":{"rendered":"Qubada q\u0259zal\u0131 durumda olan elektrik dir\u0259kl\u0259ri n\u0259 zaman yenil\u0259n\u0259c\u0259k? &#8211; R\u018fSM\u0130 A\u00c7IQLAMA + V\u0130DEO"},"content":{"rendered":"<article class=\"news\">\n<div class=\"news-inner\">\n<p>Quba rayonunun Dal\u0131qaya k\u0259ndind\u0259 elektrik x\u0259tl\u0259ri v\u0259 dir\u0259kl\u0259ri q\u0259zal\u0131 v\u0259ziyy\u0259td\u0259dir.<\/p>\n<p>Bu bar\u0259d\u0259 Bizim.media-ya k\u0259nd sakini Ramin \u0130smixanov m\u0259lumat verib.<\/p>\n<p>Bildirib ki, elektrik dir\u0259kl\u0259ri q\u0259zal\u0131 v\u0259 istifad\u0259y\u0259 yarars\u0131zd\u0131r. Elektrik dir\u0259kl\u0259rind\u0259n biri d\u0259 onun h\u0259y\u0259tind\u0259 yerl\u0259\u015fir. K\u00fcl\u0259k olan kimi t\u0259hl\u00fck\u0259li v\u0259ziyy\u0259t yaran\u0131r, u\u015faqlar\u0131 h\u0259y\u0259t\u0259 n\u0259zar\u0259tsiz buraxa bilmirl\u0259r.<\/p>\n<p>Dal\u0131qaya sakininin s\u00f6zl\u0259rin\u0259 g\u00f6r\u0259, elektrik dir\u0259yi a\u015fmas\u0131n dey\u0259 onu m\u00fcv\u0259qq\u0259ti olaraq kola ba\u011flay\u0131blar. Onun s\u00f6zl\u0259rin\u0259 g\u00f6r\u0259, aidiyy\u0259ti qurumlara m\u00fcraci\u0259t edils\u0259 d\u0259, h\u0259l\u0259 ki n\u0259tic\u0259 yoxdur.<\/p>\n<p>K\u0259ndd\u0259 g\u00fcnd\u0259lik i\u015f\u0131q problemi olmasa da, hava d\u0259yi\u015f\u0259n kimi dir\u0259kl\u0259rin a\u015fma t\u0259hl\u00fck\u0259si art\u0131r.<\/p>\n<p>M\u0259s\u0259l\u0259 il\u0259 ba\u011fl\u0131 Quba \u0130cra Hakimiyy\u0259tinin ba\u015f\u00e7\u0131s\u0131n\u0131n R\u00fck \u0130nzibati \u018frazi Dair\u0259sind\u0259n bildirilib ki, n\u00fcmay\u0259nd\u0259liyin S\u00f6h\u00fcb k\u0259ndi istisna olmaqla, dig\u0259r be\u015f k\u0259ndind\u0259 elektrik dir\u0259kl\u0259ri v\u0259 x\u0259tl\u0259ri k\u00f6hn\u0259 v\u0259 q\u0259zal\u0131d\u0131r.<\/p>\n<p>\u201cBu bar\u0259d\u0259 h\u0259r il hesabatlar\u0131m\u0131z\u0131 m\u00fcvafiq quruma \u00e7atd\u0131rm\u0131\u015f\u0131q. Dal\u0131qaya k\u0259ndind\u0259 d\u0259 eyni v\u0259ziyy\u0259tdir\u201d.<\/p>\n<p>\u201cAz\u0259ri\u015f\u0131q\u201d ASC-nin Xa\u00e7maz Regional Elektrik \u015e\u0259b\u0259k\u0259sinin Quba rayon \u015f\u00f6b\u0259sind\u0259n m\u0259lumat verilib ki, h\u0259min k\u0259ndin v\u0259t\u0259nda\u015f\u0131n\u0131n elektrik enerjisinin verilm\u0259si il\u0259 ba\u011fl\u0131 \u015fikay\u0259ti yoxdur:<\/p>\n<p>\u201cK\u00f6hn\u0259 v\u0259 q\u0259zal\u0131 dir\u0259kl\u0259rin yenil\u0259nm\u0259si is\u0259 \u015f\u0259b\u0259k\u0259nin diqq\u0259tind\u0259dir. May ay\u0131ndan ba\u015flayaraq h\u0259min k\u0259ndd\u0259 elektrik dir\u0259kl\u0259rinin yenil\u0259nm\u0259sin\u0259 ba\u015flan\u0131lacaq\u201d.<\/p>\n<div><iframe loading=\"lazy\" src=\"https:\/\/baku.tv\/embed\/134440\" width=\"560\" height=\"315\" frameborder=\"0\" allowfullscreen=\"allowfullscreen\" data-mce-fragment=\"1\"><\/iframe><\/div>\n<\/div>\n<\/article>\n","protected":false},"excerpt":{"rendered":"<p>Quba rayonunun Dal\u0131qaya k\u0259ndind\u0259 elektrik x\u0259tl\u0259ri v\u0259 dir\u0259kl\u0259ri q\u0259zal\u0131 v\u0259ziyy\u0259td\u0259dir. Bu bar\u0259d\u0259 Bizim.media-ya k\u0259nd sakini Ramin \u0130smixanov m\u0259lumat verib. Bildirib ki, elektrik dir\u0259kl\u0259ri q\u0259zal\u0131 v\u0259 istifad\u0259y\u0259 yarars\u0131zd\u0131r. Elektrik dir\u0259kl\u0259rind\u0259n biri d\u0259 onun h\u0259y\u0259tind\u0259 yerl\u0259\u015fir. K\u00fcl\u0259k olan kimi t\u0259hl\u00fck\u0259li v\u0259ziyy\u0259t yaran\u0131r, u\u015faqlar\u0131 h\u0259y\u0259t\u0259 n\u0259zar\u0259tsiz buraxa bilmirl\u0259r. Dal\u0131qaya sakininin s\u00f6zl\u0259rin\u0259 g\u00f6r\u0259, elektrik dir\u0259yi a\u015fmas\u0131n dey\u0259 onu m\u00fcv\u0259qq\u0259ti olaraq kola ba\u011flay\u0131blar. Onun s\u00f6zl\u0259rin\u0259 g\u00f6r\u0259, aidiyy\u0259ti qurumlara m\u00fcraci\u0259t edils\u0259 d\u0259, h\u0259l\u0259 ki n\u0259tic\u0259 yoxdur. K\u0259ndd\u0259 g\u00fcnd\u0259lik i\u015f\u0131q problemi olmasa da, hava d\u0259yi\u015f\u0259n kimi dir\u0259kl\u0259rin a\u015fma t\u0259hl\u00fck\u0259si art\u0131r. M\u0259s\u0259l\u0259 il\u0259 ba\u011fl\u0131 Quba \u0130cra Hakimiyy\u0259tinin ba\u015f\u00e7\u0131s\u0131n\u0131n&hellip;<\/p>\n","protected":false},"author":2,"featured_media":715403,"comment_status":"closed","ping_status":"closed","sticky":false,"template":"","format":"standard","meta":{"om_disable_all_campaigns":false,"_monsterinsights_skip_tracking":false,"_monsterinsights_sitenote_active":false,"_monsterinsights_sitenote_note":"","_monsterinsights_sitenote_category":0},"categories":[1],"tags":[],"aioseo_notices":[],"gutentor_comment":0,"rttpg_featured_image_url":{"full":["https:\/\/arantv.az\/wp-content\/uploads\/2024\/04\/1714028497_photo_5283151610983338747_y.jpg",620,413,false],"landscape":["https:\/\/arantv.az\/wp-content\/uploads\/2024\/04\/1714028497_photo_5283151610983338747_y.jpg",620,413,false],"portraits":["https:\/\/arantv.az\/wp-content\/uploads\/2024\/04\/1714028497_photo_5283151610983338747_y.jpg",620,413,false],"thumbnail":["https:\/\/arantv.az\/wp-content\/uploads\/2024\/04\/1714028497_photo_5283151610983338747_y-500x280.jpg",500,280,true],"medium":["https:\/\/arantv.az\/wp-content\/uploads\/2024\/04\/1714028497_photo_5283151610983338747_y-548x365.jpg",548,365,true],"large":["https:\/\/arantv.az\/wp-content\/uploads\/2024\/04\/1714028497_photo_5283151610983338747_y.jpg",620,413,false],"1536x1536":["https:\/\/arantv.az\/wp-content\/uploads\/2024\/04\/1714028497_photo_5283151610983338747_y.jpg",620,413,false],"2048x2048":["https:\/\/arantv.az\/wp-content\/uploads\/2024\/04\/1714028497_photo_5283151610983338747_y.jpg",620,413,false],"post-thumbnail":["https:\/\/arantv.az\/wp-content\/uploads\/2024\/04\/1714028497_photo_5283151610983338747_y-240x172.jpg",240,172,true],"advps-thumb-one":["https:\/\/arantv.az\/wp-content\/uploads\/2024\/04\/1714028497_photo_5283151610983338747_y.jpg",620,413,false]},"rttpg_author":{"display_name":"V\u00fcsal Rafiqo\u011flu","author_link":"https:\/\/arantv.az\/?author=2"},"rttpg_comment":0,"rttpg_category":"<a href=\"https:\/\/arantv.az\/?cat=1\" rel=\"category\">C\u0259miyy\u0259t<\/a>","rttpg_excerpt":"Quba rayonunun Dal\u0131qaya k\u0259ndind\u0259 elektrik x\u0259tl\u0259ri v\u0259 dir\u0259kl\u0259ri q\u0259zal\u0131 v\u0259ziyy\u0259td\u0259dir. Bu bar\u0259d\u0259 Bizim.media-ya k\u0259nd sakini Ramin \u0130smixanov m\u0259lumat verib. Bildirib ki, elektrik dir\u0259kl\u0259ri q\u0259zal\u0131 v\u0259 istifad\u0259y\u0259 yarars\u0131zd\u0131r. Elektrik dir\u0259kl\u0259rind\u0259n biri d\u0259 onun h\u0259y\u0259tind\u0259 yerl\u0259\u015fir. K\u00fcl\u0259k olan kimi t\u0259hl\u00fck\u0259li v\u0259ziyy\u0259t yaran\u0131r, u\u015faqlar\u0131 h\u0259y\u0259t\u0259 n\u0259zar\u0259tsiz buraxa bilmirl\u0259r. Dal\u0131qaya sakininin s\u00f6zl\u0259rin\u0259 g\u00f6r\u0259, elektrik dir\u0259yi a\u015fmas\u0131n dey\u0259 onu m\u00fcv\u0259qq\u0259ti&hellip;","_links":{"self":[{"href":"https:\/\/arantv.az\/index.php?rest_route=\/wp\/v2\/posts\/715402"}],"collection":[{"href":"https:\/\/arantv.az\/index.php?rest_route=\/wp\/v2\/posts"}],"about":[{"href":"https:\/\/arantv.az\/index.php?rest_route=\/wp\/v2\/types\/post"}],"author":[{"embeddable":true,"href":"https:\/\/arantv.az\/index.php?rest_route=\/wp\/v2\/users\/2"}],"replies":[{"embeddable":true,"href":"https:\/\/arantv.az\/index.php?rest_route=%2Fwp%2Fv2%2Fcomments&post=715402"}],"version-history":[{"count":0,"href":"https:\/\/arantv.az\/index.php?rest_route=\/wp\/v2\/posts\/715402\/revisions"}],"wp:featuredmedia":[{"embeddable":true,"href":"https:\/\/arantv.az\/index.php?rest_route=\/wp\/v2\/media\/715403"}],"wp:attachment":[{"href":"https:\/\/arantv.az\/index.php?rest_route=%2Fwp%2Fv2%2Fmedia&parent=715402"}],"wp:term":[{"taxonomy":"category","embeddable":true,"href":"https:\/\/arantv.az\/index.php?rest_route=%2Fwp%2Fv2%2Fcategories&post=715402"},{"taxonomy":"post_tag","embeddable":true,"href":"https:\/\/arantv.az\/index.php?rest_route=%2Fwp%2Fv2%2Ftags&post=715402"}],"curies":[{"name":"wp","href":"https:\/\/api.w.org\/{rel}","templated":true}]}}