{"id":715415,"date":"2024-04-25T13:31:20","date_gmt":"2024-04-25T09:31:20","guid":{"rendered":"https:\/\/arantv.az\/?p=715415"},"modified":"2024-04-25T13:31:20","modified_gmt":"2024-04-25T09:31:20","slug":"tarixd%c9%99-ilk-s%c9%99rh%c9%99dd%c9%99-demarkasiya-dir%c9%99yinin-yaratdigi-yeni-situasiya","status":"publish","type":"post","link":"https:\/\/arantv.az\/?p=715415","title":{"rendered":"Tarixd\u0259 ilk &#8211; s\u0259rh\u0259dd\u0259 demarkasiya dir\u0259yinin yaratd\u0131\u011f\u0131 yeni situasiya"},"content":{"rendered":"<p><strong>M\u0259lum oldu\u011fu kimi, Az\u0259rbaycanla Erm\u0259nistan s\u0259rh\u0259dd\u0259 koordinatlar\u0131n d\u0259qiql\u0259\u015fdirilm\u0259si prosesin\u0259 ba\u015flay\u0131b.<\/strong><\/p>\n<p>Bu bar\u0259d\u0259 Az\u0259rbaycan Respublikas\u0131 Ba\u015f nazirinin m\u00fcavini \u015eahin Mustafayevin xidm\u0259tinin media \u00fc\u00e7\u00fcn yayd\u0131\u011f\u0131 m\u0259lumatda bildirilib ki, Az\u0259rbaycan Respublikas\u0131 il\u0259 Erm\u0259nistan Respublikas\u0131 aras\u0131nda d\u00f6vl\u0259t s\u0259rh\u0259dinin delimitasiyas\u0131 \u00fczr\u0259 D\u00f6vl\u0259t Komissiyas\u0131 v\u0259 Erm\u0259nistan Respublikas\u0131 il\u0259 Az\u0259rbaycan Respublikas\u0131 aras\u0131nda d\u00f6vl\u0259t s\u0259rh\u0259dinin delimitasiyas\u0131 v\u0259 s\u0259rh\u0259d t\u0259hl\u00fck\u0259sizliyi m\u0259s\u0259l\u0259l\u0259ri \u00fczr\u0259 Komissiyan\u0131n s\u0259kkizinci g\u00f6r\u00fc\u015f\u00fcn\u00fcn yekunlar\u0131 \u00fczr\u0259 \u0259ld\u0259 edil\u0259n raz\u0131la\u015fmalara m\u00fcvafiq olaraq, 2024-c\u00fc il aprelin 23-d\u0259 \u00f6lk\u0259l\u0259rin ekspert qruplar\u0131 Az\u0259rbaycan Respublikas\u0131 il\u0259 Erm\u0259nistan Respublikas\u0131 aras\u0131ndak\u0131 s\u0259rh\u0259dd\u0259 yerd\u0259ki geodeziya \u00f6l\u00e7m\u0259l\u0259rin\u0259 \u0259saslanaraq koordinatlar\u0131n d\u0259qiql\u0259\u015fdirilm\u0259si prosesin\u0259 ba\u015flay\u0131b.<\/p>\n<p>El\u0259 aprelin 23-d\u0259 Az\u0259rbaycan Respublikas\u0131 il\u0259 Erm\u0259nistan Respublikas\u0131 aras\u0131nda s\u0259rh\u0259dd\u0259 yerd\u0259ki geodeziya \u00f6l\u00e7m\u0259l\u0259rin\u0259 \u0259saslanaraq koordinatlar\u0131n d\u0259qiql\u0259\u015fdirilm\u0259si prosesi \u00e7\u0259r\u00e7iv\u0259sind\u0259 ilk s\u0259rh\u0259d dir\u0259yi qura\u015fd\u0131r\u0131l\u0131b. \u0130ki \u00f6lk\u0259nin ekspert qruplar\u0131n\u0131n i\u015fi davam edir.<\/p>\n<p>Bu art\u0131q o dem\u0259kdir ki, delimitasiya \u00fczr\u0259 konkret anla\u015fmalar icra olunur, ilk dir\u0259yin qura\u015fd\u0131r\u0131lmas\u0131 art\u0131q demarkasiya anlam\u0131na g\u0259lir.<\/p>\n<p>Bu, tariximizd\u0259 bir ilk kimi qiym\u0259tl\u0259ndiril\u0259 bil\u0259r. 1918-20-ci ill\u0259rd\u0259 bunu m\u00fc\u0259yy\u0259n etm\u0259k m\u00fcmk\u00fcn olmay\u0131b, sovet d\u00f6vr\u00fcnd\u0259 is\u0259 s\u0259rh\u0259dl\u0259r s\u0259n\u0259d, x\u0259rit\u0259 \u00fcz\u0259rind\u0259 b\u0259lli olsa da, \u00fcmumittifaq anlay\u0131\u015f\u0131na g\u00f6r\u0259 buna konkret \u0259m\u0259l edilm\u0259yib. M\u00fcst\u0259qilliyimizin b\u0259rpas\u0131ndan sonra is\u0259 \u0259razil\u0259rimizin 20 faizi Erm\u0259nistan t\u0259r\u0259find\u0259n i\u015f\u011fal edildiyind\u0259n yaln\u0131z indi s\u0259rh\u0259dl\u0259rimizi tam d\u0259qiq m\u00fc\u0259yy\u0259nl\u0259\u015fdirm\u0259y\u0259 ba\u015flam\u0131\u015f\u0131q. Art\u0131q ilk demarkasiya dir\u0259yi qura\u015fd\u0131l\u0131b. Prosesi art\u0131q tam raz\u0131la\u015fma kimi ba\u015fa d\u00fc\u015fm\u0259k olarm\u0131?<\/p>\n<p><img loading=\"lazy\" src=\"https:\/\/cdn.musavat.com\/news\/thumbnails\/f2c455c8a0181483f6f16465b2c61fbb.jpg\" alt=\"Abutalib-semedov-121-900x604.jpg (83 KB)\" width=\"900\" height=\"604\" \/><\/p>\n<p><strong>Abutal\u0131b S\u0259m\u0259dov: \u201cD\u00fcnyada b\u0259lk\u0259 d\u0259 ilk d\u0259f\u0259 delimitasiya v\u0259\u00a0demarkasiya m\u0259s\u0259l\u0259l\u0259rinin tamamil\u0259 yeni bir formas\u0131 t\u0259tbiq olunub\u201d<\/strong><\/p>\n<p><strong>\u201cAlyans\u201d Ara\u015fd\u0131rmalar M\u0259rk\u0259zinin r\u0259hb\u0259ri Abutal\u0131b S\u0259m\u0259dov \u201cYeni M\u00fcsavat\u201da bildirdi ki, Az\u0259rbaycanla Erm\u0259nistan aras\u0131nda h\u0259qiq\u0259t\u0259n tarixi g\u00fcnl\u0259r ya\u015fan\u0131r. D\u00fcnyada b\u0259lk\u0259 d\u0259 ilk d\u0259f\u0259 delimitasiya v\u0259 demarkasiya m\u0259s\u0259l\u0259l\u0259rinin tamamil\u0259 yeni bir formas\u0131 t\u0259tbiq olunub. Y\u0259ni indiy\u0259 q\u0259d\u0259r bel\u0259 bir praktika m\u00f6vcud olmay\u0131b:<\/strong>\u00a0\u201cPraktikada bel\u0259 olub ki, \u0259vv\u0259lc\u0259 delimitasiya i\u015fl\u0259ri apar\u0131l\u0131b, x\u0259rit\u0259l\u0259r \u00fcz\u0259rind\u0259 s\u0259rh\u0259dl\u0259r m\u00fc\u0259yy\u0259nl\u0259\u015fdirilib v\u0259 bundan sonra t\u0259r\u0259fl\u0259r aras\u0131nda m\u00fcqavil\u0259 imzalan\u0131b, sonradan art\u0131q yerd\u0259 s\u0259rh\u0259d dir\u0259kl\u0259ri basd\u0131r\u0131laraq demarkasiya prosesin\u0259 ke\u00e7ilib. Ancaq indi Az\u0259rbaycan-Erm\u0259nistan n\u00fcmun\u0259sind\u0259 yeni praktika ya\u015fand\u0131 &#8211; raz\u0131la\u015fma \u0259ld\u0259 olundu v\u0259 d\u0259rhal s\u0259rh\u0259d dir\u0259kl\u0259ri basd\u0131r\u0131ld\u0131. Bu, Erm\u0259nistan c\u0259miyy\u0259tind\u0259 d\u0259 t\u0259\u0259cc\u00fcb yarad\u0131b. Bel\u0259 bir \u015fey d\u00fcnyada he\u00e7 vaxt olmay\u0131b. Bu yax\u015f\u0131 t\u0259cr\u00fcb\u0259ni Az\u0259rbaycan v\u0259 Erm\u0259nistan d\u00fcnyaya t\u0259qdim etdi. Bu, Erm\u0259nistan r\u0259hb\u0259rliyinin proses\u0259 n\u0259 q\u0259d\u0259r \u0259h\u0259miyy\u0259t verdiyini g\u00f6st\u0259rm\u0259kl\u0259 yana\u015f\u0131, n\u0259 q\u0259d\u0259r \u00e7\u0259kindiyini d\u0259 g\u00f6st\u0259rir. M\u00fcst\u0259qillik ill\u0259rind\u0259 Az\u0259rbaycana qar\u015f\u0131 t\u00f6r\u0259dil\u0259n h\u00fcquqazidd h\u0259r\u0259k\u0259tl\u0259r Erm\u0259nistanda b\u00f6y\u00fck qorxu yarad\u0131b ki, eyni \u015feyi Az\u0259rbaycan da onlara qar\u015f\u0131 el\u0259y\u0259 bil\u0259r. Bu g\u00fcn Az\u0259rbaycan h\u0259r c\u0259h\u0259td\u0259n Erm\u0259nistandan d\u0259f\u0259l\u0259rl\u0259 g\u00fccl\u00fcd\u00fcr. Bu s\u0259b\u0259bd\u0259n Erm\u0259nistan\u0131n ba\u015f naziri prosesi m\u00fcmk\u00fcn q\u0259d\u0259r tez yekunla\u015fd\u0131rmaq ist\u0259yir. \u00d6z\u00fc s\u0259rh\u0259dd\u0259ki k\u0259ndl\u0259r\u0259 gedir, \u0259halini ba\u015fa salma\u011fa \u00e7al\u0131\u015f\u0131r, etiraz el\u0259y\u0259nl\u0259r\u0259 qar\u015f\u0131 qanunun s\u0259rt \u00fcz\u00fc t\u0259tbiq olunur. Bir s\u00f6zl\u0259, tarixi proses art\u0131q ba\u015flay\u0131b, ilk dir\u0259kl\u0259r basd\u0131r\u0131l\u0131b v\u0259 prosesin s\u00fcr\u0259tl\u0259 ba\u015fa \u00e7atd\u0131r\u0131lmas\u0131 \u00fc\u00e7\u00fcn real \u015f\u0259rait var. Laz\u0131md\u0131r ki, bu q\u0259tiyy\u0259ti Erm\u0259nistan hakimiyy\u0259ti bundan sonra da g\u00f6st\u0259rm\u0259y\u0259 davam el\u0259sin. G\u00fcman edir\u0259m ki, bu c\u00fcr davam el\u0259s\u0259, biz \u00fcr\u0259k rahatl\u0131\u011f\u0131 il\u0259 dey\u0259 bil\u0259rik ki, art\u0131q tam raz\u0131la\u015fma var v\u0259 q\u0131sa m\u00fcdd\u0259td\u0259 d\u00fcnyada b\u0259nz\u0259ri olmayan delimitasiya v\u0259 demarkasiya i\u015fl\u0259ri h\u0259yata ke\u00e7iril\u0259c\u0259k\u201d.<\/p>\n<p><strong>Deputat Hikm\u0259t Babao\u011flu is\u0259 bildirdi ki, son d\u00f6rd ild\u0259 tarixi hadis\u0259l\u0259r kimi s\u0259ciyy\u0259l\u0259ndiril\u0259n geostrateji yenilikl\u0259r\u0259 daha birisi \u0259lav\u0259 edildi:<\/strong>\u00a0\u201cYeni m\u00fcharib\u0259y\u0259 s\u0259b\u0259b olacaq potensiala malik Qazax rayonunun 4 k\u0259ndinin Az\u0259rbaycana qaytar\u0131lmas\u0131 il\u0259 ba\u011fl\u0131 \u0259ld\u0259 edil\u0259n raz\u0131l\u0131q v\u0259 s\u0259rh\u0259d dir\u0259kl\u0259rinin basd\u0131r\u0131lma\u011fa ba\u015flanmas\u0131 s\u00fclh \u00fcmidl\u0259rini yenid\u0259n art\u0131rd\u0131. Bel\u0259likl\u0259, 44 g\u00fcnl\u00fck m\u00fcharib\u0259d\u0259n sonra s\u00fclh\u0259 ged\u0259n yolda ciddi d\u00f6n\u00fc\u015f yarand\u0131. \u018fslind\u0259 hadis\u0259l\u0259rin son k\u0259ndl\u0259rimizin d\u0259 i\u015f\u011faldan azad olunmas\u0131na q\u0259d\u0259r g\u0259lib \u00e7\u0131xmas\u0131 10 noyabr \u00fc\u00e7t\u0259r\u0259fli b\u0259yanat\u0131ndan sonra Az\u0259rbaycan\u0131n h\u0259yata ke\u00e7irdiyi olduqca m\u00fcr\u0259kk\u0259b v\u0259 \u00e7\u0259tin\u00a0 h\u0259rbi-siyasi v\u0259 diplomatik prosesin son h\u0259lq\u0259l\u0259rind\u0259n biri kimi qiym\u0259tl\u0259ndirilm\u0259lidir. Q\u0131saca olaraq\u00a0 bu m\u00fch\u00fcm prosesin ard\u0131c\u0131ll\u0131\u011f\u0131na n\u0259z\u0259r salsaq, g\u00f6r\u0259c\u0259yik ki, \u0259g\u0259r La\u00e7\u0131n yolu, Q\u0131rxq\u0131z, F\u0259rrux, Sar\u0131baba \u0259m\u0259liyyatlar\u0131ndan ke\u00e7ib, n\u0259hay\u0259t, 2023-c\u00fc il 19-20 sentyabr lokal antiterror \u0259m\u0259liyyat\u0131na q\u0259d\u0259r g\u0259lib \u00e7\u0131xa bilm\u0259s\u0259ydik, Qazax rayonunun 4 k\u0259ndinin azad olunmas\u0131 il\u0259 \u0259laq\u0259dar raz\u0131l\u0131\u011fa da g\u0259l\u0259 bilm\u0259zdik. Y\u0259ni bu m\u00fch\u00fcm hadis\u0259l\u0259rin h\u0259r biri vahid bir strateji kursun ard\u0131c\u0131l h\u0259lq\u0259l\u0259ri idi. N\u0259z\u0259r\u0259 almaq laz\u0131md\u0131r ki, s\u00f6yl\u0259diyimiz ard\u0131c\u0131ll\u0131q \u00fczr\u0259 h\u0259rbi-strateji prosesin idar\u0259 olunmas\u0131 v\u0259 m\u0259ntiqi n\u0259tic\u0259y\u0259 \u00e7atd\u0131r\u0131lmas\u0131 h\u0259m d\u00f6vl\u0259tl\u0259raras\u0131 m\u00fcnasib\u0259tl\u0259r\u0259, h\u0259m d\u0259 beyn\u0259lxalq t\u0259\u015fkilatlar m\u00fcst\u0259visind\u0259 Az\u0259rbaycana qar\u015f\u0131 g\u00f6r\u00fcnm\u0259mi\u015f siyasi t\u0259zyiql\u0259r alt\u0131nda ba\u015f tuturdu. Ancaq Az\u0259rbaycan t\u0259qrib\u0259n yar\u0131m il \u00f6nc\u0259 100 illik problemi, y\u0259ni 1923-c\u00fc ilin noyabr ay\u0131nda Az\u0259rbaycan \u0259razisind\u0259 yarad\u0131lan v\u0259 milli d\u00f6vl\u0259timizin t\u0259m\u0259ll\u0259rinin alt\u0131na uzunm\u00fcdd\u0259tli mina kimi basd\u0131r\u0131lan &#8220;Qaraba\u011f&#8221; adl\u0131 problemi 2023-c\u00fc ilin sentyabr ay\u0131nda 23 saatl\u0131q \u0259m\u0259liyyatla bird\u0259f\u0259lik aradan qald\u0131rmaqla, Prezident \u0130lham \u018fliyevin dediyi kimi, s\u00fclh\u0259 ged\u0259n yolda \u0259sas mane\u0259ni ortadan g\u00f6t\u00fcrm\u0259yi\u00a0 bacard\u0131. Regionda s\u00fclh\u00fcn \u0259ld\u0259 edilm\u0259si \u00fc\u00e7\u00fcn yeni imkanlar\u0131n yarand\u0131\u011f\u0131 bir vaxtda aprel ay\u0131n\u0131n 5-d\u0259 Br\u00fcsseld\u0259 A\u0130-AB\u015e-Erm\u0259nistan \u00fc\u00e7t\u0259r\u0259fli g\u00f6r\u00fc\u015f\u00fcn\u00fcn ke\u00e7irilm\u0259si il\u0259 neokolonist v\u0259 islamafob g\u00fccl\u0259r yenid\u0259n s\u00fclh perspektivin\u0259 ciddi z\u0259rb\u0259 vurdular. Ancaq bu s\u00fcr\u0259tli diplomatik h\u0259ml\u0259l\u0259r\u0259 baxmayaraq, Az\u0259rbaycan q\u0259tiyy\u0259t v\u0259 siyasi irad\u0259 n\u00fcmayi\u015f etdir\u0259r\u0259k \u00f6z prinsipial m\u00f6vqeyind\u0259n v\u0259 m\u0259qs\u0259dl\u0259rind\u0259n bir add\u0131m da geri \u00e7\u0259kilm\u0259di. N\u0259tic\u0259d\u0259 s\u00fclh\u0259 ged\u0259n yolda daha bir mane\u0259ni aradan g\u00f6t\u00fcrm\u0259kl\u0259 bu g\u00fcn \u015fahidlik etdiyimiz \u0259n yeni siyasi reall\u0131\u011f\u0131 yarada bildi&#8221;.<\/p>\n<p><img src=\"https:\/\/bizim.media\/photo\/700x394\/2023\/11\/15\/1700036975_1696168201_1687594627_1677491165_2.jpg\" alt=\"Hikm\u0259t Babao\u011flu: &quot;Deputatlar\u0131n komp\u00fcterl\u0259ri yenil\u0259nm\u0259lidir&quot;\" \/><\/p>\n<p><strong>Hikm\u0259t Babao\u011flu: \u201cBu t\u0259cr\u00fcb\u0259 dig\u0259r m\u00fcr\u0259kk\u0259b, yaxud m\u00fcbahis\u0259 do\u011furan s\u0259rh\u0259d hiss\u0259l\u0259rind\u0259 d\u0259 raz\u0131la\u015fma \u0259ld\u0259 etm\u0259k \u00fc\u00e7\u00fcn bir n\u00fcmun\u0259 olacaq\u201d<\/strong><\/p>\n<p><strong>H.Babao\u011flu qeyd etdi ki, \u0259ks\u0259r analitikl\u0259rin k\u0259ndl\u0259rimizin azad olunmas\u0131 \u00fc\u00e7\u00fcn Erm\u0259nistan v\u0259 Az\u0259rbaycan aras\u0131nda yeni m\u00fcharib\u0259 ehtimal\u0131n\u0131 proqnozla\u015fd\u0131rd\u0131qlar\u0131 bir vaxtda k\u0259ndl\u0259rin dinc \u015f\u0259kild\u0259 geri qaytar\u0131lmas\u0131 v\u0259 delimitasiya, demarkasiya prosesinin h\u0259yata ke\u00e7irilm\u0259si bar\u0259d\u0259\u00a0 raz\u0131la\u015fman\u0131n \u0259ld\u0259 edilm\u0259si, raz\u0131la\u015fmadan az sonra n\u0259z\u0259rd\u0259 tutulanlar\u0131n praktiki h\u0259yata ke\u00e7irilm\u0259sin\u0259 ba\u015flanmas\u0131 s\u00fclh\u0259 do\u011fru k\u0259skin d\u00f6n\u00fc\u015f kimi qiym\u0259tl\u0259ndirilm\u0259lidir:<\/strong>\u00a0\u201cRadikal erm\u0259nil\u0259r bu k\u0259ndl\u0259rimizin qaytar\u0131lmas\u0131n\u0131 h\u0259m daxili auditoriyaya, h\u0259m d\u0259 xarici siyas\u0259t platformalar\u0131na Erm\u0259nistan d\u00f6vl\u0259tinin sonunun ba\u015flan\u011f\u0131c\u0131 kimi t\u0259qdim ed\u0259r\u0259k m\u0259s\u0259l\u0259ni siyasi drama \u00e7evirirdil\u0259r. El\u0259 siyasi-ideoloji xaos yaratm\u0131\u015fd\u0131lar ki, sanki Az\u0259rbaycana m\u0259xsus olan k\u0259ndl\u0259rin qaytar\u0131lmas\u0131 v\u0259 s\u0259rh\u0259din m\u00fc\u0259yy\u0259nl\u0259\u015fdirilm\u0259si Erm\u0259nistan d\u00f6vl\u0259tinin siyasi intihar\u0131 olacaqd\u0131. Ancaq tam \u0259ksin\u0259, h\u0259qiq\u0259t ondan ibar\u0259tdir ki, bu problemin diplomatik raz\u0131la\u015fma \u0259sas\u0131nda h\u0259ll edilm\u0259si Erm\u0259nistan\u0131n siyasi intihar\u0131 yox, xilas\u0131 kimi qiym\u0259tl\u0259ndirilm\u0259lidir\u201d.<\/p>\n<p>Deputat\u0131n s\u00f6zl\u0259rin\u0259 g\u00f6r\u0259, bu raz\u0131la\u015fman\u0131n u\u011furla davam etm\u0259si bir s\u0131ra probleml\u0259rin h\u0259lli \u00fc\u00e7\u00fcn universal a\u00e7ara \u00e7evril\u0259 bil\u0259r: \u201cM\u0259s\u0259l\u0259 ondad\u0131r ki, raz\u0131la\u015fmada Erm\u0259nistan-Az\u0259rbaycan s\u0259rh\u0259dinin \u0259n \u00e7\u0259tin hiss\u0259l\u0259rinin birind\u0259 delimitasiya v\u0259 demarkasiyan\u0131n eyni\u00a0 vaxtda h\u0259yata ke\u00e7irilm\u0259si, y\u0259ni s\u0259rh\u0259dl\u0259rin tam m\u00fc\u0259yy\u0259nl\u0259\u015fdirilm\u0259si, s\u0259rh\u0259d m\u00fchafiz\u0259 m\u0259nt\u0259q\u0259l\u0259rinin yarad\u0131lmas\u0131, h\u0259r iki \u00f6lk\u0259nin s\u0259rh\u0259d qo\u015fun hiss\u0259l\u0259rinin \u0259raziy\u0259 yerl\u0259\u015fdirilm\u0259si n\u0259z\u0259rd\u0259 tutulurdu ki, aprelin 23-d\u0259n m\u0259hz bu proses\u0259 start verilib. Bu, s\u0259rh\u0259din bir hiss\u0259sind\u0259 prosesin tam ba\u015fa \u00e7atd\u0131r\u0131lmas\u0131 dem\u0259kdir. Y\u0259ni proses bundan sonra da u\u011furla yekunla\u015farsa, o zaman art\u0131q istinad edilm\u0259li bir t\u0259cr\u00fcb\u0259 yaranm\u0131\u015f olacaq v\u0259 bu t\u0259cr\u00fcb\u0259nin metodikas\u0131 dig\u0259r m\u00fcr\u0259kk\u0259b, yaxud m\u00fcbahis\u0259 do\u011furan s\u0259rh\u0259d hiss\u0259l\u0259rind\u0259 d\u0259 raz\u0131la\u015fma \u0259ld\u0259 etm\u0259k \u00fc\u00e7\u00fcn bir n\u00fcmun\u0259 olacaq. M\u00fcharib\u0259y\u0259 daha yax\u0131n hesab edil\u0259n bir v\u0259ziyy\u0259td\u0259 s\u00fclh\u0259 do\u011fru k\u0259skin bir d\u00f6n\u00fc\u015f\u0259 \u015fahidlik etdik\u201d.<\/p>\n","protected":false},"excerpt":{"rendered":"<p>M\u0259lum oldu\u011fu kimi, Az\u0259rbaycanla Erm\u0259nistan s\u0259rh\u0259dd\u0259 koordinatlar\u0131n d\u0259qiql\u0259\u015fdirilm\u0259si prosesin\u0259 ba\u015flay\u0131b. Bu bar\u0259d\u0259 Az\u0259rbaycan Respublikas\u0131 Ba\u015f nazirinin m\u00fcavini \u015eahin Mustafayevin xidm\u0259tinin media \u00fc\u00e7\u00fcn yayd\u0131\u011f\u0131 m\u0259lumatda bildirilib ki, Az\u0259rbaycan Respublikas\u0131 il\u0259 Erm\u0259nistan Respublikas\u0131 aras\u0131nda d\u00f6vl\u0259t s\u0259rh\u0259dinin delimitasiyas\u0131 \u00fczr\u0259 D\u00f6vl\u0259t Komissiyas\u0131 v\u0259 Erm\u0259nistan Respublikas\u0131 il\u0259 Az\u0259rbaycan Respublikas\u0131 aras\u0131nda d\u00f6vl\u0259t s\u0259rh\u0259dinin delimitasiyas\u0131 v\u0259 s\u0259rh\u0259d t\u0259hl\u00fck\u0259sizliyi m\u0259s\u0259l\u0259l\u0259ri \u00fczr\u0259 Komissiyan\u0131n s\u0259kkizinci g\u00f6r\u00fc\u015f\u00fcn\u00fcn yekunlar\u0131 \u00fczr\u0259 \u0259ld\u0259 edil\u0259n raz\u0131la\u015fmalara m\u00fcvafiq olaraq, 2024-c\u00fc il aprelin 23-d\u0259 \u00f6lk\u0259l\u0259rin ekspert qruplar\u0131 Az\u0259rbaycan Respublikas\u0131 il\u0259 Erm\u0259nistan Respublikas\u0131 aras\u0131ndak\u0131 s\u0259rh\u0259dd\u0259 yerd\u0259ki geodeziya \u00f6l\u00e7m\u0259l\u0259rin\u0259 \u0259saslanaraq koordinatlar\u0131n d\u0259qiql\u0259\u015fdirilm\u0259si prosesin\u0259 ba\u015flay\u0131b. El\u0259 aprelin 23-d\u0259 Az\u0259rbaycan Respublikas\u0131&hellip;<\/p>\n","protected":false},"author":2,"featured_media":715416,"comment_status":"closed","ping_status":"closed","sticky":false,"template":"","format":"standard","meta":{"om_disable_all_campaigns":false,"_monsterinsights_skip_tracking":false,"_monsterinsights_sitenote_active":false,"_monsterinsights_sitenote_note":"","_monsterinsights_sitenote_category":0},"categories":[19],"tags":[],"aioseo_notices":[],"gutentor_comment":0,"rttpg_featured_image_url":{"full":["https:\/\/arantv.az\/wp-content\/uploads\/2024\/04\/a9fc8f1ac4d2fdf4e44086d96e904caf.jpg",850,500,false],"landscape":["https:\/\/arantv.az\/wp-content\/uploads\/2024\/04\/a9fc8f1ac4d2fdf4e44086d96e904caf.jpg",850,500,false],"portraits":["https:\/\/arantv.az\/wp-content\/uploads\/2024\/04\/a9fc8f1ac4d2fdf4e44086d96e904caf.jpg",850,500,false],"thumbnail":["https:\/\/arantv.az\/wp-content\/uploads\/2024\/04\/a9fc8f1ac4d2fdf4e44086d96e904caf-500x280.jpg",500,280,true],"medium":["https:\/\/arantv.az\/wp-content\/uploads\/2024\/04\/a9fc8f1ac4d2fdf4e44086d96e904caf-621x365.jpg",621,365,true],"large":["https:\/\/arantv.az\/wp-content\/uploads\/2024\/04\/a9fc8f1ac4d2fdf4e44086d96e904caf-840x494.jpg",640,376,true],"1536x1536":["https:\/\/arantv.az\/wp-content\/uploads\/2024\/04\/a9fc8f1ac4d2fdf4e44086d96e904caf.jpg",850,500,false],"2048x2048":["https:\/\/arantv.az\/wp-content\/uploads\/2024\/04\/a9fc8f1ac4d2fdf4e44086d96e904caf.jpg",850,500,false],"post-thumbnail":["https:\/\/arantv.az\/wp-content\/uploads\/2024\/04\/a9fc8f1ac4d2fdf4e44086d96e904caf-240x172.jpg",240,172,true],"advps-thumb-one":["https:\/\/arantv.az\/wp-content\/uploads\/2024\/04\/a9fc8f1ac4d2fdf4e44086d96e904caf.jpg",850,500,false]},"rttpg_author":{"display_name":"V\u00fcsal Rafiqo\u011flu","author_link":"https:\/\/arantv.az\/?author=2"},"rttpg_comment":0,"rttpg_category":"<a href=\"https:\/\/arantv.az\/?cat=19\" rel=\"category\">G\u00fcnd\u0259m<\/a>","rttpg_excerpt":"M\u0259lum oldu\u011fu kimi, Az\u0259rbaycanla Erm\u0259nistan s\u0259rh\u0259dd\u0259 koordinatlar\u0131n d\u0259qiql\u0259\u015fdirilm\u0259si prosesin\u0259 ba\u015flay\u0131b. Bu bar\u0259d\u0259 Az\u0259rbaycan Respublikas\u0131 Ba\u015f nazirinin m\u00fcavini \u015eahin Mustafayevin xidm\u0259tinin media \u00fc\u00e7\u00fcn yayd\u0131\u011f\u0131 m\u0259lumatda bildirilib ki, Az\u0259rbaycan Respublikas\u0131 il\u0259 Erm\u0259nistan Respublikas\u0131 aras\u0131nda d\u00f6vl\u0259t s\u0259rh\u0259dinin delimitasiyas\u0131 \u00fczr\u0259 D\u00f6vl\u0259t Komissiyas\u0131 v\u0259 Erm\u0259nistan Respublikas\u0131 il\u0259 Az\u0259rbaycan Respublikas\u0131 aras\u0131nda d\u00f6vl\u0259t s\u0259rh\u0259dinin delimitasiyas\u0131 v\u0259 s\u0259rh\u0259d t\u0259hl\u00fck\u0259sizliyi m\u0259s\u0259l\u0259l\u0259ri \u00fczr\u0259 Komissiyan\u0131n s\u0259kkizinci&hellip;","_links":{"self":[{"href":"https:\/\/arantv.az\/index.php?rest_route=\/wp\/v2\/posts\/715415"}],"collection":[{"href":"https:\/\/arantv.az\/index.php?rest_route=\/wp\/v2\/posts"}],"about":[{"href":"https:\/\/arantv.az\/index.php?rest_route=\/wp\/v2\/types\/post"}],"author":[{"embeddable":true,"href":"https:\/\/arantv.az\/index.php?rest_route=\/wp\/v2\/users\/2"}],"replies":[{"embeddable":true,"href":"https:\/\/arantv.az\/index.php?rest_route=%2Fwp%2Fv2%2Fcomments&post=715415"}],"version-history":[{"count":0,"href":"https:\/\/arantv.az\/index.php?rest_route=\/wp\/v2\/posts\/715415\/revisions"}],"wp:featuredmedia":[{"embeddable":true,"href":"https:\/\/arantv.az\/index.php?rest_route=\/wp\/v2\/media\/715416"}],"wp:attachment":[{"href":"https:\/\/arantv.az\/index.php?rest_route=%2Fwp%2Fv2%2Fmedia&parent=715415"}],"wp:term":[{"taxonomy":"category","embeddable":true,"href":"https:\/\/arantv.az\/index.php?rest_route=%2Fwp%2Fv2%2Fcategories&post=715415"},{"taxonomy":"post_tag","embeddable":true,"href":"https:\/\/arantv.az\/index.php?rest_route=%2Fwp%2Fv2%2Ftags&post=715415"}],"curies":[{"name":"wp","href":"https:\/\/api.w.org\/{rel}","templated":true}]}}