{"id":715585,"date":"2024-04-25T20:14:29","date_gmt":"2024-04-25T16:14:29","guid":{"rendered":"https:\/\/arantv.az\/?p=715585"},"modified":"2024-04-25T20:14:29","modified_gmt":"2024-04-25T16:14:29","slug":"v%c9%99t%c9%99ndas-q%c9%99bulu-m%c9%99rk%c9%99zind%c9%99-may-ayinda-q%c9%99bul-c%c9%99dv%c9%99li-aciqlanib-siyahi","status":"publish","type":"post","link":"https:\/\/arantv.az\/?p=715585","title":{"rendered":"V\u0259t\u0259nda\u015f Q\u0259bulu M\u0259rk\u0259zind\u0259 may ay\u0131nda q\u0259bul c\u0259dv\u0259li a\u00e7\u0131qlan\u0131b &#8211; S\u0130YAHI"},"content":{"rendered":"<p>Az\u0259rbaycan Prezidenti Administrasiyas\u0131n\u0131n V\u0259t\u0259nda\u015f Q\u0259bulu M\u0259rk\u0259zind\u0259 2024-c\u00fc ilin may ay\u0131nda v\u0259t\u0259nda\u015flar\u0131n q\u0259bulu c\u0259dv\u0259li a\u00e7\u0131qlan\u0131b.<\/p>\n<p><strong>ARANTV.AZ\u00a0 <\/strong>c\u0259dv\u0259li t\u0259qdim edir:<\/p>\n<table class=\"scroltable\" border=\"2\" cellspacing=\"2\">\n<tbody>\n<tr>\n<td><em>Q\u0259bulu aparan \u015f\u0259xs<\/em><\/td>\n<td><em>Q\u0259bul g\u00fcn\u00fc<\/em><\/td>\n<\/tr>\n<tr>\n<td>Az\u0259rbaycan Respublikas\u0131 Prezidentinin k\u00f6m\u0259k\u00e7isi \u2013<\/p>\n<p>Az\u0259rbaycan Respublikas\u0131 Prezidenti Administrasiyas\u0131n\u0131n<\/p>\n<p>\u018frazi-t\u0259\u015fkilat m\u0259s\u0259l\u0259l\u0259ri \u015f\u00f6b\u0259sinin m\u00fcdiri<\/p>\n<p>Na\u011fd\u0259liyev Zeynal S\u0259f\u0259r o\u011flu<\/td>\n<td>1<\/td>\n<\/tr>\n<tr>\n<td>Az\u0259rbaycan Respublikas\u0131 Prezidentinin k\u00f6m\u0259k\u00e7isi &#8211;<\/p>\n<p>Az\u0259rbaycan Respublikas\u0131 Prezidenti Administrasiyas\u0131n\u0131n<\/p>\n<p>Xarici siyas\u0259t m\u0259s\u0259l\u0259l\u0259ri \u015f\u00f6b\u0259sinin m\u00fcdiri<\/p>\n<p>Hac\u0131yev Hikm\u0259t F\u0259rhad o\u011flu<\/td>\n<td>2<\/td>\n<\/tr>\n<tr>\n<td>Az\u0259rbaycan Respublikas\u0131 Birinci vitse-prezidentinin Katibliyinin r\u0259isi<\/p>\n<p>H\u0259s\u0259nov Altay Tofiq o\u011flu<\/td>\n<td>3,10,24<\/td>\n<\/tr>\n<tr>\n<td>Az\u0259rbaycan Respublikas\u0131\u00a0Prezidentinin\u00a0k\u00f6m\u0259k\u00e7isi &#8211;<\/p>\n<p>Az\u0259rbaycan Respublikas\u0131 Prezidenti Administrasiyas\u0131n\u0131n<\/p>\n<p>H\u00fcquq m\u00fchafiz\u0259 orqanlar\u0131 il\u0259 i\u015f \u015f\u00f6b\u0259sinin m\u00fcdiri<\/p>\n<p>\u018fl\u0259sg\u0259rov Fuad Murtuz o\u011flu<\/td>\n<td>3,23<\/td>\n<\/tr>\n<tr>\n<td>Az\u0259rbaycan Respublikas\u0131 Prezidenti Administrasiyas\u0131n\u0131n<\/p>\n<p>H\u0259rbi m\u0259s\u0259l\u0259l\u0259r \u015f\u00f6b\u0259si<\/td>\n<td>6<\/td>\n<\/tr>\n<tr>\n<td>Az\u0259rbaycan Respublikas\u0131 Prezidentinin k\u00f6m\u0259k\u00e7isi \u2013<\/p>\n<p>Az\u0259rbaycan Respublikas\u0131 Prezidenti Administrasiyas\u0131n\u0131n<\/p>\n<p>\u0130qtisadi m\u0259s\u0259l\u0259l\u0259r v\u0259 innovativ inki\u015faf siyas\u0259ti \u015f\u00f6b\u0259sinin m\u00fcdiri<\/p>\n<p>M\u00f6vs\u00fcmov \u015eahmar Arif o\u011flu<\/td>\n<td>7<\/td>\n<\/tr>\n<tr>\n<td>Az\u0259rbaycan Respublikas\u0131 Prezidentinin m\u0259tbuat katibi<\/p>\n<p>Qas\u0131mov Az\u0259r M\u0259h\u0259mm\u0259d o\u011flu<\/td>\n<td>7<\/td>\n<\/tr>\n<tr>\n<td>Az\u0259rbaycan Respublikas\u0131 Prezidentinin k\u00f6m\u0259k\u00e7isi \u2013<\/p>\n<p>Az\u0259rbaycan Respublikas\u0131 Prezidenti Administrasiyas\u0131n\u0131n<\/p>\n<p>\u0130qtisadi siyas\u0259t v\u0259 s\u0259naye m\u0259s\u0259l\u0259l\u0259ri \u015f\u00f6b\u0259sinin m\u00fcdiri<\/p>\n<p>\u018fmirov Natiq \u018frziman o\u011flu<\/td>\n<td>8<\/td>\n<\/tr>\n<tr>\n<td>Az\u0259rbaycan Respublikas\u0131 Prezidenti Administrasiyas\u0131n\u0131n<\/p>\n<p>G\u0259ncl\u0259r siyas\u0259ti v\u0259 idman m\u0259s\u0259l\u0259l\u0259ri \u015f\u00f6b\u0259sinin m\u00fcdiri<\/p>\n<p>M\u0259mm\u0259d\u0259liyev Yusuf \u00dclf\u0259t o\u011flu<\/td>\n<td>10<\/td>\n<\/tr>\n<tr>\n<td>Az\u0259rbaycan Respublikas\u0131 Prezidenti Administrasiyas\u0131n\u0131n<\/p>\n<p>Humanitar siyas\u0259t, diaspor, multikulturalizm v\u0259 dini m\u0259s\u0259l\u0259l\u0259r \u015f\u00f6b\u0259sinin m\u00fcdiri<\/p>\n<p>\u018fliyeva F\u0259r\u0259h \u015eirm\u0259mm\u0259d q\u0131z\u0131<\/td>\n<td>13<\/td>\n<\/tr>\n<tr>\n<td>Az\u0259rbaycan Respublikas\u0131 Prezidentinin k\u00f6m\u0259k\u00e7isi \u2013<\/p>\n<p>Az\u0259rbaycan Respublikas\u0131 Prezidenti Administrasiyas\u0131n\u0131n<\/p>\n<p>D\u00f6vl\u0259t n\u0259zar\u0259ti m\u0259s\u0259l\u0259l\u0259ri \u015f\u00f6b\u0259sinin m\u00fcdiri<\/p>\n<p>H\u0259s\u0259nov K\u0259r\u0259m \u018fv\u0259z o\u011flu<\/td>\n<td>14<\/td>\n<\/tr>\n<tr>\n<td>Az\u0259rbaycan Respublikas\u0131 Prezidenti Administrasiyas\u0131n\u0131n<\/p>\n<p>D\u00f6vl\u0259t qullu\u011fu v\u0259 kadr m\u0259s\u0259l\u0259l\u0259ri \u015f\u00f6b\u0259sinin m\u00fcdiri<\/p>\n<p>M\u0259cidov T\u0259l\u0259t Tahir o\u011flu<\/td>\n<td>15<\/td>\n<\/tr>\n<tr>\n<td>Az\u0259rbaycan Respublikas\u0131 Prezidenti Administrasiyas\u0131n\u0131n<\/p>\n<p>H\u00fcquq m\u00fchafiz\u0259 orqanlar\u0131 il\u0259 i\u015f \u015f\u00f6b\u0259sinin \u018ffv m\u0259s\u0259l\u0259l\u0259ri sektoru<\/td>\n<td>16<\/td>\n<\/tr>\n<tr>\n<td>Az\u0259rbaycan Respublikas\u0131 Prezidenti Administrasiyas\u0131n\u0131n<\/p>\n<p>V\u0259t\u0259nda\u015flar\u0131n m\u00fcraci\u0259tl\u0259ri il\u0259 i\u015f \u015f\u00f6b\u0259sinin m\u00fcdiri<\/p>\n<p>\u0130smay\u0131lov S\u00fcleyman Abbas o\u011flu<\/td>\n<td>17<\/td>\n<\/tr>\n<tr>\n<td>Az\u0259rbaycan Respublikas\u0131 Prezidenti Administrasiyas\u0131n\u0131n<\/p>\n<p>Qeyri-h\u00f6kum\u0259t t\u0259\u015fkilatlar\u0131 il\u0259 i\u015f v\u0259 kommunikasiya \u015f\u00f6b\u0259si<\/td>\n<td>21<\/td>\n<\/tr>\n<tr>\n<td>A\u011fdam, F\u00fczuli v\u0259 Xocav\u0259nd rayonlar\u0131nda Az\u0259rbaycan Respublikas\u0131 Prezidentinin<\/p>\n<p>x\u00fcsusi n\u00fcmay\u0259nd\u0259si<\/p>\n<p>H\u00fcseynov Emin Zamin o\u011flu<\/td>\n<td>21<\/td>\n<\/tr>\n<tr>\n<td>La\u00e7\u0131n rayonunda Az\u0259rbaycan Respublikas\u0131 Prezidentinin x\u00fcsusi n\u00fcmay\u0259nd\u0259si<\/p>\n<p>M\u0259mm\u0259dov M\u0259sim \u018fhm\u0259d o\u011flu<\/td>\n<td>22<\/td>\n<\/tr>\n<tr>\n<td>Az\u0259rbaycan Respublikas\u0131 Prezidenti Administrasiyas\u0131n\u0131n<\/p>\n<p>Qanunvericilik v\u0259 h\u00fcquq siyas\u0259ti \u015f\u00f6b\u0259sinin m\u00fcdiri<\/p>\n<p>K\u0259rimov G\u00fcnd\u00fcz Hac\u0131 o\u011flu<\/td>\n<td>24<\/td>\n<\/tr>\n<tr>\n<td>\u015eu\u015fa rayonunda Az\u0259rbaycan Respublikas\u0131 Prezidentinin x\u00fcsusi n\u00fcmay\u0259nd\u0259si<\/p>\n<p>K\u0259rimov Ayd\u0131n Z\u00f6hrab o\u011flu<\/td>\n<td>27<\/td>\n<\/tr>\n<tr>\n<td>C\u0259bray\u0131l, Qubadl\u0131 v\u0259 Z\u0259ngilan rayonlar\u0131nda Az\u0259rbaycan Respublikas\u0131 Prezidentinin x\u00fcsusi n\u00fcmay\u0259nd\u0259si<\/p>\n<p>Hac\u0131yev Vahid Rasim o\u011flu<\/td>\n<td>29<\/td>\n<\/tr>\n<tr>\n<td>Az\u0259rbaycan Respublikas\u0131 Prezidenti Administrasiyas\u0131n\u0131n<\/p>\n<p>Siyasi partiyalar v\u0259 qanunvericilik hakimiyy\u0259ti il\u0259 \u0259laq\u0259l\u0259r \u015f\u00f6b\u0259sinin m\u00fcdiri<\/p>\n<p>V\u0259liyev \u018fdal\u0259t M\u0259qs\u0259d o\u011flu<\/td>\n<td>30<\/td>\n<\/tr>\n<tr>\n<td>Xank\u0259ndi \u015f\u0259h\u0259rind\u0259, A\u011fd\u0259r\u0259 v\u0259 Xocal\u0131 rayonlar\u0131nda Az\u0259rbaycan Respublikas\u0131 Prezidentinin x\u00fcsusi n\u00fcmay\u0259nd\u0259si<\/p>\n<p>Yusubov El\u00e7in Mustafa o\u011flu<\/td>\n<td>30<\/td>\n<\/tr>\n<tr>\n<td>* * *<\/td>\n<td><\/td>\n<\/tr>\n<tr>\n<td>Az\u0259rbaycan Respublikas\u0131n\u0131n T\u0259hl\u00fck\u0259sizlik \u015euras\u0131<\/p>\n<p>Az\u0259rbaycan Respublikas\u0131 T\u0259hl\u00fck\u0259sizlik \u015euras\u0131n\u0131n katibi<\/p>\n<p>Usubov Ramil \u0130dris o\u011flu<\/td>\n<td>31<\/td>\n<\/tr>\n<\/tbody>\n<\/table>\n<p>Qeyd: V\u0259t\u0259nda\u015flar Az\u0259rbaycan Respublikas\u0131 Prezidenti Administrasiyas\u0131n\u0131n V\u0259t\u0259nda\u015f Q\u0259bulu M\u0259rk\u0259zind\u0259 q\u0259bul olunurlar.<\/p>\n<p>\u00dcnvan: Bak\u0131 \u015f\u0259h\u0259ri, N\u0259rimanov rayonu, Zaur Nudir\u0259liyev,79.<\/p>\n<p>Q\u0259bula yaz\u0131l\u0131\u015f q\u0259bul g\u00fcn\u00fcn\u0259 \u0259n geci 1 i\u015f g\u00fcn\u00fc qalm\u0131\u015f dayand\u0131r\u0131l\u0131r.<\/p>\n<p>Q\u0259bul saat 14:00-dan ba\u015flay\u0131r.<\/p>\n<p>\u018flaq\u0259 \u00fc\u00e7\u00fcn: \u00c7a\u011fr\u0131 M\u0259rk\u0259zi &#8211; 1111.<\/p>\n","protected":false},"excerpt":{"rendered":"<p>Az\u0259rbaycan Prezidenti Administrasiyas\u0131n\u0131n V\u0259t\u0259nda\u015f Q\u0259bulu M\u0259rk\u0259zind\u0259 2024-c\u00fc ilin may ay\u0131nda v\u0259t\u0259nda\u015flar\u0131n q\u0259bulu c\u0259dv\u0259li a\u00e7\u0131qlan\u0131b. ARANTV.AZ\u00a0 c\u0259dv\u0259li t\u0259qdim edir: Q\u0259bulu aparan \u015f\u0259xs Q\u0259bul g\u00fcn\u00fc Az\u0259rbaycan Respublikas\u0131 Prezidentinin k\u00f6m\u0259k\u00e7isi \u2013 Az\u0259rbaycan Respublikas\u0131 Prezidenti Administrasiyas\u0131n\u0131n \u018frazi-t\u0259\u015fkilat m\u0259s\u0259l\u0259l\u0259ri \u015f\u00f6b\u0259sinin m\u00fcdiri Na\u011fd\u0259liyev Zeynal S\u0259f\u0259r o\u011flu 1 Az\u0259rbaycan Respublikas\u0131 Prezidentinin k\u00f6m\u0259k\u00e7isi &#8211; Az\u0259rbaycan Respublikas\u0131 Prezidenti Administrasiyas\u0131n\u0131n Xarici siyas\u0259t m\u0259s\u0259l\u0259l\u0259ri \u015f\u00f6b\u0259sinin m\u00fcdiri Hac\u0131yev Hikm\u0259t F\u0259rhad o\u011flu 2 Az\u0259rbaycan Respublikas\u0131 Birinci vitse-prezidentinin Katibliyinin r\u0259isi H\u0259s\u0259nov Altay Tofiq o\u011flu 3,10,24 Az\u0259rbaycan Respublikas\u0131\u00a0Prezidentinin\u00a0k\u00f6m\u0259k\u00e7isi &#8211; Az\u0259rbaycan Respublikas\u0131 Prezidenti Administrasiyas\u0131n\u0131n H\u00fcquq m\u00fchafiz\u0259 orqanlar\u0131 il\u0259 i\u015f \u015f\u00f6b\u0259sinin m\u00fcdiri \u018fl\u0259sg\u0259rov Fuad Murtuz o\u011flu 3,23&hellip;<\/p>\n","protected":false},"author":2,"featured_media":715586,"comment_status":"closed","ping_status":"closed","sticky":false,"template":"","format":"standard","meta":{"om_disable_all_campaigns":false,"_monsterinsights_skip_tracking":false,"_monsterinsights_sitenote_active":false,"_monsterinsights_sitenote_note":"","_monsterinsights_sitenote_category":0},"categories":[4],"tags":[],"aioseo_notices":[],"gutentor_comment":0,"rttpg_featured_image_url":{"full":["https:\/\/arantv.az\/wp-content\/uploads\/2024\/04\/be2f7043-1b8c-34fe-9b7a-0e4670ec2039_850.jpg",620,413,false],"landscape":["https:\/\/arantv.az\/wp-content\/uploads\/2024\/04\/be2f7043-1b8c-34fe-9b7a-0e4670ec2039_850.jpg",620,413,false],"portraits":["https:\/\/arantv.az\/wp-content\/uploads\/2024\/04\/be2f7043-1b8c-34fe-9b7a-0e4670ec2039_850.jpg",620,413,false],"thumbnail":["https:\/\/arantv.az\/wp-content\/uploads\/2024\/04\/be2f7043-1b8c-34fe-9b7a-0e4670ec2039_850-500x280.jpg",500,280,true],"medium":["https:\/\/arantv.az\/wp-content\/uploads\/2024\/04\/be2f7043-1b8c-34fe-9b7a-0e4670ec2039_850-548x365.jpg",548,365,true],"large":["https:\/\/arantv.az\/wp-content\/uploads\/2024\/04\/be2f7043-1b8c-34fe-9b7a-0e4670ec2039_850.jpg",620,413,false],"1536x1536":["https:\/\/arantv.az\/wp-content\/uploads\/2024\/04\/be2f7043-1b8c-34fe-9b7a-0e4670ec2039_850.jpg",620,413,false],"2048x2048":["https:\/\/arantv.az\/wp-content\/uploads\/2024\/04\/be2f7043-1b8c-34fe-9b7a-0e4670ec2039_850.jpg",620,413,false],"post-thumbnail":["https:\/\/arantv.az\/wp-content\/uploads\/2024\/04\/be2f7043-1b8c-34fe-9b7a-0e4670ec2039_850-240x172.jpg",240,172,true],"advps-thumb-one":["https:\/\/arantv.az\/wp-content\/uploads\/2024\/04\/be2f7043-1b8c-34fe-9b7a-0e4670ec2039_850.jpg",620,413,false]},"rttpg_author":{"display_name":"V\u00fcsal Rafiqo\u011flu","author_link":"https:\/\/arantv.az\/?author=2"},"rttpg_comment":0,"rttpg_category":"<a href=\"https:\/\/arantv.az\/?cat=4\" rel=\"category\">Siyas\u0259t<\/a>","rttpg_excerpt":"Az\u0259rbaycan Prezidenti Administrasiyas\u0131n\u0131n V\u0259t\u0259nda\u015f Q\u0259bulu M\u0259rk\u0259zind\u0259 2024-c\u00fc ilin may ay\u0131nda v\u0259t\u0259nda\u015flar\u0131n q\u0259bulu c\u0259dv\u0259li a\u00e7\u0131qlan\u0131b. ARANTV.AZ\u00a0 c\u0259dv\u0259li t\u0259qdim edir: Q\u0259bulu aparan \u015f\u0259xs Q\u0259bul g\u00fcn\u00fc Az\u0259rbaycan Respublikas\u0131 Prezidentinin k\u00f6m\u0259k\u00e7isi \u2013 Az\u0259rbaycan Respublikas\u0131 Prezidenti Administrasiyas\u0131n\u0131n \u018frazi-t\u0259\u015fkilat m\u0259s\u0259l\u0259l\u0259ri \u015f\u00f6b\u0259sinin m\u00fcdiri Na\u011fd\u0259liyev Zeynal S\u0259f\u0259r o\u011flu 1 Az\u0259rbaycan Respublikas\u0131 Prezidentinin k\u00f6m\u0259k\u00e7isi &#8211; Az\u0259rbaycan Respublikas\u0131 Prezidenti Administrasiyas\u0131n\u0131n Xarici siyas\u0259t m\u0259s\u0259l\u0259l\u0259ri \u015f\u00f6b\u0259sinin m\u00fcdiri&hellip;","_links":{"self":[{"href":"https:\/\/arantv.az\/index.php?rest_route=\/wp\/v2\/posts\/715585"}],"collection":[{"href":"https:\/\/arantv.az\/index.php?rest_route=\/wp\/v2\/posts"}],"about":[{"href":"https:\/\/arantv.az\/index.php?rest_route=\/wp\/v2\/types\/post"}],"author":[{"embeddable":true,"href":"https:\/\/arantv.az\/index.php?rest_route=\/wp\/v2\/users\/2"}],"replies":[{"embeddable":true,"href":"https:\/\/arantv.az\/index.php?rest_route=%2Fwp%2Fv2%2Fcomments&post=715585"}],"version-history":[{"count":0,"href":"https:\/\/arantv.az\/index.php?rest_route=\/wp\/v2\/posts\/715585\/revisions"}],"wp:featuredmedia":[{"embeddable":true,"href":"https:\/\/arantv.az\/index.php?rest_route=\/wp\/v2\/media\/715586"}],"wp:attachment":[{"href":"https:\/\/arantv.az\/index.php?rest_route=%2Fwp%2Fv2%2Fmedia&parent=715585"}],"wp:term":[{"taxonomy":"category","embeddable":true,"href":"https:\/\/arantv.az\/index.php?rest_route=%2Fwp%2Fv2%2Fcategories&post=715585"},{"taxonomy":"post_tag","embeddable":true,"href":"https:\/\/arantv.az\/index.php?rest_route=%2Fwp%2Fv2%2Ftags&post=715585"}],"curies":[{"name":"wp","href":"https:\/\/api.w.org\/{rel}","templated":true}]}}