{"id":715588,"date":"2024-04-25T20:15:17","date_gmt":"2024-04-25T16:15:17","guid":{"rendered":"https:\/\/arantv.az\/?p=715588"},"modified":"2024-04-25T20:15:17","modified_gmt":"2024-04-25T16:15:17","slug":"malib%c9%99yli-k%c9%99ndind%c9%99-askar-edilmis-insan-qaliqlarinin-sayi-s%c9%99kkiz%c9%99-catdi-yenil%c9%99nib-foto-video","status":"publish","type":"post","link":"https:\/\/arantv.az\/?p=715588","title":{"rendered":"Mal\u0131b\u0259yli k\u0259ndind\u0259 a\u015fkar edilmi\u015f insan qal\u0131qlar\u0131n\u0131n say\u0131 s\u0259kkiz\u0259 \u00e7atd\u0131 &#8211; YEN\u0130L\u018fN\u0130B + FOTO\/V\u0130DEO"},"content":{"rendered":"<p>Xocal\u0131 rayonunun Mal\u0131b\u0259yli k\u0259ndind\u0259 a\u015fkar edilmi\u015f insan qal\u0131qlar\u0131n\u0131n say\u0131 s\u0259kkiz\u0259 \u00e7at\u0131b.<\/p>\n<p>Oxu.Az\u00a0bildirir ki, bu bar\u0259d\u0259 Ba\u015f Prokurorluq v\u0259 \u018fsir v\u0259 itkin d\u00fc\u015fm\u00fc\u015f, girov g\u00f6t\u00fcr\u00fclm\u00fc\u015f v\u0259t\u0259nda\u015flarla \u0259laq\u0259dar D\u00f6vl\u0259t Komissiyas\u0131n\u0131n birg\u0259 m\u0259lumat\u0131nda deyilir.<\/p>\n<p>Qeyd olunur ki, i\u015f\u011faldan azad edilmi\u015f Xocal\u0131 rayonunun Mal\u0131b\u0259yli k\u0259ndi \u0259razisind\u0259 (1988-ci ild\u0259 yeni sal\u0131nm\u0131\u015f \u201cM\u0259h\u0259ll\u0259\u201d adlanan \u0259razi) aprel ay\u0131n\u0131n 24-d\u0259 apar\u0131lan b\u0259rpa-quruculuq v\u0259 abadl\u0131q i\u015fl\u0259ri zaman\u0131 insan qal\u0131qlar\u0131n\u0131n a\u015fkar olunmas\u0131 fakt\u0131 il\u0259 ba\u011fl\u0131 Ba\u015f Prokurorlu\u011fun Kriminalistika v\u0259 informasiya texnologiyalar\u0131 idar\u0259sind\u0259\u00a0<a href=\"https:\/\/genprosecutor.gov.az\/az\/post\/7563\" target=\"_blank\" rel=\"noopener\">ara\u015fd\u0131rmalar<\/a>\u00a0davam etdirilir.<\/p>\n<p>Qeyd olunan \u0259razid\u0259 h\u0259yata ke\u00e7iril\u0259n bax\u0131\u015f istintaq h\u0259r\u0259k\u0259ti n\u0259tic\u0259sind\u0259 daha iki n\u0259f\u0259r\u0259 aid s\u00fcm\u00fck fraqmentl\u0259ri tap\u0131l\u0131b v\u0259 bununla da a\u015fkar olunan insan qal\u0131qlar\u0131n\u0131n \u0259n az\u0131 s\u0259kkiz n\u0259f\u0259r\u0259 (biri azya\u015fl\u0131 olmaqla) m\u0259xsus olmas\u0131 m\u00fc\u0259yy\u0259n edilib.<\/p>\n<p>Faktla ba\u011fl\u0131 toplanm\u0131\u015f material \u00fczr\u0259 z\u0259r\u0259r\u00e7\u0259kmi\u015f \u015f\u0259xsl\u0259rin \u015f\u0259xsiyy\u0259tinin, h\u0259m\u00e7inin \u0259h\u0259miyy\u0259t k\u0259sb ed\u0259n dig\u0259r hallar\u0131n m\u00fc\u0259yy\u0259n edilm\u0259si m\u0259qs\u0259dil\u0259 m\u00fcvafiq ekspertizalar t\u0259yin edilm\u0259kl\u0259 z\u0259ruri prosessual h\u0259r\u0259k\u0259tl\u0259r icra edilir.<\/p>\n<p><strong>14:38<\/strong><\/p>\n<p>Aprel ay\u0131n\u0131n 24-d\u0259 i\u015f\u011faldan azad edilmi\u015f Xocal\u0131 rayonunun Mal\u0131b\u0259yli k\u0259ndi \u0259razisind\u0259 insan qal\u0131qlar\u0131n\u0131n a\u015fkar olunmas\u0131 bar\u0259d\u0259 m\u0259lumat daxil olub.<\/p>\n<p>Bu bar\u0259d\u0259 Az\u0259rbaycan Respublikas\u0131n\u0131n Ba\u015f Prokurorlu\u011fu v\u0259 \u018fsir v\u0259 itkin d\u00fc\u015fm\u00fc\u015f, girov g\u00f6t\u00fcr\u00fclm\u00fc\u015f v\u0259t\u0259nda\u015flarla \u0259laq\u0259dar D\u00f6vl\u0259t Komissiyas\u0131n\u0131n birg\u0259 m\u0259lumat yay\u0131b.<\/p>\n<p>Bildirilib ki, \u0259sir v\u0259 itkin d\u00fc\u015fm\u00fc\u015f, girov g\u00f6t\u00fcr\u00fclm\u00fc\u015f v\u0259t\u0259nda\u015flarla \u0259laq\u0259dar D\u00f6vl\u0259t Komissiyas\u0131nda (D\u00f6vl\u0259t Komissiyas\u0131) t\u0259msil olunan qurumlar\u0131n, o c\u00fcml\u0259d\u0259n Ba\u015f Prokurorluq, D\u00f6vl\u0259t Komissiyas\u0131n\u0131n \u0130\u015f\u00e7i qrupu, S\u0259hiyy\u0259 Nazirliyinin M\u0259hk\u0259m\u0259-Tibbi Ekspertiza v\u0259 Patoloji Anatomiya Birliyi, F\u00f6vq\u0259lad\u0259 Hallar Nazirliyi, ANAMA v\u0259 Milli Elml\u0259r Akademiyas\u0131n\u0131n Arxeologiya v\u0259 Antropologiya \u0130nstitutunun pe\u015f\u0259kar m\u00fct\u0259x\u0259ssis hey\u0259ti d\u0259rhal \u0259raziy\u0259 ezam edilib.<\/p>\n<p>\u0130lkin ara\u015fd\u0131rma zaman\u0131 m\u0259lum olmu\u015fdur ki, i\u015f\u011faldan azad edilmi\u015f \u0259razil\u0259rd\u0259 b\u0259rpa-quruculuq v\u0259 abadl\u0131q i\u015fl\u0259ri zaman\u0131 Xocal\u0131 rayonunun Mal\u0131b\u0259yli k\u0259ndi \u0259razisind\u0259 (1988-ci ild\u0259 yeni sal\u0131nm\u0131\u015f \u201cM\u0259h\u0259ll\u0259\u201d adlanan \u0259razi) torpaq s\u0259thi \u00fcz\u0259rind\u0259 insan qal\u0131qlar\u0131 a\u015fkar olunub.<\/p>\n<p>Ke\u00e7iril\u0259n bax\u0131\u015f istintaq h\u0259r\u0259k\u0259ti zaman\u0131 qaz\u0131nt\u0131 i\u015fl\u0259ri apar\u0131lark\u0259n \u0259n az\u0131 6 n\u0259f\u0259r\u0259 aid oldu\u011fu ehtimal edil\u0259n s\u00fcm\u00fck fraqmentl\u0259ri a\u015fkar edilib.<\/p>\n<p>Haz\u0131rda \u0259razid\u0259 olan insan qal\u0131qlar\u0131n\u0131n tam a\u015fkar edilm\u0259si istiqam\u0259tind\u0259 i\u015fl\u0259r davam etdirilm\u0259kl\u0259, s\u00fcm\u00fck fraqmentl\u0259ri \u00fczr\u0259 z\u0259r\u0259r\u00e7\u0259kmi\u015fl\u0259rin \u015f\u0259xsiyy\u0259tinin, onlar\u0131n torpaqda qalma m\u00fcdd\u0259tinin m\u00fc\u0259yy\u0259n edilm\u0259si m\u0259qs\u0259dil\u0259 m\u0259hk\u0259m\u0259-tibb ekspertl\u0259ri v\u0259 m\u00fct\u0259x\u0259ssisl\u0259rin i\u015ftirak\u0131 il\u0259 bax\u0131\u015f davam etdirilir, el\u0259c\u0259 d\u0259 dig\u0259r z\u0259ruri prosessual h\u0259r\u0259k\u0259tl\u0259r icra edilir.<\/p>\n<p>Faktla ba\u011fl\u0131 Ba\u015f Prokurorlu\u011fun Kriminalistika v\u0259 informasiya texnologiyalar\u0131 idar\u0259sind\u0259 ara\u015fd\u0131rma apar\u0131l\u0131r. N\u0259tic\u0259si bar\u0259d\u0259 ictimaiyy\u0259t\u0259 \u0259lav\u0259 m\u0259lumat\u0131n verilm\u0259si t\u0259min edil\u0259c\u0259k.<\/p>\n<div><iframe loading=\"lazy\" id=\"telegram-post-oxuaze-89956\" src=\"https:\/\/t.me\/oxuaze\/89956?embed=1\" width=\"100%\" height=\"\" frameborder=\"0\" scrolling=\"no\" data-mce-fragment=\"1\"><\/iframe><\/div>\n<p>&nbsp;<\/p>\n<div class=\"gallery\">\n<div class=\"gallery-i\"><img src=\"https:\/\/cdn.oxu.az\/uploads\/W1siZiIsIjIwMjQvMDQvMjUvMTQvMzcvMDUvYTM5OWE0OWMtN2UyYS00YTUxLWIyNDgtNWNhYjZlODdiZDU0LztPTElLVUhUWUdSRkVEV1NERkdILmpwZWciXSxbInAiLCJlbmNvZGUiLCJqcGciLCItcXVhbGl0eSA4MCJdLFsicCIsInRodW1iIiwiNTkweDU5MFx1MDAzZSJdXQ?sha=4cb21ea5624e4ab8\" alt=\"\" \/><\/p>\n<div class=\"gallery-i-caption\"><\/div>\n<\/div>\n<div class=\"gallery-i\"><img src=\"https:\/\/cdn.oxu.az\/uploads\/W1siZiIsIjIwMjQvMDQvMjUvMTQvMzcvMDUvOTBkOGZiYmYtMTFlNi00MmJjLWEyZmQtZTEwMWYzMzAxODhmL0lJSUlVLmpwZWciXSxbInAiLCJlbmNvZGUiLCJqcGciLCItcXVhbGl0eSA4MCJdLFsicCIsInRodW1iIiwiNTkweDU5MFx1MDAzZSJdXQ?sha=a781397b453d91e5\" alt=\"\" \/><\/p>\n<div class=\"gallery-i-caption\"><\/div>\n<\/div>\n<div class=\"gallery-i\"><img src=\"https:\/\/cdn.oxu.az\/uploads\/W1siZiIsIjIwMjQvMDQvMjUvMTQvMzcvMDUvYTgxOTZkYzgtZGQ0Yi00NDk0LWEzNTYtNzM2Yjc2ZTdmNTg1L0ssSk1ITkZEREcuanBlZyJdLFsicCIsImVuY29kZSIsImpwZyIsIi1xdWFsaXR5IDgwIl0sWyJwIiwidGh1bWIiLCI1OTB4NTkwXHUwMDNlIl1d?sha=03f6d79811ae27de\" alt=\"\" \/><\/div>\n<\/div>\n","protected":false},"excerpt":{"rendered":"<p>Xocal\u0131 rayonunun Mal\u0131b\u0259yli k\u0259ndind\u0259 a\u015fkar edilmi\u015f insan qal\u0131qlar\u0131n\u0131n say\u0131 s\u0259kkiz\u0259 \u00e7at\u0131b. Oxu.Az\u00a0bildirir ki, bu bar\u0259d\u0259 Ba\u015f Prokurorluq v\u0259 \u018fsir v\u0259 itkin d\u00fc\u015fm\u00fc\u015f, girov g\u00f6t\u00fcr\u00fclm\u00fc\u015f v\u0259t\u0259nda\u015flarla \u0259laq\u0259dar D\u00f6vl\u0259t Komissiyas\u0131n\u0131n birg\u0259 m\u0259lumat\u0131nda deyilir. Qeyd olunur ki, i\u015f\u011faldan azad edilmi\u015f Xocal\u0131 rayonunun Mal\u0131b\u0259yli k\u0259ndi \u0259razisind\u0259 (1988-ci ild\u0259 yeni sal\u0131nm\u0131\u015f \u201cM\u0259h\u0259ll\u0259\u201d adlanan \u0259razi) aprel ay\u0131n\u0131n 24-d\u0259 apar\u0131lan b\u0259rpa-quruculuq v\u0259 abadl\u0131q i\u015fl\u0259ri zaman\u0131 insan qal\u0131qlar\u0131n\u0131n a\u015fkar olunmas\u0131 fakt\u0131 il\u0259 ba\u011fl\u0131 Ba\u015f Prokurorlu\u011fun Kriminalistika v\u0259 informasiya texnologiyalar\u0131 idar\u0259sind\u0259\u00a0ara\u015fd\u0131rmalar\u00a0davam etdirilir. Qeyd olunan \u0259razid\u0259 h\u0259yata ke\u00e7iril\u0259n bax\u0131\u015f istintaq h\u0259r\u0259k\u0259ti n\u0259tic\u0259sind\u0259 daha iki n\u0259f\u0259r\u0259 aid s\u00fcm\u00fck fraqmentl\u0259ri tap\u0131l\u0131b v\u0259&hellip;<\/p>\n","protected":false},"author":2,"featured_media":715589,"comment_status":"closed","ping_status":"closed","sticky":false,"template":"","format":"standard","meta":{"om_disable_all_campaigns":false,"_monsterinsights_skip_tracking":false,"_monsterinsights_sitenote_active":false,"_monsterinsights_sitenote_note":"","_monsterinsights_sitenote_category":0},"categories":[1],"tags":[],"aioseo_notices":[],"gutentor_comment":0,"rttpg_featured_image_url":{"full":["https:\/\/arantv.az\/wp-content\/uploads\/2024\/04\/FotoJet-9-12.jpg",620,413,false],"landscape":["https:\/\/arantv.az\/wp-content\/uploads\/2024\/04\/FotoJet-9-12.jpg",620,413,false],"portraits":["https:\/\/arantv.az\/wp-content\/uploads\/2024\/04\/FotoJet-9-12.jpg",620,413,false],"thumbnail":["https:\/\/arantv.az\/wp-content\/uploads\/2024\/04\/FotoJet-9-12-500x280.jpg",500,280,true],"medium":["https:\/\/arantv.az\/wp-content\/uploads\/2024\/04\/FotoJet-9-12-548x365.jpg",548,365,true],"large":["https:\/\/arantv.az\/wp-content\/uploads\/2024\/04\/FotoJet-9-12.jpg",620,413,false],"1536x1536":["https:\/\/arantv.az\/wp-content\/uploads\/2024\/04\/FotoJet-9-12.jpg",620,413,false],"2048x2048":["https:\/\/arantv.az\/wp-content\/uploads\/2024\/04\/FotoJet-9-12.jpg",620,413,false],"post-thumbnail":["https:\/\/arantv.az\/wp-content\/uploads\/2024\/04\/FotoJet-9-12-240x172.jpg",240,172,true],"advps-thumb-one":["https:\/\/arantv.az\/wp-content\/uploads\/2024\/04\/FotoJet-9-12.jpg",620,413,false]},"rttpg_author":{"display_name":"V\u00fcsal Rafiqo\u011flu","author_link":"https:\/\/arantv.az\/?author=2"},"rttpg_comment":0,"rttpg_category":"<a href=\"https:\/\/arantv.az\/?cat=1\" rel=\"category\">C\u0259miyy\u0259t<\/a>","rttpg_excerpt":"Xocal\u0131 rayonunun Mal\u0131b\u0259yli k\u0259ndind\u0259 a\u015fkar edilmi\u015f insan qal\u0131qlar\u0131n\u0131n say\u0131 s\u0259kkiz\u0259 \u00e7at\u0131b. Oxu.Az\u00a0bildirir ki, bu bar\u0259d\u0259 Ba\u015f Prokurorluq v\u0259 \u018fsir v\u0259 itkin d\u00fc\u015fm\u00fc\u015f, girov g\u00f6t\u00fcr\u00fclm\u00fc\u015f v\u0259t\u0259nda\u015flarla \u0259laq\u0259dar D\u00f6vl\u0259t Komissiyas\u0131n\u0131n birg\u0259 m\u0259lumat\u0131nda deyilir. Qeyd olunur ki, i\u015f\u011faldan azad edilmi\u015f Xocal\u0131 rayonunun Mal\u0131b\u0259yli k\u0259ndi \u0259razisind\u0259 (1988-ci ild\u0259 yeni sal\u0131nm\u0131\u015f \u201cM\u0259h\u0259ll\u0259\u201d adlanan \u0259razi) aprel ay\u0131n\u0131n 24-d\u0259 apar\u0131lan b\u0259rpa-quruculuq v\u0259&hellip;","_links":{"self":[{"href":"https:\/\/arantv.az\/index.php?rest_route=\/wp\/v2\/posts\/715588"}],"collection":[{"href":"https:\/\/arantv.az\/index.php?rest_route=\/wp\/v2\/posts"}],"about":[{"href":"https:\/\/arantv.az\/index.php?rest_route=\/wp\/v2\/types\/post"}],"author":[{"embeddable":true,"href":"https:\/\/arantv.az\/index.php?rest_route=\/wp\/v2\/users\/2"}],"replies":[{"embeddable":true,"href":"https:\/\/arantv.az\/index.php?rest_route=%2Fwp%2Fv2%2Fcomments&post=715588"}],"version-history":[{"count":0,"href":"https:\/\/arantv.az\/index.php?rest_route=\/wp\/v2\/posts\/715588\/revisions"}],"wp:featuredmedia":[{"embeddable":true,"href":"https:\/\/arantv.az\/index.php?rest_route=\/wp\/v2\/media\/715589"}],"wp:attachment":[{"href":"https:\/\/arantv.az\/index.php?rest_route=%2Fwp%2Fv2%2Fmedia&parent=715588"}],"wp:term":[{"taxonomy":"category","embeddable":true,"href":"https:\/\/arantv.az\/index.php?rest_route=%2Fwp%2Fv2%2Fcategories&post=715588"},{"taxonomy":"post_tag","embeddable":true,"href":"https:\/\/arantv.az\/index.php?rest_route=%2Fwp%2Fv2%2Ftags&post=715588"}],"curies":[{"name":"wp","href":"https:\/\/api.w.org\/{rel}","templated":true}]}}