{"id":715596,"date":"2024-04-25T20:16:50","date_gmt":"2024-04-25T16:16:50","guid":{"rendered":"https:\/\/arantv.az\/?p=715596"},"modified":"2024-04-25T20:16:50","modified_gmt":"2024-04-25T16:16:50","slug":"ilham-%c9%99liyev-v%c9%99-sadir-japarov-agdamda-sahbulaq-qalasinda-olublar-yenil%c9%99nib-foto","status":"publish","type":"post","link":"https:\/\/arantv.az\/?p=715596","title":{"rendered":"\u0130lham \u018fliyev v\u0259 Sad\u0131r Japarov A\u011fdamda \u015eahbulaq qalas\u0131nda olublar &#8211; YEN\u0130L\u018fN\u0130B + FOTO"},"content":{"rendered":"<p>Aprelin 25-d\u0259 Az\u0259rbaycan Respublikas\u0131n\u0131n Prezidenti\u00a0<strong>\u0130lham \u018fliyev<\/strong>\u00a0v\u0259 Q\u0131r\u011f\u0131z Respublikas\u0131n\u0131n Prezidenti Sad\u0131r Japarov A\u011fdamda \u015eahbulaq qalas\u0131nda olublar.<\/p>\n<p><a href=\"https:\/\/azertag.az\/xeber\/prezidentler_ilham_eliyev_ve_sadir_japarov_agdamda_sahbulaq_qalasinda_olublar___yenilenib-2976153\" target=\"_blank\" rel=\"noopener\">AZ\u018fRTAC<\/a>\u00a0x\u0259b\u0259r verir ki, d\u00f6vl\u0259t ba\u015f\u00e7\u0131lar\u0131na qalan\u0131n b\u0259rpas\u0131 i\u015fl\u0259ri bar\u0259d\u0259 m\u0259lumat verilib.<\/p>\n<p>Bildirilib ki, XVIII \u0259sr\u0259 aid bu qala Qaraba\u011f \u0259razisind\u0259ki \u0259n m\u0259\u015fhur abid\u0259l\u0259rd\u0259n biridir. A\u011fdam \u015f\u0259h\u0259rinin 10 kilometrliyind\u0259, \u015eahbulaq k\u0259ndi yax\u0131nl\u0131\u011f\u0131nda yerl\u0259\u015f\u0259n qala 1751-1752-ci ill\u0259rd\u0259 Qaraba\u011f xanl\u0131\u011f\u0131n\u0131n banisi P\u0259nah\u0259li xan t\u0259r\u0259find\u0259n in\u015fa etdirilib. Elmi \u0259d\u0259biyyatda \u201c\u015eahbulaq q\u0259sri\u201d ad\u0131 il\u0259 tan\u0131nan abid\u0259, \u0259slind\u0259, iri q\u0259sr kompleksinin i\u00e7 qalas\u0131 olub. Kompleks ya\u015fay\u0131\u015f evl\u0259rind\u0259n, bazar, hamam v\u0259 m\u0259scidd\u0259n ibar\u0259t idi. P\u0259nah\u0259li xan \u015eu\u015fa qalas\u0131n\u0131 in\u015fa etdir\u0259n\u0259d\u0259k \u015eahbulaq qalas\u0131 Qaraba\u011f xanl\u0131\u011f\u0131n\u0131n inzibati m\u0259rk\u0259zi olub. Erm\u0259nil\u0259r A\u011fdam\u0131 i\u015f\u011fal etdikd\u0259n sonra bir s\u0131ra abid\u0259l\u0259rimiz kimi \u015eahbulaq qalas\u0131n\u0131 da erm\u0259nil\u0259\u015fdirm\u0259y\u0259 \u00e7al\u0131\u015f\u0131b, yax\u0131nl\u0131qdak\u0131 m\u0259scidi is\u0259 kils\u0259 kimi t\u0259qdim edibl\u0259r.<\/p>\n<p>Haz\u0131rda abid\u0259d\u0259 Az\u0259rbaycan d\u00f6vl\u0259ti t\u0259r\u0259find\u0259n b\u0259rpa i\u015fl\u0259ri apar\u0131l\u0131r. Burada 12 hektar \u0259razi abadla\u015fd\u0131r\u0131l\u0131b, inzibati bina, bilet sat\u0131\u015f\u0131 m\u0259nt\u0259q\u0259si, avtodayanacaq tikilib. \u015eahbulaq iqam\u0259tgah\u0131, \u015eah Abbas m\u0259scidi, restoran, otel kompleksi, s\u00f6hb\u0259tgahlar, t\u0259dbir meydan\u00e7as\u0131 v\u0259 anbar binas\u0131 yarad\u0131l\u0131b.<\/p>\n<p>D\u00f6vl\u0259t ba\u015f\u00e7\u0131lar\u0131 \u015eahbulaq qalas\u0131n\u0131n h\u0259y\u0259tind\u0259 t\u0259ndir \u00e7\u00f6r\u0259yinin v\u0259 qutab\u0131n bi\u015firilm\u0259sin\u0259 bax\u0131blar.<\/p>\n<p><strong>13:49<\/strong><\/p>\n<p>Aprelin 25-d\u0259 Az\u0259rbaycan Respublikas\u0131n\u0131n Prezidenti\u00a0<strong>\u0130lham \u018fliyev<\/strong>\u00a0v\u0259 Q\u0131r\u011f\u0131z Respublikas\u0131n\u0131n Prezidenti Sad\u0131r Japarov A\u011fdamda \u015eahbulaq qalas\u0131nda olublar.<\/p>\n<p>Bu bar\u0259d\u0259\u00a0<a href=\"https:\/\/azertag.az\/xeber\/prezidentler_ilham_eliyev_ve_sadir_japarov_agdamda_sahbulaq_qalasinda_olublar__yenilenecek-2976153\" target=\"_blank\" rel=\"noopener\">AZ\u018fRTAC<\/a>\u00a0m\u0259lumat yay\u0131b.<\/p>\n<p>&nbsp;<\/p>\n<div class=\"gallery\">\n<div class=\"gallery-i\"><img src=\"https:\/\/cdn.oxu.az\/uploads\/W1siZiIsIjIwMjQvMDQvMjUvMTUvMjQvNTMvNGJhYzAxMDktNmJjYy00ZjE5LWI5MGEtYzQ2N2IyYWYxOTg0LzEuanBnIl0sWyJwIiwiZW5jb2RlIiwianBnIiwiLXF1YWxpdHkgODAiXSxbInAiLCJ0aHVtYiIsIjU5MHg1OTBcdTAwM2UiXV0?sha=cfc3e01bb948fbcf\" alt=\"\" \/><\/p>\n<div class=\"gallery-i-caption\"><\/div>\n<\/div>\n<div class=\"gallery-i\"><img src=\"https:\/\/cdn.oxu.az\/uploads\/W1siZiIsIjIwMjQvMDQvMjUvMTUvMjQvNTMvZjM3NTdlODUtYTNiNC00ZTFjLTkwNTQtZDJiYjg0ZjczNGIwLzIuanBnIl0sWyJwIiwiZW5jb2RlIiwianBnIiwiLXF1YWxpdHkgODAiXSxbInAiLCJ0aHVtYiIsIjU5MHg1OTBcdTAwM2UiXV0?sha=a79d0764a7f7c54a\" alt=\"\" \/><\/p>\n<div class=\"gallery-i-caption\"><\/div>\n<\/div>\n<div class=\"gallery-i\"><img src=\"https:\/\/cdn.oxu.az\/uploads\/W1siZiIsIjIwMjQvMDQvMjUvMTUvMjQvNTMvYWUxNTM5ZTctY2Q2Yy00MWJlLTg2NjgtMzU3M2EwZjQ5NTM4LzMuanBnIl0sWyJwIiwiZW5jb2RlIiwianBnIiwiLXF1YWxpdHkgODAiXSxbInAiLCJ0aHVtYiIsIjU5MHg1OTBcdTAwM2UiXV0?sha=a78590b64d92e26c\" alt=\"\" \/><\/p>\n<div class=\"gallery-i-caption\"><\/div>\n<\/div>\n<div class=\"gallery-i\"><img src=\"https:\/\/cdn.oxu.az\/uploads\/W1siZiIsIjIwMjQvMDQvMjUvMTUvMjQvNTMvOGE0OGRmYjUtMGM1YS00ODNmLWEyNWMtNWVkYTk0NWQwZTI5LzQuanBnIl0sWyJwIiwiZW5jb2RlIiwianBnIiwiLXF1YWxpdHkgODAiXSxbInAiLCJ0aHVtYiIsIjU5MHg1OTBcdTAwM2UiXV0?sha=759428d274065761\" alt=\"\" \/><\/p>\n<div class=\"gallery-i-caption\"><\/div>\n<\/div>\n<div class=\"gallery-i\"><img src=\"https:\/\/cdn.oxu.az\/uploads\/W1siZiIsIjIwMjQvMDQvMjUvMTUvMjQvNTMvZjk5OGQzMDItYjA4OS00ODM2LWFlZWUtZDI1OGRiYjMwYWMwLzUuanBnIl0sWyJwIiwiZW5jb2RlIiwianBnIiwiLXF1YWxpdHkgODAiXSxbInAiLCJ0aHVtYiIsIjU5MHg1OTBcdTAwM2UiXV0?sha=19464185aa9bb3a6\" alt=\"\" \/><\/p>\n<div class=\"gallery-i-caption\"><\/div>\n<\/div>\n<div class=\"gallery-i\"><img src=\"https:\/\/cdn.oxu.az\/uploads\/W1siZiIsIjIwMjQvMDQvMjUvMTUvMjQvNTMvOGQxNmM4MmYtNDRjOC00YTc0LWI1YTgtMzhmYzBmYTVjN2FlLzcuanBnIl0sWyJwIiwiZW5jb2RlIiwianBnIiwiLXF1YWxpdHkgODAiXSxbInAiLCJ0aHVtYiIsIjU5MHg1OTBcdTAwM2UiXV0?sha=6ef5e6857540ffc4\" alt=\"\" \/><\/p>\n<div class=\"gallery-i-caption\"><\/div>\n<\/div>\n<div class=\"gallery-i\"><img src=\"https:\/\/cdn.oxu.az\/uploads\/W1siZiIsIjIwMjQvMDQvMjUvMTUvMjQvNTQvNWIxZmY1YzctNzkzNS00YzhjLTgwMTctNmQ0MTYyMDY2MGM4LzkuanBnIl0sWyJwIiwiZW5jb2RlIiwianBnIiwiLXF1YWxpdHkgODAiXSxbInAiLCJ0aHVtYiIsIjU5MHg1OTBcdTAwM2UiXV0?sha=ac3a77800f3cc8fc\" alt=\"\" \/><\/p>\n<div class=\"gallery-i-caption\"><\/div>\n<\/div>\n<div class=\"gallery-i\"><img src=\"https:\/\/cdn.oxu.az\/uploads\/W1siZiIsIjIwMjQvMDQvMjUvMTUvMjQvNTQvYWYwYjY0NDMtOGFhNS00N2I1LTg3NTQtODQ0NDQ1NmFmYjc5LzEwLmpwZyJdLFsicCIsImVuY29kZSIsImpwZyIsIi1xdWFsaXR5IDgwIl0sWyJwIiwidGh1bWIiLCI1OTB4NTkwXHUwMDNlIl1d?sha=a6264032d6c01f77\" alt=\"\" \/><\/p>\n<div class=\"gallery-i-caption\"><\/div>\n<\/div>\n<div class=\"gallery-i\"><img src=\"https:\/\/cdn.oxu.az\/uploads\/W1siZiIsIjIwMjQvMDQvMjUvMTUvMjQvNTQvZGFmMzMzNTMtMjliNi00ZjFhLTk4YzgtZjBkZTFhZGFjNjdiLzExLmpwZyJdLFsicCIsImVuY29kZSIsImpwZyIsIi1xdWFsaXR5IDgwIl0sWyJwIiwidGh1bWIiLCI1OTB4NTkwXHUwMDNlIl1d?sha=a3c64ab2a20f05fb\" alt=\"\" \/><\/p>\n<div class=\"gallery-i-caption\"><\/div>\n<\/div>\n<div class=\"gallery-i\"><img src=\"https:\/\/cdn.oxu.az\/uploads\/W1siZiIsIjIwMjQvMDQvMjUvMTUvMjQvNTQvZmQ5NmJlNTQtZjE1Zi00Y2Q0LTljMTUtZDE3NjgxYzA2YmQ1LzEyLmpwZyJdLFsicCIsImVuY29kZSIsImpwZyIsIi1xdWFsaXR5IDgwIl0sWyJwIiwidGh1bWIiLCI1OTB4NTkwXHUwMDNlIl1d?sha=8f89e82d649f1e1b\" alt=\"\" \/><\/p>\n<div class=\"gallery-i-caption\"><\/div>\n<\/div>\n<div class=\"gallery-i\"><img src=\"https:\/\/cdn.oxu.az\/uploads\/W1siZiIsIjIwMjQvMDQvMjUvMTUvMjQvNTQvMGQ0ZGI5ODAtZjI5Yy00ZDA2LTk2NDEtODZiNGVhZWQ4YWJmLzEzLmpwZyJdLFsicCIsImVuY29kZSIsImpwZyIsIi1xdWFsaXR5IDgwIl0sWyJwIiwidGh1bWIiLCI1OTB4NTkwXHUwMDNlIl1d?sha=de7e23ccdd15a0f1\" alt=\"\" \/><\/div>\n<\/div>\n","protected":false},"excerpt":{"rendered":"<p>Aprelin 25-d\u0259 Az\u0259rbaycan Respublikas\u0131n\u0131n Prezidenti\u00a0\u0130lham \u018fliyev\u00a0v\u0259 Q\u0131r\u011f\u0131z Respublikas\u0131n\u0131n Prezidenti Sad\u0131r Japarov A\u011fdamda \u015eahbulaq qalas\u0131nda olublar. AZ\u018fRTAC\u00a0x\u0259b\u0259r verir ki, d\u00f6vl\u0259t ba\u015f\u00e7\u0131lar\u0131na qalan\u0131n b\u0259rpas\u0131 i\u015fl\u0259ri bar\u0259d\u0259 m\u0259lumat verilib. Bildirilib ki, XVIII \u0259sr\u0259 aid bu qala Qaraba\u011f \u0259razisind\u0259ki \u0259n m\u0259\u015fhur abid\u0259l\u0259rd\u0259n biridir. A\u011fdam \u015f\u0259h\u0259rinin 10 kilometrliyind\u0259, \u015eahbulaq k\u0259ndi yax\u0131nl\u0131\u011f\u0131nda yerl\u0259\u015f\u0259n qala 1751-1752-ci ill\u0259rd\u0259 Qaraba\u011f xanl\u0131\u011f\u0131n\u0131n banisi P\u0259nah\u0259li xan t\u0259r\u0259find\u0259n in\u015fa etdirilib. Elmi \u0259d\u0259biyyatda \u201c\u015eahbulaq q\u0259sri\u201d ad\u0131 il\u0259 tan\u0131nan abid\u0259, \u0259slind\u0259, iri q\u0259sr kompleksinin i\u00e7 qalas\u0131 olub. Kompleks ya\u015fay\u0131\u015f evl\u0259rind\u0259n, bazar, hamam v\u0259 m\u0259scidd\u0259n ibar\u0259t idi. P\u0259nah\u0259li xan \u015eu\u015fa qalas\u0131n\u0131 in\u015fa etdir\u0259n\u0259d\u0259k \u015eahbulaq qalas\u0131&hellip;<\/p>\n","protected":false},"author":2,"featured_media":715597,"comment_status":"closed","ping_status":"closed","sticky":false,"template":"","format":"standard","meta":{"om_disable_all_campaigns":false,"_monsterinsights_skip_tracking":false,"_monsterinsights_sitenote_active":false,"_monsterinsights_sitenote_note":"","_monsterinsights_sitenote_category":0},"categories":[4],"tags":[],"aioseo_notices":[],"gutentor_comment":0,"rttpg_featured_image_url":{"full":["https:\/\/arantv.az\/wp-content\/uploads\/2024\/04\/6-1.jpg",620,413,false],"landscape":["https:\/\/arantv.az\/wp-content\/uploads\/2024\/04\/6-1.jpg",620,413,false],"portraits":["https:\/\/arantv.az\/wp-content\/uploads\/2024\/04\/6-1.jpg",620,413,false],"thumbnail":["https:\/\/arantv.az\/wp-content\/uploads\/2024\/04\/6-1-500x280.jpg",500,280,true],"medium":["https:\/\/arantv.az\/wp-content\/uploads\/2024\/04\/6-1-548x365.jpg",548,365,true],"large":["https:\/\/arantv.az\/wp-content\/uploads\/2024\/04\/6-1.jpg",620,413,false],"1536x1536":["https:\/\/arantv.az\/wp-content\/uploads\/2024\/04\/6-1.jpg",620,413,false],"2048x2048":["https:\/\/arantv.az\/wp-content\/uploads\/2024\/04\/6-1.jpg",620,413,false],"post-thumbnail":["https:\/\/arantv.az\/wp-content\/uploads\/2024\/04\/6-1-240x172.jpg",240,172,true],"advps-thumb-one":["https:\/\/arantv.az\/wp-content\/uploads\/2024\/04\/6-1.jpg",620,413,false]},"rttpg_author":{"display_name":"V\u00fcsal Rafiqo\u011flu","author_link":"https:\/\/arantv.az\/?author=2"},"rttpg_comment":0,"rttpg_category":"<a href=\"https:\/\/arantv.az\/?cat=4\" rel=\"category\">Siyas\u0259t<\/a>","rttpg_excerpt":"Aprelin 25-d\u0259 Az\u0259rbaycan Respublikas\u0131n\u0131n Prezidenti\u00a0\u0130lham \u018fliyev\u00a0v\u0259 Q\u0131r\u011f\u0131z Respublikas\u0131n\u0131n Prezidenti Sad\u0131r Japarov A\u011fdamda \u015eahbulaq qalas\u0131nda olublar. AZ\u018fRTAC\u00a0x\u0259b\u0259r verir ki, d\u00f6vl\u0259t ba\u015f\u00e7\u0131lar\u0131na qalan\u0131n b\u0259rpas\u0131 i\u015fl\u0259ri bar\u0259d\u0259 m\u0259lumat verilib. Bildirilib ki, XVIII \u0259sr\u0259 aid bu qala Qaraba\u011f \u0259razisind\u0259ki \u0259n m\u0259\u015fhur abid\u0259l\u0259rd\u0259n biridir. A\u011fdam \u015f\u0259h\u0259rinin 10 kilometrliyind\u0259, \u015eahbulaq k\u0259ndi yax\u0131nl\u0131\u011f\u0131nda yerl\u0259\u015f\u0259n qala 1751-1752-ci ill\u0259rd\u0259 Qaraba\u011f xanl\u0131\u011f\u0131n\u0131n banisi P\u0259nah\u0259li xan&hellip;","_links":{"self":[{"href":"https:\/\/arantv.az\/index.php?rest_route=\/wp\/v2\/posts\/715596"}],"collection":[{"href":"https:\/\/arantv.az\/index.php?rest_route=\/wp\/v2\/posts"}],"about":[{"href":"https:\/\/arantv.az\/index.php?rest_route=\/wp\/v2\/types\/post"}],"author":[{"embeddable":true,"href":"https:\/\/arantv.az\/index.php?rest_route=\/wp\/v2\/users\/2"}],"replies":[{"embeddable":true,"href":"https:\/\/arantv.az\/index.php?rest_route=%2Fwp%2Fv2%2Fcomments&post=715596"}],"version-history":[{"count":0,"href":"https:\/\/arantv.az\/index.php?rest_route=\/wp\/v2\/posts\/715596\/revisions"}],"wp:featuredmedia":[{"embeddable":true,"href":"https:\/\/arantv.az\/index.php?rest_route=\/wp\/v2\/media\/715597"}],"wp:attachment":[{"href":"https:\/\/arantv.az\/index.php?rest_route=%2Fwp%2Fv2%2Fmedia&parent=715596"}],"wp:term":[{"taxonomy":"category","embeddable":true,"href":"https:\/\/arantv.az\/index.php?rest_route=%2Fwp%2Fv2%2Fcategories&post=715596"},{"taxonomy":"post_tag","embeddable":true,"href":"https:\/\/arantv.az\/index.php?rest_route=%2Fwp%2Fv2%2Ftags&post=715596"}],"curies":[{"name":"wp","href":"https:\/\/api.w.org\/{rel}","templated":true}]}}