{"id":715602,"date":"2024-04-25T20:20:10","date_gmt":"2024-04-25T16:20:10","guid":{"rendered":"https:\/\/arantv.az\/?p=715602"},"modified":"2024-04-25T20:20:10","modified_gmt":"2024-04-25T16:20:10","slug":"rusiya-qarabagdaki-abid%c9%99l%c9%99rl%c9%99-bagli-m%c9%99s%c9%99l%c9%99l%c9%99rin-h%c9%99llind%c9%99-baki-v%c9%99-ir%c9%99vana-yardim-gost%c9%99rm%c9%99y%c9%99-hazirdir","status":"publish","type":"post","link":"https:\/\/arantv.az\/?p=715602","title":{"rendered":"Rusiya Qaraba\u011fdak\u0131 abid\u0259l\u0259rl\u0259 ba\u011fl\u0131 m\u0259s\u0259l\u0259l\u0259rin h\u0259llind\u0259 Bak\u0131 v\u0259 \u0130r\u0259vana yard\u0131m g\u00f6st\u0259rm\u0259y\u0259 haz\u0131rd\u0131r"},"content":{"rendered":"<p>\u201cRusiya Qaraba\u011f \u0259razisind\u0259 da\u011f\u0131d\u0131lm\u0131\u015f abid\u0259l\u0259rl\u0259 ba\u011fl\u0131 m\u0259s\u0259l\u0259l\u0259rin h\u0259llind\u0259 Az\u0259rbaycan v\u0259 Erm\u0259nistana k\u00f6m\u0259k g\u00f6st\u0259rm\u0259y\u0259 haz\u0131rd\u0131r\u201d.<\/p>\n<p>Bunu Rusiya Xarici \u0130\u015fl\u0259r Nazirliyinin s\u00f6z\u00e7\u00fcs\u00fc Mariya Zaxarova brifinqd\u0259 bildirib.<\/p>\n<p>\u201cErm\u0259nistan v\u0259 Az\u0259rbaycan aras\u0131nda m\u0259d\u0259ni abid\u0259l\u0259rin, tarixi abid\u0259l\u0259rin v\u0259 dini yerl\u0259rin da\u011f\u0131d\u0131lmas\u0131 il\u0259 ba\u011fl\u0131 m\u00fct\u0259madi olaraq qar\u015f\u0131l\u0131ql\u0131 ittihamlar\u0131 n\u0259z\u0259r\u0259 alaraq, biz Bak\u0131 v\u0259 \u0130r\u0259van\u0131 bu m\u0259s\u0259l\u0259ni ikit\u0259r\u0259fli dan\u0131\u015f\u0131qlar\u0131n m\u00f6vzusuna \u00e7evirm\u0259y\u0259 \u00e7a\u011f\u0131r\u0131r\u0131q. Biz d\u0259 \u00f6z t\u0259r\u0259fimizd\u0259n bu m\u00f6vzu il\u0259 ba\u011fl\u0131 ist\u0259nil\u0259n yard\u0131m\u0131 g\u00f6st\u0259rm\u0259y\u0259 haz\u0131r\u0131q\u201d, &#8211; dey\u0259 diplomat bildirib.<\/p>\n<p>M\u0259nb\u0259: TASS<\/p>\n","protected":false},"excerpt":{"rendered":"<p>\u201cRusiya Qaraba\u011f \u0259razisind\u0259 da\u011f\u0131d\u0131lm\u0131\u015f abid\u0259l\u0259rl\u0259 ba\u011fl\u0131 m\u0259s\u0259l\u0259l\u0259rin h\u0259llind\u0259 Az\u0259rbaycan v\u0259 Erm\u0259nistana k\u00f6m\u0259k g\u00f6st\u0259rm\u0259y\u0259 haz\u0131rd\u0131r\u201d. Bunu Rusiya Xarici \u0130\u015fl\u0259r Nazirliyinin s\u00f6z\u00e7\u00fcs\u00fc Mariya Zaxarova brifinqd\u0259 bildirib. \u201cErm\u0259nistan v\u0259 Az\u0259rbaycan aras\u0131nda m\u0259d\u0259ni abid\u0259l\u0259rin, tarixi abid\u0259l\u0259rin v\u0259 dini yerl\u0259rin da\u011f\u0131d\u0131lmas\u0131 il\u0259 ba\u011fl\u0131 m\u00fct\u0259madi olaraq qar\u015f\u0131l\u0131ql\u0131 ittihamlar\u0131 n\u0259z\u0259r\u0259 alaraq, biz Bak\u0131 v\u0259 \u0130r\u0259van\u0131 bu m\u0259s\u0259l\u0259ni ikit\u0259r\u0259fli dan\u0131\u015f\u0131qlar\u0131n m\u00f6vzusuna \u00e7evirm\u0259y\u0259 \u00e7a\u011f\u0131r\u0131r\u0131q. Biz d\u0259 \u00f6z t\u0259r\u0259fimizd\u0259n bu m\u00f6vzu il\u0259 ba\u011fl\u0131 ist\u0259nil\u0259n yard\u0131m\u0131 g\u00f6st\u0259rm\u0259y\u0259 haz\u0131r\u0131q\u201d, &#8211; dey\u0259 diplomat bildirib. M\u0259nb\u0259: TASS<\/p>\n","protected":false},"author":2,"featured_media":715604,"comment_status":"closed","ping_status":"closed","sticky":false,"template":"","format":"standard","meta":{"om_disable_all_campaigns":false,"_monsterinsights_skip_tracking":false,"_monsterinsights_sitenote_active":false,"_monsterinsights_sitenote_note":"","_monsterinsights_sitenote_category":0},"categories":[4],"tags":[],"aioseo_notices":[],"gutentor_comment":0,"rttpg_featured_image_url":{"full":["https:\/\/arantv.az\/wp-content\/uploads\/2024\/04\/1837277354_0_0_3116_1753_1920x0_80_0_0_72af7e4de92f32fa9e5e00e12140c50d.jpg",620,413,false],"landscape":["https:\/\/arantv.az\/wp-content\/uploads\/2024\/04\/1837277354_0_0_3116_1753_1920x0_80_0_0_72af7e4de92f32fa9e5e00e12140c50d.jpg",620,413,false],"portraits":["https:\/\/arantv.az\/wp-content\/uploads\/2024\/04\/1837277354_0_0_3116_1753_1920x0_80_0_0_72af7e4de92f32fa9e5e00e12140c50d.jpg",620,413,false],"thumbnail":["https:\/\/arantv.az\/wp-content\/uploads\/2024\/04\/1837277354_0_0_3116_1753_1920x0_80_0_0_72af7e4de92f32fa9e5e00e12140c50d-500x280.jpg",500,280,true],"medium":["https:\/\/arantv.az\/wp-content\/uploads\/2024\/04\/1837277354_0_0_3116_1753_1920x0_80_0_0_72af7e4de92f32fa9e5e00e12140c50d-548x365.jpg",548,365,true],"large":["https:\/\/arantv.az\/wp-content\/uploads\/2024\/04\/1837277354_0_0_3116_1753_1920x0_80_0_0_72af7e4de92f32fa9e5e00e12140c50d.jpg",620,413,false],"1536x1536":["https:\/\/arantv.az\/wp-content\/uploads\/2024\/04\/1837277354_0_0_3116_1753_1920x0_80_0_0_72af7e4de92f32fa9e5e00e12140c50d.jpg",620,413,false],"2048x2048":["https:\/\/arantv.az\/wp-content\/uploads\/2024\/04\/1837277354_0_0_3116_1753_1920x0_80_0_0_72af7e4de92f32fa9e5e00e12140c50d.jpg",620,413,false],"post-thumbnail":["https:\/\/arantv.az\/wp-content\/uploads\/2024\/04\/1837277354_0_0_3116_1753_1920x0_80_0_0_72af7e4de92f32fa9e5e00e12140c50d-240x172.jpg",240,172,true],"advps-thumb-one":["https:\/\/arantv.az\/wp-content\/uploads\/2024\/04\/1837277354_0_0_3116_1753_1920x0_80_0_0_72af7e4de92f32fa9e5e00e12140c50d.jpg",620,413,false]},"rttpg_author":{"display_name":"V\u00fcsal Rafiqo\u011flu","author_link":"https:\/\/arantv.az\/?author=2"},"rttpg_comment":0,"rttpg_category":"<a href=\"https:\/\/arantv.az\/?cat=4\" rel=\"category\">Siyas\u0259t<\/a>","rttpg_excerpt":"\u201cRusiya Qaraba\u011f \u0259razisind\u0259 da\u011f\u0131d\u0131lm\u0131\u015f abid\u0259l\u0259rl\u0259 ba\u011fl\u0131 m\u0259s\u0259l\u0259l\u0259rin h\u0259llind\u0259 Az\u0259rbaycan v\u0259 Erm\u0259nistana k\u00f6m\u0259k g\u00f6st\u0259rm\u0259y\u0259 haz\u0131rd\u0131r\u201d. Bunu Rusiya Xarici \u0130\u015fl\u0259r Nazirliyinin s\u00f6z\u00e7\u00fcs\u00fc Mariya Zaxarova brifinqd\u0259 bildirib. \u201cErm\u0259nistan v\u0259 Az\u0259rbaycan aras\u0131nda m\u0259d\u0259ni abid\u0259l\u0259rin, tarixi abid\u0259l\u0259rin v\u0259 dini yerl\u0259rin da\u011f\u0131d\u0131lmas\u0131 il\u0259 ba\u011fl\u0131 m\u00fct\u0259madi olaraq qar\u015f\u0131l\u0131ql\u0131 ittihamlar\u0131 n\u0259z\u0259r\u0259 alaraq, biz Bak\u0131 v\u0259 \u0130r\u0259van\u0131 bu m\u0259s\u0259l\u0259ni ikit\u0259r\u0259fli dan\u0131\u015f\u0131qlar\u0131n m\u00f6vzusuna \u00e7evirm\u0259y\u0259 \u00e7a\u011f\u0131r\u0131r\u0131q.&hellip;","_links":{"self":[{"href":"https:\/\/arantv.az\/index.php?rest_route=\/wp\/v2\/posts\/715602"}],"collection":[{"href":"https:\/\/arantv.az\/index.php?rest_route=\/wp\/v2\/posts"}],"about":[{"href":"https:\/\/arantv.az\/index.php?rest_route=\/wp\/v2\/types\/post"}],"author":[{"embeddable":true,"href":"https:\/\/arantv.az\/index.php?rest_route=\/wp\/v2\/users\/2"}],"replies":[{"embeddable":true,"href":"https:\/\/arantv.az\/index.php?rest_route=%2Fwp%2Fv2%2Fcomments&post=715602"}],"version-history":[{"count":0,"href":"https:\/\/arantv.az\/index.php?rest_route=\/wp\/v2\/posts\/715602\/revisions"}],"wp:featuredmedia":[{"embeddable":true,"href":"https:\/\/arantv.az\/index.php?rest_route=\/wp\/v2\/media\/715604"}],"wp:attachment":[{"href":"https:\/\/arantv.az\/index.php?rest_route=%2Fwp%2Fv2%2Fmedia&parent=715602"}],"wp:term":[{"taxonomy":"category","embeddable":true,"href":"https:\/\/arantv.az\/index.php?rest_route=%2Fwp%2Fv2%2Fcategories&post=715602"},{"taxonomy":"post_tag","embeddable":true,"href":"https:\/\/arantv.az\/index.php?rest_route=%2Fwp%2Fv2%2Ftags&post=715602"}],"curies":[{"name":"wp","href":"https:\/\/api.w.org\/{rel}","templated":true}]}}