{"id":715606,"date":"2024-04-25T20:21:38","date_gmt":"2024-04-25T16:21:38","guid":{"rendered":"https:\/\/arantv.az\/?p=715606"},"modified":"2024-04-25T20:21:38","modified_gmt":"2024-04-25T16:21:38","slug":"ilham-%c9%99liyev-v%c9%99-mehriban-%c9%99liyeva-elmira-suleymanovanin-d%c9%99fn-m%c9%99rasimin%c9%99-%c9%99klil-gond%c9%99ribl%c9%99r-foto","status":"publish","type":"post","link":"https:\/\/arantv.az\/?p=715606","title":{"rendered":"\u0130lham \u018fliyev v\u0259 Mehriban \u018fliyeva Elmira S\u00fcleymanovan\u0131n d\u0259fn m\u0259rasimin\u0259 \u0259klil g\u00f6nd\u0259ribl\u0259r &#8211; FOTO"},"content":{"rendered":"<p>Prezident\u00a0<strong>\u0130lham \u018fliyev<\/strong>\u00a0v\u0259 Birinci vitse-prezident\u00a0<strong>Mehriban \u018fliyeva<\/strong>\u00a0Az\u0259rbaycan\u0131n ilk ombudsman\u0131 Elmira S\u00fcleymanovan\u0131n d\u0259fn m\u0259rasimin\u0259 \u0259klil g\u00f6nd\u0259ribl\u0259r.<\/p>\n<p><strong>ARANTV.AZ <\/strong>\u00a0x\u0259b\u0259r verir ki, \u0259klil m\u0259rhum\u0259nin m\u0259zar\u0131 \u00fcst\u00fcn\u0259 qoyulub.<\/p>\n<p>Qeyd ed\u0259k ki, E.S\u00fcleymanova bu g\u00fcn 87 ya\u015f\u0131nda uzun s\u00fcr\u0259n x\u0259st\u0259likd\u0259n sonra v\u0259fat edib v\u0259 \u0130kinci F\u0259xri xiyabanda d\u0259fn olunub.<\/p>\n<p>&nbsp;<\/p>\n<div class=\"gallery\">\n<div class=\"gallery-i\"><img src=\"https:\/\/cdn.oxu.az\/uploads\/W1siZiIsIjIwMjQvMDQvMjUvMTYvNDEvNDIvZTcwMGE5N2QtN2YwMS00M2EwLWI1MjEtZWRmNzU1N2U5NjliL3VHVGZjYUdZNjhpdE5tTFZFdjRtMmQzSFpnY0xsd1JXWlBCZWJhRnouanBnIl0sWyJwIiwiZW5jb2RlIiwianBnIiwiLXF1YWxpdHkgODAiXSxbInAiLCJ0aHVtYiIsIjU5MHg1OTBcdTAwM2UiXV0?sha=0fdb785e6dd94060\" alt=\"\" \/><\/p>\n<div class=\"gallery-i-caption\"><\/div>\n<\/div>\n<div class=\"gallery-i\"><img src=\"https:\/\/cdn.oxu.az\/uploads\/W1siZiIsIjIwMjQvMDQvMjUvMTYvNDkvNTAvYjJhOTc0NzQtMjg5OC00MzRiLThlNjYtZjgzNzFlMjA0ZTMwLzQzNTI2MDAxM182OTI0MTk3MDUxMDE0MDA0XzEzODY2MDY1NDk4OTIzMTU5NDZfbi5qcGciXSxbInAiLCJlbmNvZGUiLCJqcGciLCItcXVhbGl0eSA4MCJdLFsicCIsInRodW1iIiwiNTkweDU5MFx1MDAzZSJdXQ?sha=a04e32aa459067ab\" alt=\"\" \/><\/div>\n<\/div>\n","protected":false},"excerpt":{"rendered":"<p>Prezident\u00a0\u0130lham \u018fliyev\u00a0v\u0259 Birinci vitse-prezident\u00a0Mehriban \u018fliyeva\u00a0Az\u0259rbaycan\u0131n ilk ombudsman\u0131 Elmira S\u00fcleymanovan\u0131n d\u0259fn m\u0259rasimin\u0259 \u0259klil g\u00f6nd\u0259ribl\u0259r. ARANTV.AZ \u00a0x\u0259b\u0259r verir ki, \u0259klil m\u0259rhum\u0259nin m\u0259zar\u0131 \u00fcst\u00fcn\u0259 qoyulub. Qeyd ed\u0259k ki, E.S\u00fcleymanova bu g\u00fcn 87 ya\u015f\u0131nda uzun s\u00fcr\u0259n x\u0259st\u0259likd\u0259n sonra v\u0259fat edib v\u0259 \u0130kinci F\u0259xri xiyabanda d\u0259fn olunub. &nbsp;<\/p>\n","protected":false},"author":2,"featured_media":715607,"comment_status":"closed","ping_status":"closed","sticky":false,"template":"","format":"standard","meta":{"om_disable_all_campaigns":false,"_monsterinsights_skip_tracking":false,"_monsterinsights_sitenote_active":false,"_monsterinsights_sitenote_note":"","_monsterinsights_sitenote_category":0},"categories":[4],"tags":[],"aioseo_notices":[],"gutentor_comment":0,"rttpg_featured_image_url":{"full":["https:\/\/arantv.az\/wp-content\/uploads\/2024\/04\/uGTfcaGY68itNmLVEv4m2d3HZgcLlwRWZPBebaFz.jpg",590,393,false],"landscape":["https:\/\/arantv.az\/wp-content\/uploads\/2024\/04\/uGTfcaGY68itNmLVEv4m2d3HZgcLlwRWZPBebaFz.jpg",590,393,false],"portraits":["https:\/\/arantv.az\/wp-content\/uploads\/2024\/04\/uGTfcaGY68itNmLVEv4m2d3HZgcLlwRWZPBebaFz.jpg",590,393,false],"thumbnail":["https:\/\/arantv.az\/wp-content\/uploads\/2024\/04\/uGTfcaGY68itNmLVEv4m2d3HZgcLlwRWZPBebaFz-500x280.jpg",500,280,true],"medium":["https:\/\/arantv.az\/wp-content\/uploads\/2024\/04\/uGTfcaGY68itNmLVEv4m2d3HZgcLlwRWZPBebaFz-548x365.jpg",548,365,true],"large":["https:\/\/arantv.az\/wp-content\/uploads\/2024\/04\/uGTfcaGY68itNmLVEv4m2d3HZgcLlwRWZPBebaFz.jpg",590,393,false],"1536x1536":["https:\/\/arantv.az\/wp-content\/uploads\/2024\/04\/uGTfcaGY68itNmLVEv4m2d3HZgcLlwRWZPBebaFz.jpg",590,393,false],"2048x2048":["https:\/\/arantv.az\/wp-content\/uploads\/2024\/04\/uGTfcaGY68itNmLVEv4m2d3HZgcLlwRWZPBebaFz.jpg",590,393,false],"post-thumbnail":["https:\/\/arantv.az\/wp-content\/uploads\/2024\/04\/uGTfcaGY68itNmLVEv4m2d3HZgcLlwRWZPBebaFz-240x172.jpg",240,172,true],"advps-thumb-one":["https:\/\/arantv.az\/wp-content\/uploads\/2024\/04\/uGTfcaGY68itNmLVEv4m2d3HZgcLlwRWZPBebaFz.jpg",590,393,false]},"rttpg_author":{"display_name":"V\u00fcsal Rafiqo\u011flu","author_link":"https:\/\/arantv.az\/?author=2"},"rttpg_comment":0,"rttpg_category":"<a href=\"https:\/\/arantv.az\/?cat=4\" rel=\"category\">Siyas\u0259t<\/a>","rttpg_excerpt":"Prezident\u00a0\u0130lham \u018fliyev\u00a0v\u0259 Birinci vitse-prezident\u00a0Mehriban \u018fliyeva\u00a0Az\u0259rbaycan\u0131n ilk ombudsman\u0131 Elmira S\u00fcleymanovan\u0131n d\u0259fn m\u0259rasimin\u0259 \u0259klil g\u00f6nd\u0259ribl\u0259r. ARANTV.AZ \u00a0x\u0259b\u0259r verir ki, \u0259klil m\u0259rhum\u0259nin m\u0259zar\u0131 \u00fcst\u00fcn\u0259 qoyulub. Qeyd ed\u0259k ki, E.S\u00fcleymanova bu g\u00fcn 87 ya\u015f\u0131nda uzun s\u00fcr\u0259n x\u0259st\u0259likd\u0259n sonra v\u0259fat edib v\u0259 \u0130kinci F\u0259xri xiyabanda d\u0259fn olunub. &nbsp;","_links":{"self":[{"href":"https:\/\/arantv.az\/index.php?rest_route=\/wp\/v2\/posts\/715606"}],"collection":[{"href":"https:\/\/arantv.az\/index.php?rest_route=\/wp\/v2\/posts"}],"about":[{"href":"https:\/\/arantv.az\/index.php?rest_route=\/wp\/v2\/types\/post"}],"author":[{"embeddable":true,"href":"https:\/\/arantv.az\/index.php?rest_route=\/wp\/v2\/users\/2"}],"replies":[{"embeddable":true,"href":"https:\/\/arantv.az\/index.php?rest_route=%2Fwp%2Fv2%2Fcomments&post=715606"}],"version-history":[{"count":0,"href":"https:\/\/arantv.az\/index.php?rest_route=\/wp\/v2\/posts\/715606\/revisions"}],"wp:featuredmedia":[{"embeddable":true,"href":"https:\/\/arantv.az\/index.php?rest_route=\/wp\/v2\/media\/715607"}],"wp:attachment":[{"href":"https:\/\/arantv.az\/index.php?rest_route=%2Fwp%2Fv2%2Fmedia&parent=715606"}],"wp:term":[{"taxonomy":"category","embeddable":true,"href":"https:\/\/arantv.az\/index.php?rest_route=%2Fwp%2Fv2%2Fcategories&post=715606"},{"taxonomy":"post_tag","embeddable":true,"href":"https:\/\/arantv.az\/index.php?rest_route=%2Fwp%2Fv2%2Ftags&post=715606"}],"curies":[{"name":"wp","href":"https:\/\/api.w.org\/{rel}","templated":true}]}}