{"id":715613,"date":"2024-04-25T20:23:53","date_gmt":"2024-04-25T16:23:53","guid":{"rendered":"https:\/\/arantv.az\/?p=715613"},"modified":"2024-04-25T20:23:53","modified_gmt":"2024-04-25T16:23:53","slug":"rusiya-xin-erm%c9%99nistan-r%c9%99hb%c9%99rliyi-etiraf-edir-ki-az%c9%99rbaycanla-s%c9%99rh%c9%99di-delimitasiya-etm%c9%99k-lazimdir-video","status":"publish","type":"post","link":"https:\/\/arantv.az\/?p=715613","title":{"rendered":"Rusiya X\u0130N: \u201cErm\u0259nistan r\u0259hb\u0259rliyi etiraf edir ki, Az\u0259rbaycanla s\u0259rh\u0259di delimitasiya etm\u0259k laz\u0131md\u0131r\u201d &#8211; V\u0130DEO"},"content":{"rendered":"<article class=\"news\">\n<div class=\"news-inner\">\n<p>\u201cMoskva t\u0259\u0259ss\u00fcf edir ki, \u0130r\u0259van Kollektiv T\u0259hl\u00fck\u0259sizlik M\u00fcqavil\u0259si T\u0259\u015fkilat\u0131na (KTMT) qar\u015f\u0131 \u0259sass\u0131z ictimai t\u0259nqidl\u0259r\u0259 yol verm\u0259kd\u0259 davam edir\u201d.<\/p>\n<p><strong>ARANTV.AZ<\/strong>-\u0131n m\u0259lumat\u0131na g\u00f6r\u0259, bunu Rusiya Xarici \u0130\u015fl\u0259r Nazirliyinin s\u00f6z\u00e7\u00fcs\u00fc Mariya Zaxarova brifinqd\u0259 Baku TV-nin \u0259m\u0259kda\u015f\u0131 S\u0259bin\u0259 Dada\u015fovan\u0131n \u0130r\u0259van\u0131n KTMT-nin m\u00f6vqeyini t\u0259nqid etm\u0259sini \u015f\u0259rh ed\u0259rk\u0259n deyib.<\/p>\n<p>O, Erm\u0259nistan h\u00f6kum\u0259tinin KTMT-y\u0259 qar\u015f\u0131 ictimai t\u0259nqid\u0259 davam etm\u0259sind\u0259n t\u0259\u0259ss\u00fcf\u00fcn\u00fc bildirib.<\/p>\n<p>\u201cT\u0259kc\u0259 t\u0259nqid yox, \u0259lb\u0259tt\u0259, t\u0259nqid etm\u0259k olar, lakin burada s\u00f6hb\u0259t \u0259sass\u0131z t\u0259nqidd\u0259n gedir\u201d, &#8211; dey\u0259 Zaxarova vur\u011fulay\u0131b.<\/p>\n<p>Onun s\u00f6zl\u0259rin\u0259 g\u00f6r\u0259, t\u0259\u015fkilat\u0131n katibliyi KTMT-nin nizamnam\u0259 m\u0259qs\u0259d v\u0259 prinsipl\u0259rin\u0259 tam uy\u011fun olaraq respublika qar\u015f\u0131s\u0131nda b\u00fct\u00fcn \u00f6hd\u0259likl\u0259rin qorundu\u011funu t\u0259sdiql\u0259yib.<\/p>\n<p>X\u0130N s\u00f6z\u00e7\u00fcs\u00fc t\u0259\u015fkilat\u0131n 30 il \u0259rzind\u0259 C\u0259nubi Qafqazda effektivliyini s\u00fcbut etdiyini v\u0259 Q\u0259rb h\u0259rbi-siyasi bloklar\u0131n\u0131n f\u0259aliyy\u0259tinin \u0259ksin\u0259 KTMT-nin milli suverenliyi n\u0259z\u0259r\u0259 ald\u0131\u011f\u0131n\u0131 xat\u0131rlad\u0131b.<\/p>\n<p>\u201cErm\u0259nistan-Az\u0259rbaycan s\u0259rh\u0259di m\u0259s\u0259l\u0259sind\u0259, bildiyimiz kimi, h\u0259m Bak\u0131, h\u0259m d\u0259 \u0130r\u0259van 1991-ci il Alma-Ata B\u0259yannam\u0259sini r\u0259hb\u0259r tutma\u011fa raz\u0131la\u015f\u0131blar. Erm\u0259nistan r\u0259hb\u0259rliyinin \u00f6z\u00fc d\u0259 etiraf edir ki, delimitasiya dan\u0131\u015f\u0131qlar\u0131 \u00e7\u0259r\u00e7iv\u0259sind\u0259 yerl\u0259rd\u0259 Az\u0259rbaycanla s\u0259rh\u0259d x\u0259ttini d\u0259qiql\u0259\u015fdirm\u0259k laz\u0131md\u0131r. \u0130r\u0259van m\u00fcbahis\u0259li \u0259razil\u0259r v\u0259 anklavlarla ba\u011fl\u0131 m\u0259s\u0259l\u0259l\u0259rin h\u0259ll edilm\u0259li oldu\u011funu q\u0259bul edir\u201d, &#8211; dey\u0259 Zaxarova \u0259lav\u0259 edib.<\/p>\n<p>O, bildirib ki, Erm\u0259nistan r\u0259hb\u0259rliyinin \u00f6z\u00fc m\u00fc\u0259yy\u0259n ya\u015fay\u0131\u015f m\u0259nt\u0259q\u0259l\u0259rini Az\u0259rbaycana qaytarmaq q\u0259rar\u0131na g\u0259lib v\u0259 burda KTMT-ni ed\u0259c\u0259yi bir i\u015f yoxdur.<\/p>\n<p>X\u0130N s\u00f6z\u00e7\u00fcs\u00fc h\u0259m\u00e7inin regionun t\u0259hl\u00fck\u0259sizliyi m\u0259s\u0259l\u0259sin\u0259 toxunub v\u0259 bildirib ki, Q\u0259rbin ayr\u0131-ayr\u0131 \u00f6lk\u0259l\u0259rinin regiona girm\u0259 c\u0259hdl\u0259ri var. Zaxarovan\u0131n s\u00f6zl\u0259rin\u0259 g\u00f6r\u0259, onlar C\u0259nubi Qafqaz regionuna s\u00fclhm\u0259raml\u0131 niyy\u0259tl\u0259 deyil, \u0259ksin\u0259 sabitliyi pozma\u011fa, d\u00f6vl\u0259t\u00e7iliy\u0259 qar\u015f\u0131 informasiya toplama\u011fa v\u0259 iqtisadi m\u0259nf\u0259\u0259t qazanmaq \u00fc\u00e7\u00fcn regiondak\u0131 v\u0259ziyy\u0259ti izl\u0259m\u0259k \u00fc\u00e7\u00fcn girirl\u0259r, regionda casusluq f\u0259aliyy\u0259ti h\u0259yata ke\u00e7irirl\u0259r.<\/p>\n<p>O\u00a0vur\u011fulay\u0131b ki, Rusiya Az\u0259rbaycan v\u0259 Erm\u0259nistan s\u0259rh\u0259dind\u0259 Avropa \u0130ttifaq\u0131 missiyas\u0131n\u0131n \u0259sl motivl\u0259rin\u0259 he\u00e7 vaxt \u015f\u00fcbh\u0259 etm\u0259yib.<\/p>\n<p>\u201cBu c\u00fcr tendensiyalar, \u015f\u00fcbh\u0259siz ki, art\u0131q regionda q\u00fcvv\u0259l\u0259r balans\u0131n\u0131 pozur v\u0259 m\u00fcvafiq raz\u0131la\u015fmalar \u0259sas\u0131nda qurulmal\u0131 olan s\u00fclh nizamlanmas\u0131na x\u0259l\u0259l g\u0259tirir\u201d, &#8211; dey\u0259 Zaxarova vur\u011fulay\u0131b.<\/p>\n<p>\u201cQ\u0259rb s\u00fclhm\u0259raml\u0131 \u015f\u00fcar\u0131 alt\u0131nda hans\u0131 \u00f6lk\u0259d\u0259 g\u00f6r\u00fcn\u00fcbs\u0259, n\u0259tic\u0259 k\u0259d\u0259rli olub &#8211; yeni m\u00fcnaqi\u015f\u0259l\u0259r yaran\u0131b, k\u00f6hn\u0259l\u0259ri yenid\u0259n alovlan\u0131b. T\u0259\u0259ss\u00fcf ki, ba\u015fqa n\u00fcmun\u0259l\u0259r yoxdur\u201d, &#8211; dey\u0259 Zaxarova s\u00f6zl\u0259rini yekunla\u015fd\u0131r\u0131b.<\/p>\n<div><iframe loading=\"lazy\" title=\"YouTube video player\" src=\"https:\/\/www.youtube.com\/embed\/ysMJgahVSjY?si=IxmUnhEJIo242VBP\" width=\"560\" height=\"315\" frameborder=\"0\" allowfullscreen=\"allowfullscreen\" data-mce-fragment=\"1\"><\/iframe><\/div>\n<div><iframe loading=\"lazy\" title=\"YouTube video player\" src=\"https:\/\/www.youtube.com\/embed\/BTjj7PZOq7g?si=O1xP0EBgGNRdv7KF\" width=\"560\" height=\"315\" frameborder=\"0\" allowfullscreen=\"allowfullscreen\" data-mce-fragment=\"1\"><\/iframe><\/div>\n<\/div>\n<\/article>\n","protected":false},"excerpt":{"rendered":"<p>\u201cMoskva t\u0259\u0259ss\u00fcf edir ki, \u0130r\u0259van Kollektiv T\u0259hl\u00fck\u0259sizlik M\u00fcqavil\u0259si T\u0259\u015fkilat\u0131na (KTMT) qar\u015f\u0131 \u0259sass\u0131z ictimai t\u0259nqidl\u0259r\u0259 yol verm\u0259kd\u0259 davam edir\u201d. ARANTV.AZ-\u0131n m\u0259lumat\u0131na g\u00f6r\u0259, bunu Rusiya Xarici \u0130\u015fl\u0259r Nazirliyinin s\u00f6z\u00e7\u00fcs\u00fc Mariya Zaxarova brifinqd\u0259 Baku TV-nin \u0259m\u0259kda\u015f\u0131 S\u0259bin\u0259 Dada\u015fovan\u0131n \u0130r\u0259van\u0131n KTMT-nin m\u00f6vqeyini t\u0259nqid etm\u0259sini \u015f\u0259rh ed\u0259rk\u0259n deyib. O, Erm\u0259nistan h\u00f6kum\u0259tinin KTMT-y\u0259 qar\u015f\u0131 ictimai t\u0259nqid\u0259 davam etm\u0259sind\u0259n t\u0259\u0259ss\u00fcf\u00fcn\u00fc bildirib. \u201cT\u0259kc\u0259 t\u0259nqid yox, \u0259lb\u0259tt\u0259, t\u0259nqid etm\u0259k olar, lakin burada s\u00f6hb\u0259t \u0259sass\u0131z t\u0259nqidd\u0259n gedir\u201d, &#8211; dey\u0259 Zaxarova vur\u011fulay\u0131b. Onun s\u00f6zl\u0259rin\u0259 g\u00f6r\u0259, t\u0259\u015fkilat\u0131n katibliyi KTMT-nin nizamnam\u0259 m\u0259qs\u0259d v\u0259 prinsipl\u0259rin\u0259 tam uy\u011fun olaraq respublika qar\u015f\u0131s\u0131nda b\u00fct\u00fcn \u00f6hd\u0259likl\u0259rin qorundu\u011funu t\u0259sdiql\u0259yib.&hellip;<\/p>\n","protected":false},"author":2,"featured_media":715614,"comment_status":"closed","ping_status":"closed","sticky":false,"template":"","format":"standard","meta":{"om_disable_all_campaigns":false,"_monsterinsights_skip_tracking":false,"_monsterinsights_sitenote_active":false,"_monsterinsights_sitenote_note":"","_monsterinsights_sitenote_category":0},"categories":[4],"tags":[],"aioseo_notices":[],"gutentor_comment":0,"rttpg_featured_image_url":{"full":["https:\/\/arantv.az\/wp-content\/uploads\/2024\/04\/8-1.jpg",620,413,false],"landscape":["https:\/\/arantv.az\/wp-content\/uploads\/2024\/04\/8-1.jpg",620,413,false],"portraits":["https:\/\/arantv.az\/wp-content\/uploads\/2024\/04\/8-1.jpg",620,413,false],"thumbnail":["https:\/\/arantv.az\/wp-content\/uploads\/2024\/04\/8-1-500x280.jpg",500,280,true],"medium":["https:\/\/arantv.az\/wp-content\/uploads\/2024\/04\/8-1-548x365.jpg",548,365,true],"large":["https:\/\/arantv.az\/wp-content\/uploads\/2024\/04\/8-1.jpg",620,413,false],"1536x1536":["https:\/\/arantv.az\/wp-content\/uploads\/2024\/04\/8-1.jpg",620,413,false],"2048x2048":["https:\/\/arantv.az\/wp-content\/uploads\/2024\/04\/8-1.jpg",620,413,false],"post-thumbnail":["https:\/\/arantv.az\/wp-content\/uploads\/2024\/04\/8-1-240x172.jpg",240,172,true],"advps-thumb-one":["https:\/\/arantv.az\/wp-content\/uploads\/2024\/04\/8-1.jpg",620,413,false]},"rttpg_author":{"display_name":"V\u00fcsal Rafiqo\u011flu","author_link":"https:\/\/arantv.az\/?author=2"},"rttpg_comment":0,"rttpg_category":"<a href=\"https:\/\/arantv.az\/?cat=4\" rel=\"category\">Siyas\u0259t<\/a>","rttpg_excerpt":"\u201cMoskva t\u0259\u0259ss\u00fcf edir ki, \u0130r\u0259van Kollektiv T\u0259hl\u00fck\u0259sizlik M\u00fcqavil\u0259si T\u0259\u015fkilat\u0131na (KTMT) qar\u015f\u0131 \u0259sass\u0131z ictimai t\u0259nqidl\u0259r\u0259 yol verm\u0259kd\u0259 davam edir\u201d. ARANTV.AZ-\u0131n m\u0259lumat\u0131na g\u00f6r\u0259, bunu Rusiya Xarici \u0130\u015fl\u0259r Nazirliyinin s\u00f6z\u00e7\u00fcs\u00fc Mariya Zaxarova brifinqd\u0259 Baku TV-nin \u0259m\u0259kda\u015f\u0131 S\u0259bin\u0259 Dada\u015fovan\u0131n \u0130r\u0259van\u0131n KTMT-nin m\u00f6vqeyini t\u0259nqid etm\u0259sini \u015f\u0259rh ed\u0259rk\u0259n deyib. O, Erm\u0259nistan h\u00f6kum\u0259tinin KTMT-y\u0259 qar\u015f\u0131 ictimai t\u0259nqid\u0259 davam etm\u0259sind\u0259n t\u0259\u0259ss\u00fcf\u00fcn\u00fc bildirib. \u201cT\u0259kc\u0259&hellip;","_links":{"self":[{"href":"https:\/\/arantv.az\/index.php?rest_route=\/wp\/v2\/posts\/715613"}],"collection":[{"href":"https:\/\/arantv.az\/index.php?rest_route=\/wp\/v2\/posts"}],"about":[{"href":"https:\/\/arantv.az\/index.php?rest_route=\/wp\/v2\/types\/post"}],"author":[{"embeddable":true,"href":"https:\/\/arantv.az\/index.php?rest_route=\/wp\/v2\/users\/2"}],"replies":[{"embeddable":true,"href":"https:\/\/arantv.az\/index.php?rest_route=%2Fwp%2Fv2%2Fcomments&post=715613"}],"version-history":[{"count":0,"href":"https:\/\/arantv.az\/index.php?rest_route=\/wp\/v2\/posts\/715613\/revisions"}],"wp:featuredmedia":[{"embeddable":true,"href":"https:\/\/arantv.az\/index.php?rest_route=\/wp\/v2\/media\/715614"}],"wp:attachment":[{"href":"https:\/\/arantv.az\/index.php?rest_route=%2Fwp%2Fv2%2Fmedia&parent=715613"}],"wp:term":[{"taxonomy":"category","embeddable":true,"href":"https:\/\/arantv.az\/index.php?rest_route=%2Fwp%2Fv2%2Fcategories&post=715613"},{"taxonomy":"post_tag","embeddable":true,"href":"https:\/\/arantv.az\/index.php?rest_route=%2Fwp%2Fv2%2Ftags&post=715613"}],"curies":[{"name":"wp","href":"https:\/\/api.w.org\/{rel}","templated":true}]}}