{"id":715661,"date":"2024-04-25T22:30:26","date_gmt":"2024-04-25T18:30:26","guid":{"rendered":"https:\/\/arantv.az\/?p=715661"},"modified":"2024-04-25T22:30:26","modified_gmt":"2024-04-25T18:30:26","slug":"b%c9%99rpadan-sonra-agdam-cum%c9%99-m%c9%99scidind%c9%99-ilk-azan-verilib-video","status":"publish","type":"post","link":"https:\/\/arantv.az\/?p=715661","title":{"rendered":"B\u0259rpadan sonra A\u011fdam C\u00fcm\u0259 m\u0259scidind\u0259 ilk azan verilib &#8211; V\u0130DEO"},"content":{"rendered":"<p>B\u0259rpadan sonra A\u011fdam C\u00fcm\u0259 m\u0259scidind\u0259 ilk azan verilib.<\/p>\n<p><strong>ARANTV.AZ <\/strong>x\u0259b\u0259r verir ki, bununla ba\u011fl\u0131 Heyd\u0259r \u018fliyev Fondunun sosial \u015f\u0259b\u0259k\u0259d\u0259ki payla\u015f\u0131m\u0131nda qeyd edilir.<\/p>\n<p>Xat\u0131rladaq\u00a0ki, A\u011fdam \u015f\u0259h\u0259rind\u0259ki C\u00fcm\u0259 m\u0259scidi memar K\u0259rb\u0259lay\u0131 S\u0259fixan Qaraba\u011fi t\u0259r\u0259find\u0259n 1868-1870-ci ill\u0259rd\u0259 tikilib. \u015e\u0259h\u0259r Erm\u0259nistan silahl\u0131 q\u00fcvv\u0259l\u0259rinin i\u015f\u011fal\u0131 alt\u0131nda oldu\u011fu m\u00fcdd\u0259td\u0259 C\u00fcm\u0259 m\u0259scidi erm\u0259nil\u0259r t\u0259r\u0259find\u0259n yand\u0131r\u0131laraq vandalizm\u0259 m\u0259ruz qalm\u0131\u015fd\u0131. Torpaqlar\u0131m\u0131z i\u015f\u011faldan azad olunduqdan sonra 2022-ci ilin mart\u0131ndan A\u011fdam C\u00fcm\u0259 m\u0259scidinin b\u0259rpas\u0131na ba\u015flan\u0131l\u0131b.<\/p>\n<p>Aprelin 25-d\u0259 is\u0259 Az\u0259rbaycan Respublikas\u0131n\u0131n Prezidenti\u00a0<strong>\u0130lham \u018fliyev<\/strong>\u00a0v\u0259 Q\u0131r\u011f\u0131z Respublikas\u0131n\u0131n Prezidenti Sad\u0131r Japarov A\u011fdam C\u00fcm\u0259 m\u0259scidinin b\u0259rpadan sonra a\u00e7\u0131l\u0131\u015f\u0131nda i\u015ftirak edibl\u0259r.<\/p>\n<p>H\u0259min g\u00f6r\u00fcnt\u00fcl\u0259ri t\u0259qdim edirik:<\/p>\n<div><iframe loading=\"lazy\" id=\"telegram-post-oxuaze-89995\" src=\"https:\/\/t.me\/oxuaze\/89995?embed=1\" width=\"100%\" height=\"\" frameborder=\"0\" scrolling=\"no\" data-mce-fragment=\"1\"><\/iframe><\/div>\n<p>&nbsp;<\/p>\n","protected":false},"excerpt":{"rendered":"<p>B\u0259rpadan sonra A\u011fdam C\u00fcm\u0259 m\u0259scidind\u0259 ilk azan verilib. ARANTV.AZ x\u0259b\u0259r verir ki, bununla ba\u011fl\u0131 Heyd\u0259r \u018fliyev Fondunun sosial \u015f\u0259b\u0259k\u0259d\u0259ki payla\u015f\u0131m\u0131nda qeyd edilir. Xat\u0131rladaq\u00a0ki, A\u011fdam \u015f\u0259h\u0259rind\u0259ki C\u00fcm\u0259 m\u0259scidi memar K\u0259rb\u0259lay\u0131 S\u0259fixan Qaraba\u011fi t\u0259r\u0259find\u0259n 1868-1870-ci ill\u0259rd\u0259 tikilib. \u015e\u0259h\u0259r Erm\u0259nistan silahl\u0131 q\u00fcvv\u0259l\u0259rinin i\u015f\u011fal\u0131 alt\u0131nda oldu\u011fu m\u00fcdd\u0259td\u0259 C\u00fcm\u0259 m\u0259scidi erm\u0259nil\u0259r t\u0259r\u0259find\u0259n yand\u0131r\u0131laraq vandalizm\u0259 m\u0259ruz qalm\u0131\u015fd\u0131. Torpaqlar\u0131m\u0131z i\u015f\u011faldan azad olunduqdan sonra 2022-ci ilin mart\u0131ndan A\u011fdam C\u00fcm\u0259 m\u0259scidinin b\u0259rpas\u0131na ba\u015flan\u0131l\u0131b. Aprelin 25-d\u0259 is\u0259 Az\u0259rbaycan Respublikas\u0131n\u0131n Prezidenti\u00a0\u0130lham \u018fliyev\u00a0v\u0259 Q\u0131r\u011f\u0131z Respublikas\u0131n\u0131n Prezidenti Sad\u0131r Japarov A\u011fdam C\u00fcm\u0259 m\u0259scidinin b\u0259rpadan sonra a\u00e7\u0131l\u0131\u015f\u0131nda i\u015ftirak edibl\u0259r. H\u0259min g\u00f6r\u00fcnt\u00fcl\u0259ri t\u0259qdim edirik: &nbsp;<\/p>\n","protected":false},"author":2,"featured_media":715662,"comment_status":"closed","ping_status":"closed","sticky":false,"template":"","format":"standard","meta":{"om_disable_all_campaigns":false,"_monsterinsights_skip_tracking":false,"_monsterinsights_sitenote_active":false,"_monsterinsights_sitenote_note":"","_monsterinsights_sitenote_category":0},"categories":[1],"tags":[],"aioseo_notices":[],"gutentor_comment":0,"rttpg_featured_image_url":{"full":["https:\/\/arantv.az\/wp-content\/uploads\/2024\/04\/FotoJet-9-1-2.jpg",620,413,false],"landscape":["https:\/\/arantv.az\/wp-content\/uploads\/2024\/04\/FotoJet-9-1-2.jpg",620,413,false],"portraits":["https:\/\/arantv.az\/wp-content\/uploads\/2024\/04\/FotoJet-9-1-2.jpg",620,413,false],"thumbnail":["https:\/\/arantv.az\/wp-content\/uploads\/2024\/04\/FotoJet-9-1-2-500x280.jpg",500,280,true],"medium":["https:\/\/arantv.az\/wp-content\/uploads\/2024\/04\/FotoJet-9-1-2-548x365.jpg",548,365,true],"large":["https:\/\/arantv.az\/wp-content\/uploads\/2024\/04\/FotoJet-9-1-2.jpg",620,413,false],"1536x1536":["https:\/\/arantv.az\/wp-content\/uploads\/2024\/04\/FotoJet-9-1-2.jpg",620,413,false],"2048x2048":["https:\/\/arantv.az\/wp-content\/uploads\/2024\/04\/FotoJet-9-1-2.jpg",620,413,false],"post-thumbnail":["https:\/\/arantv.az\/wp-content\/uploads\/2024\/04\/FotoJet-9-1-2-240x172.jpg",240,172,true],"advps-thumb-one":["https:\/\/arantv.az\/wp-content\/uploads\/2024\/04\/FotoJet-9-1-2.jpg",620,413,false]},"rttpg_author":{"display_name":"V\u00fcsal Rafiqo\u011flu","author_link":"https:\/\/arantv.az\/?author=2"},"rttpg_comment":0,"rttpg_category":"<a href=\"https:\/\/arantv.az\/?cat=1\" rel=\"category\">C\u0259miyy\u0259t<\/a>","rttpg_excerpt":"B\u0259rpadan sonra A\u011fdam C\u00fcm\u0259 m\u0259scidind\u0259 ilk azan verilib. ARANTV.AZ x\u0259b\u0259r verir ki, bununla ba\u011fl\u0131 Heyd\u0259r \u018fliyev Fondunun sosial \u015f\u0259b\u0259k\u0259d\u0259ki payla\u015f\u0131m\u0131nda qeyd edilir. Xat\u0131rladaq\u00a0ki, A\u011fdam \u015f\u0259h\u0259rind\u0259ki C\u00fcm\u0259 m\u0259scidi memar K\u0259rb\u0259lay\u0131 S\u0259fixan Qaraba\u011fi t\u0259r\u0259find\u0259n 1868-1870-ci ill\u0259rd\u0259 tikilib. \u015e\u0259h\u0259r Erm\u0259nistan silahl\u0131 q\u00fcvv\u0259l\u0259rinin i\u015f\u011fal\u0131 alt\u0131nda oldu\u011fu m\u00fcdd\u0259td\u0259 C\u00fcm\u0259 m\u0259scidi erm\u0259nil\u0259r t\u0259r\u0259find\u0259n yand\u0131r\u0131laraq vandalizm\u0259 m\u0259ruz qalm\u0131\u015fd\u0131. Torpaqlar\u0131m\u0131z i\u015f\u011faldan azad olunduqdan&hellip;","_links":{"self":[{"href":"https:\/\/arantv.az\/index.php?rest_route=\/wp\/v2\/posts\/715661"}],"collection":[{"href":"https:\/\/arantv.az\/index.php?rest_route=\/wp\/v2\/posts"}],"about":[{"href":"https:\/\/arantv.az\/index.php?rest_route=\/wp\/v2\/types\/post"}],"author":[{"embeddable":true,"href":"https:\/\/arantv.az\/index.php?rest_route=\/wp\/v2\/users\/2"}],"replies":[{"embeddable":true,"href":"https:\/\/arantv.az\/index.php?rest_route=%2Fwp%2Fv2%2Fcomments&post=715661"}],"version-history":[{"count":0,"href":"https:\/\/arantv.az\/index.php?rest_route=\/wp\/v2\/posts\/715661\/revisions"}],"wp:featuredmedia":[{"embeddable":true,"href":"https:\/\/arantv.az\/index.php?rest_route=\/wp\/v2\/media\/715662"}],"wp:attachment":[{"href":"https:\/\/arantv.az\/index.php?rest_route=%2Fwp%2Fv2%2Fmedia&parent=715661"}],"wp:term":[{"taxonomy":"category","embeddable":true,"href":"https:\/\/arantv.az\/index.php?rest_route=%2Fwp%2Fv2%2Fcategories&post=715661"},{"taxonomy":"post_tag","embeddable":true,"href":"https:\/\/arantv.az\/index.php?rest_route=%2Fwp%2Fv2%2Ftags&post=715661"}],"curies":[{"name":"wp","href":"https:\/\/api.w.org\/{rel}","templated":true}]}}