{"id":715675,"date":"2024-04-25T22:36:44","date_gmt":"2024-04-25T18:36:44","guid":{"rendered":"https:\/\/arantv.az\/?p=715675"},"modified":"2024-04-25T22:36:44","modified_gmt":"2024-04-25T18:36:44","slug":"az%c9%99rbaycan-rusiya-%c9%99laq%c9%99l%c9%99ri-sur%c9%99tl%c9%99-inkisaf-edir","status":"publish","type":"post","link":"https:\/\/arantv.az\/?p=715675","title":{"rendered":"Az\u0259rbaycan-Rusiya \u0259laq\u0259l\u0259ri s\u00fcr\u0259tl\u0259 inki\u015faf edir"},"content":{"rendered":"<p><em><strong>Ulu\u00a0\u00d6nd\u0259r Heyd\u0259r \u018fliyev\u00a0 15 iyun 1993- c\u00fc ild\u0259 Milli M\u0259clisin iclas\u0131ndak\u0131 ilk \u00e7\u0131x\u0131\u015f\u0131nda iki qon\u015fu d\u00f6vl\u0259t-Rusiya v\u0259 az\u0259rbaycan aras\u0131nda m\u00fcnasib\u0259tl\u0259rin qurulmas\u0131n\u0131n vacibliyini qeyd etmi\u015fdir: \u201dRusiya \u00e7ox b\u00f6y\u00fck d\u00f6vl\u0259tdir,bizim qon\u015fumuzdur.\u015e\u00fcbh\u0259siz ki,Rusiya il\u0259 az\u0259rbaycan aras\u0131nda m\u00fcst\u0259qil prinsipl\u0259r \u0259sas\u0131nda\u00a0 m\u00fcnasib\u0259tl\u0259r bundan sonra daha yax\u015f\u0131 v\u0259 daha geni\u015f olmal\u0131d\u0131r\u201d.\u00a0<\/strong><\/em><\/p>\n<p>\u00dcmummilli\u00a0 Liderimiz Heyd\u0259r \u018fliyevin r\u0259hb\u0259rliyi alt\u0131nda\u00a0 Az\u0259rbaycan v\u0259 Rusiya aras\u0131nda\u00a0 iqtisadi m\u00fcnasib\u0259tl\u0259r inki\u015faf etmi\u015f,humanitar v\u0259 m\u0259d\u0259ni \u0259m\u0259kda\u015fl\u0131q davam etdirilmi\u015fdir.\u00a0Hal-haz\u0131rda\u00a0Ulu \u00d6nd\u0259r\u00a0 Heyd\u0259r \u018fliyev t\u0259r\u0259find\u0259n qurulan m\u00fcnasib\u0259tl\u0259r d\u00f6vl\u0259t ba\u015f\u00e7\u0131m\u0131z \u0130lham \u018fliyev t\u0259r\u0259find\u0259n m\u00fcv\u0259ff\u0259qiyy\u0259tl\u0259 davam etdirilir v\u0259 bu sah\u0259d\u0259 bir \u00e7ox m\u00fch\u00fcm ir\u0259lil\u0259yi\u015fl\u0259r vard\u0131r.<\/p>\n<p>\u0130ki d\u00f6vl\u0259t aras\u0131nda u\u011furlu siyasi \u0259laq\u0259l\u0259r regional \u0259m\u0259kda\u015fl\u0131q\u00a0 m\u0259s\u0259l\u0259l\u0259rind\u0259\u00a0 tam qar\u015f\u0131l\u0131ql\u0131 anla\u015fma, d\u00f6vl\u0259tl\u0259r aras\u0131nda siyasi t\u0259r\u0259fda\u015fl\u0131q m\u00f6vcuddur. D\u00f6vl\u0259t ba\u015f\u00e7\u0131m\u0131z\u0131n 2024-c\u00fc il mart\u0131n 6-dak\u0131 \u00e7\u0131x\u0131\u015f\u0131nda qeyd etdiyi qar\u015f\u0131ya qoyulmu\u015f b\u00fct\u00fcn v\u0259zif\u0259l\u0259r u\u011furla yerin\u0259 yetirilir. Bir \u00e7ox sah\u0259l\u0259rd\u0259,h\u0259m\u00e7inin iqtisadi-ticar\u0259t sah\u0259sind\u0259 art\u0131m vard\u0131r. S\u0259naye- kooperasiya sah\u0259sind\u0259 inki\u015faf etdirilmi\u015f,Rusiyan\u0131n Az\u0259rbaycandak\u0131 \u015firk\u0259tl\u0259ri yeni istehsal sah\u0259l\u0259ri v\u0259 xidm\u0259t sah\u0259l\u0259ri yaratm\u0131\u015flar. Eyni zamanda,k\u0259nd t\u0259s\u0259rr\u00fcfat\u0131 sah\u0259sind\u0259 d\u0259 qar\u015f\u0131l\u0131ql\u0131 anla\u015fma m\u00f6vcuddur. Rusiya bazar\u0131nda Az\u0259rbaycan k\u0259nd t\u0259s\u0259rr\u00fcfat\u0131 m\u0259hsullar\u0131n\u0131n t\u0259dar\u00fck\u00fcn\u00fcn b\u00f6y\u00fck h\u0259cmd\u0259 artmas\u0131 u\u011furla davam edir.\u00a0 N\u0259qliyyat-logistika sah\u0259sind\u0259 d\u0259 b\u00f6y\u00fck bir layih\u0259 h\u0259yata ke\u00e7irilir.\u015eimal-C\u0259nub Beyn\u0259lxlq N\u0259qliyyat\u00a0 D\u0259hlizi bu iki \u00f6lk\u0259ni birl\u0259\u015fdir\u0259n,yax\u0131nla\u015fd\u0131ran \u00e7ox vacib bir layih\u0259dir.\u00a0Humanitar sah\u0259d\u0259 d\u0259 Rusiya Az\u0259rbaycan aras\u0131nda olan dost m\u00fcnasib\u0259ti ayd\u0131n g\u00f6r\u00fcn\u00fcr.\u00d6lk\u0259mizd\u0259 rus dilinin t\u0259drisi buna bariz n\u00fcmun\u0259 ola bil\u0259r.<\/p>\n<p>D\u00f6vl\u0259t ba\u015f\u00e7\u0131m\u0131z\u0131n Rusiya Prezidenti Vladimir Putin il\u0259 birg\u0259 imzalad\u0131\u011f\u0131 Rusiya v\u0259 Az\u0259rbaycan\u0131n qar\u015f\u0131l\u0131ql\u0131 m\u00fctt\u0259fiqlik f\u0259aliyy\u0259ti haqq\u0131nda B\u0259yannam\u0259 d\u00f6vl\u0259tl\u0259r aras\u0131 m\u00fcnasib\u0259tl\u0259rimizin keyfiyy\u0259tin\u0259 yeni s\u0259viyy\u0259d\u0259 ke\u00e7idi il\u0259 \u0259lam\u0259tdard\u0131r. Az\u0259rbaycan Prezidenti \u0130lham \u018fliyevin yeritdiyi d\u00fczg\u00fcn siyas\u0259t n\u0259tic\u0259sind\u0259 n\u0259inki Rusiya,h\u0259m\u00e7inin d\u00fcnyan\u0131n bir s\u0131ra n\u00fcfuzlu d\u00f6vl\u0259tl\u0259ri Az\u0259rbaycanla qar\u015f\u0131l\u0131ql\u0131 iqtisadi v\u0259 siyasi \u0259laq\u0259l\u0259r qurmaqda maraql\u0131d\u0131rlar.<\/p>\n<p><strong>Lal\u0259 Haqverdiyeva,<\/strong><br \/>\n<em>Bak\u0131 \u015f\u0259h\u0259ri, X\u0259tai rayonu, 27 n\u00f6mr\u0259li tam orta m\u0259kt\u0259bin m\u00fc\u0259llimi,<\/em><br \/>\n<em>YAP X\u0259tai rayon t\u0259\u015fkilat\u0131n\u0131n \u00fczv\u00fc<\/em><\/p>\n","protected":false},"excerpt":{"rendered":"<p>Ulu\u00a0\u00d6nd\u0259r Heyd\u0259r \u018fliyev\u00a0 15 iyun 1993- c\u00fc ild\u0259 Milli M\u0259clisin iclas\u0131ndak\u0131 ilk \u00e7\u0131x\u0131\u015f\u0131nda iki qon\u015fu d\u00f6vl\u0259t-Rusiya v\u0259 az\u0259rbaycan aras\u0131nda m\u00fcnasib\u0259tl\u0259rin qurulmas\u0131n\u0131n vacibliyini qeyd etmi\u015fdir: \u201dRusiya \u00e7ox b\u00f6y\u00fck d\u00f6vl\u0259tdir,bizim qon\u015fumuzdur.\u015e\u00fcbh\u0259siz ki,Rusiya il\u0259 az\u0259rbaycan aras\u0131nda m\u00fcst\u0259qil prinsipl\u0259r \u0259sas\u0131nda\u00a0 m\u00fcnasib\u0259tl\u0259r bundan sonra daha yax\u015f\u0131 v\u0259 daha geni\u015f olmal\u0131d\u0131r\u201d.\u00a0 \u00dcmummilli\u00a0 Liderimiz Heyd\u0259r \u018fliyevin r\u0259hb\u0259rliyi alt\u0131nda\u00a0 Az\u0259rbaycan v\u0259 Rusiya aras\u0131nda\u00a0 iqtisadi m\u00fcnasib\u0259tl\u0259r inki\u015faf etmi\u015f,humanitar v\u0259 m\u0259d\u0259ni \u0259m\u0259kda\u015fl\u0131q davam etdirilmi\u015fdir.\u00a0Hal-haz\u0131rda\u00a0Ulu \u00d6nd\u0259r\u00a0 Heyd\u0259r \u018fliyev t\u0259r\u0259find\u0259n qurulan m\u00fcnasib\u0259tl\u0259r d\u00f6vl\u0259t ba\u015f\u00e7\u0131m\u0131z \u0130lham \u018fliyev t\u0259r\u0259find\u0259n m\u00fcv\u0259ff\u0259qiyy\u0259tl\u0259 davam etdirilir v\u0259 bu sah\u0259d\u0259 bir \u00e7ox m\u00fch\u00fcm ir\u0259lil\u0259yi\u015fl\u0259r vard\u0131r. \u0130ki d\u00f6vl\u0259t aras\u0131nda u\u011furlu&hellip;<\/p>\n","protected":false},"author":2,"featured_media":715676,"comment_status":"closed","ping_status":"closed","sticky":false,"template":"","format":"standard","meta":{"om_disable_all_campaigns":false,"_monsterinsights_skip_tracking":false,"_monsterinsights_sitenote_active":false,"_monsterinsights_sitenote_note":"","_monsterinsights_sitenote_category":0},"categories":[19],"tags":[],"aioseo_notices":[],"gutentor_comment":0,"rttpg_featured_image_url":{"full":["https:\/\/arantv.az\/wp-content\/uploads\/2024\/04\/f7cfdde9171404747098491458711065380.jpg",975,540,false],"landscape":["https:\/\/arantv.az\/wp-content\/uploads\/2024\/04\/f7cfdde9171404747098491458711065380.jpg",975,540,false],"portraits":["https:\/\/arantv.az\/wp-content\/uploads\/2024\/04\/f7cfdde9171404747098491458711065380.jpg",975,540,false],"thumbnail":["https:\/\/arantv.az\/wp-content\/uploads\/2024\/04\/f7cfdde9171404747098491458711065380-500x280.jpg",500,280,true],"medium":["https:\/\/arantv.az\/wp-content\/uploads\/2024\/04\/f7cfdde9171404747098491458711065380-660x365.jpg",660,365,true],"large":["https:\/\/arantv.az\/wp-content\/uploads\/2024\/04\/f7cfdde9171404747098491458711065380-840x465.jpg",640,354,true],"1536x1536":["https:\/\/arantv.az\/wp-content\/uploads\/2024\/04\/f7cfdde9171404747098491458711065380.jpg",975,540,false],"2048x2048":["https:\/\/arantv.az\/wp-content\/uploads\/2024\/04\/f7cfdde9171404747098491458711065380.jpg",975,540,false],"post-thumbnail":["https:\/\/arantv.az\/wp-content\/uploads\/2024\/04\/f7cfdde9171404747098491458711065380-240x172.jpg",240,172,true],"advps-thumb-one":["https:\/\/arantv.az\/wp-content\/uploads\/2024\/04\/f7cfdde9171404747098491458711065380.jpg",975,540,false]},"rttpg_author":{"display_name":"V\u00fcsal Rafiqo\u011flu","author_link":"https:\/\/arantv.az\/?author=2"},"rttpg_comment":0,"rttpg_category":"<a href=\"https:\/\/arantv.az\/?cat=19\" rel=\"category\">G\u00fcnd\u0259m<\/a>","rttpg_excerpt":"Ulu\u00a0\u00d6nd\u0259r Heyd\u0259r \u018fliyev\u00a0 15 iyun 1993- c\u00fc ild\u0259 Milli M\u0259clisin iclas\u0131ndak\u0131 ilk \u00e7\u0131x\u0131\u015f\u0131nda iki qon\u015fu d\u00f6vl\u0259t-Rusiya v\u0259 az\u0259rbaycan aras\u0131nda m\u00fcnasib\u0259tl\u0259rin qurulmas\u0131n\u0131n vacibliyini qeyd etmi\u015fdir: \u201dRusiya \u00e7ox b\u00f6y\u00fck d\u00f6vl\u0259tdir,bizim qon\u015fumuzdur.\u015e\u00fcbh\u0259siz ki,Rusiya il\u0259 az\u0259rbaycan aras\u0131nda m\u00fcst\u0259qil prinsipl\u0259r \u0259sas\u0131nda\u00a0 m\u00fcnasib\u0259tl\u0259r bundan sonra daha yax\u015f\u0131 v\u0259 daha geni\u015f olmal\u0131d\u0131r\u201d.\u00a0 \u00dcmummilli\u00a0 Liderimiz Heyd\u0259r \u018fliyevin r\u0259hb\u0259rliyi alt\u0131nda\u00a0 Az\u0259rbaycan v\u0259 Rusiya aras\u0131nda\u00a0&hellip;","_links":{"self":[{"href":"https:\/\/arantv.az\/index.php?rest_route=\/wp\/v2\/posts\/715675"}],"collection":[{"href":"https:\/\/arantv.az\/index.php?rest_route=\/wp\/v2\/posts"}],"about":[{"href":"https:\/\/arantv.az\/index.php?rest_route=\/wp\/v2\/types\/post"}],"author":[{"embeddable":true,"href":"https:\/\/arantv.az\/index.php?rest_route=\/wp\/v2\/users\/2"}],"replies":[{"embeddable":true,"href":"https:\/\/arantv.az\/index.php?rest_route=%2Fwp%2Fv2%2Fcomments&post=715675"}],"version-history":[{"count":0,"href":"https:\/\/arantv.az\/index.php?rest_route=\/wp\/v2\/posts\/715675\/revisions"}],"wp:featuredmedia":[{"embeddable":true,"href":"https:\/\/arantv.az\/index.php?rest_route=\/wp\/v2\/media\/715676"}],"wp:attachment":[{"href":"https:\/\/arantv.az\/index.php?rest_route=%2Fwp%2Fv2%2Fmedia&parent=715675"}],"wp:term":[{"taxonomy":"category","embeddable":true,"href":"https:\/\/arantv.az\/index.php?rest_route=%2Fwp%2Fv2%2Fcategories&post=715675"},{"taxonomy":"post_tag","embeddable":true,"href":"https:\/\/arantv.az\/index.php?rest_route=%2Fwp%2Fv2%2Ftags&post=715675"}],"curies":[{"name":"wp","href":"https:\/\/api.w.org\/{rel}","templated":true}]}}