{"id":715679,"date":"2024-04-25T22:38:34","date_gmt":"2024-04-25T18:38:34","guid":{"rendered":"https:\/\/arantv.az\/?p=715679"},"modified":"2024-04-25T22:38:34","modified_gmt":"2024-04-25T18:38:34","slug":"tarixin-muxt%c9%99lif-m%c9%99qamlari-olk%c9%99l%c9%99rimizi-xalqlarimizi-daha-da-yaxinlasdirir","status":"publish","type":"post","link":"https:\/\/arantv.az\/?p=715679","title":{"rendered":"Tarixin m\u00fcxt\u0259lif m\u0259qamlar\u0131 \u00f6lk\u0259l\u0259rimizi, xalqlar\u0131m\u0131z\u0131 daha da yax\u0131nla\u015fd\u0131r\u0131r"},"content":{"rendered":"<p><em><strong>Aprelin 22-d\u0259 Moskvada Az\u0259rbaycan Respublikas\u0131n\u0131n Prezidenti \u0130lham \u018fliyevin Rusiya Federasiyas\u0131n\u0131n Prezidenti Vladimir Putin il\u0259 t\u0259kb\u0259t\u0259k g\u00f6r\u00fc\u015f\u00fc olub. Bu g\u00f6r\u00fc\u015fd\u0259 Rusiya Federasiyas\u0131n\u0131n Prezidenti Vladimir Putin Prezident \u0130lham \u018fliyevl\u0259 ke\u00e7iril\u0259n bu g\u00f6r\u00fc\u015f\u00fcn iki d\u00f6vl\u0259t aras\u0131ndak\u0131 m\u00fcnasib\u0259tl\u0259rin inki\u015faf\u0131na yeni t\u0259kan ver\u0259c\u0259yin\u0259 \u0259minliyini bildirmi\u015fdir. Az\u0259rbaycan lideri Rusiya r\u0259hb\u0259rliyinin, h\u00f6kum\u0259tinin v\u0259 ictimaiyy\u0259tinin Heyd\u0259r \u018fliyevin \u0259ziz xatir\u0259sin\u0259 ehtiram\u0131n\u0131 y\u00fcks\u0259k qiym\u0259tl\u0259ndirdiyini deyib.<\/strong><\/em><\/p>\n<p>G\u00f6r\u00fc\u015f zaman\u0131 c\u0259nab Prezident \u0130lham \u018fliyev qeyd edib ki, tarixin yaddaqalan bu m\u0259qamlar\u0131 \u00f6lk\u0259l\u0259rimizi, xalqlar\u0131m\u0131z\u0131 daha da yax\u0131nla\u015fd\u0131r\u0131r, m\u00fcnasib\u0259tl\u0259rimizin g\u0259l\u0259c\u0259kd\u0259 d\u0259 ard\u0131c\u0131l inki\u015faf\u0131na t\u00f6hf\u0259 verir. Biz \u0259laq\u0259l\u0259rimizin inki\u015faf\u0131ndan \u00e7ox raz\u0131y\u0131q. Art\u0131q iki ild\u0259n \u00e7oxdur ki, 2022-ci ilin fevral\u0131nda burada, Kremld\u0259 imzalad\u0131\u011f\u0131m\u0131z v\u0259 \u0259sas siyasi s\u0259n\u0259d olan, g\u0259l\u0259c\u0259kd\u0259 m\u00fcnasib\u0259tl\u0259rimizin ard\u0131c\u0131l inki\u015faf\u0131n\u0131 m\u00fc\u0259yy\u0259n ed\u0259n m\u00fctt\u0259fiqlik qar\u015f\u0131l\u0131ql\u0131 f\u0259aliyy\u0259ti haqq\u0131nda B\u0259yannam\u0259 \u00e7\u0259r\u00e7iv\u0259sind\u0259 i\u015fl\u0259yirik. Regional t\u0259hl\u00fck\u0259sizlik m\u0259s\u0259l\u0259l\u0259ri h\u0259mi\u015f\u0259 bizim g\u00f6r\u00fc\u015f\u00fcm\u00fcz\u00fcn g\u00fcnd\u0259liyind\u0259dir. Biz, h\u0259m\u00e7inin \u015fad\u0131q ki, onlar \u00f6z h\u0259llini tap\u0131r. Rusiya Qafqazda v\u0259 daha geni\u015f co\u011frafiyada regional t\u0259hl\u00fck\u0259sizlik \u00fczr\u0259 \u0259sas \u00f6lk\u0259dir. \u00d6lk\u0259l\u0259rimiz aras\u0131nda \u0259m\u0259kda\u015fl\u0131qdan, qar\u015f\u0131l\u0131ql\u0131 f\u0259aliyy\u0259td\u0259n \u00e7ox \u015fey as\u0131l\u0131d\u0131r. Biz qar\u015f\u0131l\u0131ql\u0131 f\u0259aliyy\u0259t v\u0259 qar\u015f\u0131l\u0131ql\u0131 maraqlar ruhunda etimad t\u0259dbirl\u0259rinin, \u0259m\u0259kda\u015fl\u0131\u011f\u0131n, qar\u015f\u0131l\u0131ql\u0131 anla\u015fman\u0131n m\u00f6hk\u0259ml\u0259ndirilm\u0259sin\u0259 v\u0259 b\u00fct\u00fcn m\u0259s\u0259l\u0259l\u0259rin nizamlanmas\u0131na \u00e7al\u0131\u015f\u0131r\u0131q. Sonda Prezident \u0130lham \u018fliyev c\u0259nablar\u0131 bug\u00fcnk\u00fc g\u00f6r\u00fc\u015f\u0259 g\u00f6r\u0259 \u00f6z d\u0259rin minn\u0259tdarl\u0131\u011f\u0131n\u0131 v\u0259 g\u00f6r\u00fc\u015f\u00fcn iki d\u00f6vl\u0259t aras\u0131ndak\u0131 m\u00fcnasib\u0259tl\u0259rin inki\u015faf\u0131na yeni t\u0259kan ver\u0259c\u0259yini \u0259minlikl\u0259 bildirib .<\/p>\n<p>\u0130ki \u00f6lk\u0259 aras\u0131nda diplomatik \u0259laq\u0259l\u0259r 1992-ci ilin aprel ay\u0131n\u0131n 4-d\u0259 qurulmu\u015fdur. Rusiyan\u0131n Bak\u0131dak\u0131 s\u0259firliyi is\u0259 r\u0259sm\u0259n 1992-ci ilin sentyabr\u0131n 25-d\u0259 f\u0259aliyy\u0259t\u0259 ba\u015flay\u0131b. \u0130kit\u0259r\u0259fli m\u00fcnasib\u0259tl\u0259rin m\u00fcqavil\u0259-h\u00fcquqi bazas\u0131n\u0131 t\u0259\u015fkil ed\u0259n \u0259sas s\u0259n\u0259d Rusiya Federasiyas\u0131 il\u0259 Az\u0259rbaycan Respublikas\u0131 aras\u0131nda 1997-ci ilin iyulun 3-d\u0259 imzalanm\u0131\u015f \u201cDostluq, \u0259m\u0259kda\u015fl\u0131q v\u0259 qar\u015f\u0131l\u0131ql\u0131 t\u0259hl\u00fck\u0259sizlik\u201d haqq\u0131nda m\u00fcqavil\u0259dir. Az\u0259rbaycan Respublikas\u0131na Rusiya Prezidenti V.V.Putinin 9-10 yanvar 2001-ci il tarixli r\u0259smi v\u0259 21-22 fevral 2006-c\u0131 il tarixli i\u015fg\u00fczar s\u0259f\u0259rl\u0259ri, habel\u0259 Rusiya Prezidenti D.A.Medvedevin 3-4 iyul 2008-ci il tarixli r\u0259smi v\u0259 29 iyun 2009-cu il tarixli i\u015fg\u00fczar s\u0259f\u0259rl\u0259ri ba\u015f verib.\u00a0 22 fevral 2022-ci ild\u0259 Az\u0259rbaycan Prezidenti \u0130lham \u018fliyev v\u0259 Rusiya Prezidenti Vladimir Putin Az\u0259rbaycan Respublikas\u0131 il\u0259 Rusiya Federasiyas\u0131 aras\u0131nda M\u00fctt\u0259fiqlik qar\u015f\u0131l\u0131ql\u0131 f\u0259aliyy\u0259t haqq\u0131nda B\u0259yannam\u0259 imzalay\u0131blar. Haz\u0131rda iki \u00f6lk\u0259 aras\u0131nda m\u00fcqavil\u0259-h\u00fcquqi bazaya 200-\u0259 yax\u0131n d\u00f6vl\u0259tl\u0259raras\u0131, h\u00f6kum\u0259tl\u0259raras\u0131 v\u0259 regionlararas\u0131 sazi\u015fl\u0259r daxildir. Rusiya Federasiyas\u0131 il\u0259 Az\u0259rbaycan Respublikas\u0131 aras\u0131nda ikit\u0259r\u0259fli m\u00fcnasib\u0259tl\u0259r\u0259 dair konkret m\u0259s\u0259l\u0259l\u0259rin d\u00f6vl\u0259t s\u0259viyy\u0259sind\u0259 h\u0259llini t\u0259nziml\u0259y\u0259n i\u015f\u00e7i mexanizm \u0130qtisadi \u018fm\u0259kda\u015fl\u0131q \u00fczr\u0259 H\u00f6kum\u0259tl\u0259raras\u0131 Komissiyad\u0131r. Komissiyan\u0131n h\u0259ms\u0259drl\u0259ri Az\u0259rbaycan Ba\u015f nazirinin m\u00fcavini \u015eahin Mustafayev v\u0259 RF Ba\u015f nazirinin m\u00fcavini Aleksey Over\u00e7ukdur. 26 aprel 2022-ci ild\u0259 Bak\u0131da Mustafayev v\u0259 Over\u00e7ukun i\u015ftirak\u0131 il\u0259 H\u00f6kum\u0259tl\u0259raras\u0131 komissiyan\u0131n sonuncu iclas\u0131 ke\u00e7irilib, iclas\u0131n gedi\u015fat\u0131nda t\u0259r\u0259fl\u0259r Az\u0259rbaycan-Rusiya dostluq m\u00fcnasib\u0259tl\u0259rinin m\u00fcxt\u0259lif sah\u0259l\u0259rd\u0259 u\u011furlu inki\u015faf\u0131ndan m\u0259mnun olduqlar\u0131n\u0131 bildiribl\u0259r.Rusiya il\u0259 Az\u0259rbaycan aras\u0131nda m\u0259d\u0259niyy\u0259t v\u0259 t\u0259hsil sah\u0259sind\u0259 \u0259laq\u0259l\u0259r artan x\u0259tt \u00fczr\u0259 inki\u015faf edir.<\/p>\n<p><strong>Ayt\u0259n C\u0259yiyeva,<\/strong><br \/>\n<em>Bak\u0131 \u015f\u0259h\u0259ri, X\u0259tai rayonu 27 sayl\u0131 tam orta m\u0259kt\u0259bin m\u00fc\u0259llimi,<\/em><br \/>\n<em>YAP X\u0259tai rayon t\u0259\u015fkilat\u0131n\u0131n \u00fczv\u00fc<\/em><\/p>\n","protected":false},"excerpt":{"rendered":"<p>Aprelin 22-d\u0259 Moskvada Az\u0259rbaycan Respublikas\u0131n\u0131n Prezidenti \u0130lham \u018fliyevin Rusiya Federasiyas\u0131n\u0131n Prezidenti Vladimir Putin il\u0259 t\u0259kb\u0259t\u0259k g\u00f6r\u00fc\u015f\u00fc olub. Bu g\u00f6r\u00fc\u015fd\u0259 Rusiya Federasiyas\u0131n\u0131n Prezidenti Vladimir Putin Prezident \u0130lham \u018fliyevl\u0259 ke\u00e7iril\u0259n bu g\u00f6r\u00fc\u015f\u00fcn iki d\u00f6vl\u0259t aras\u0131ndak\u0131 m\u00fcnasib\u0259tl\u0259rin inki\u015faf\u0131na yeni t\u0259kan ver\u0259c\u0259yin\u0259 \u0259minliyini bildirmi\u015fdir. Az\u0259rbaycan lideri Rusiya r\u0259hb\u0259rliyinin, h\u00f6kum\u0259tinin v\u0259 ictimaiyy\u0259tinin Heyd\u0259r \u018fliyevin \u0259ziz xatir\u0259sin\u0259 ehtiram\u0131n\u0131 y\u00fcks\u0259k qiym\u0259tl\u0259ndirdiyini deyib. G\u00f6r\u00fc\u015f zaman\u0131 c\u0259nab Prezident \u0130lham \u018fliyev qeyd edib ki, tarixin yaddaqalan bu m\u0259qamlar\u0131 \u00f6lk\u0259l\u0259rimizi, xalqlar\u0131m\u0131z\u0131 daha da yax\u0131nla\u015fd\u0131r\u0131r, m\u00fcnasib\u0259tl\u0259rimizin g\u0259l\u0259c\u0259kd\u0259 d\u0259 ard\u0131c\u0131l inki\u015faf\u0131na t\u00f6hf\u0259 verir. Biz \u0259laq\u0259l\u0259rimizin inki\u015faf\u0131ndan \u00e7ox raz\u0131y\u0131q. Art\u0131q iki ild\u0259n \u00e7oxdur ki,&hellip;<\/p>\n","protected":false},"author":2,"featured_media":715684,"comment_status":"closed","ping_status":"closed","sticky":false,"template":"","format":"standard","meta":{"om_disable_all_campaigns":false,"_monsterinsights_skip_tracking":false,"_monsterinsights_sitenote_active":false,"_monsterinsights_sitenote_note":"","_monsterinsights_sitenote_category":0},"categories":[19],"tags":[],"aioseo_notices":[],"gutentor_comment":0,"rttpg_featured_image_url":{"full":["https:\/\/arantv.az\/wp-content\/uploads\/2024\/04\/aae06275b112a372e920726365f4baae_41659_53.jpg",975,540,false],"landscape":["https:\/\/arantv.az\/wp-content\/uploads\/2024\/04\/aae06275b112a372e920726365f4baae_41659_53.jpg",975,540,false],"portraits":["https:\/\/arantv.az\/wp-content\/uploads\/2024\/04\/aae06275b112a372e920726365f4baae_41659_53.jpg",975,540,false],"thumbnail":["https:\/\/arantv.az\/wp-content\/uploads\/2024\/04\/aae06275b112a372e920726365f4baae_41659_53-500x280.jpg",500,280,true],"medium":["https:\/\/arantv.az\/wp-content\/uploads\/2024\/04\/aae06275b112a372e920726365f4baae_41659_53-660x365.jpg",660,365,true],"large":["https:\/\/arantv.az\/wp-content\/uploads\/2024\/04\/aae06275b112a372e920726365f4baae_41659_53-840x465.jpg",640,354,true],"1536x1536":["https:\/\/arantv.az\/wp-content\/uploads\/2024\/04\/aae06275b112a372e920726365f4baae_41659_53.jpg",975,540,false],"2048x2048":["https:\/\/arantv.az\/wp-content\/uploads\/2024\/04\/aae06275b112a372e920726365f4baae_41659_53.jpg",975,540,false],"post-thumbnail":["https:\/\/arantv.az\/wp-content\/uploads\/2024\/04\/aae06275b112a372e920726365f4baae_41659_53-240x172.jpg",240,172,true],"advps-thumb-one":["https:\/\/arantv.az\/wp-content\/uploads\/2024\/04\/aae06275b112a372e920726365f4baae_41659_53.jpg",975,540,false]},"rttpg_author":{"display_name":"V\u00fcsal Rafiqo\u011flu","author_link":"https:\/\/arantv.az\/?author=2"},"rttpg_comment":0,"rttpg_category":"<a href=\"https:\/\/arantv.az\/?cat=19\" rel=\"category\">G\u00fcnd\u0259m<\/a>","rttpg_excerpt":"Aprelin 22-d\u0259 Moskvada Az\u0259rbaycan Respublikas\u0131n\u0131n Prezidenti \u0130lham \u018fliyevin Rusiya Federasiyas\u0131n\u0131n Prezidenti Vladimir Putin il\u0259 t\u0259kb\u0259t\u0259k g\u00f6r\u00fc\u015f\u00fc olub. Bu g\u00f6r\u00fc\u015fd\u0259 Rusiya Federasiyas\u0131n\u0131n Prezidenti Vladimir Putin Prezident \u0130lham \u018fliyevl\u0259 ke\u00e7iril\u0259n bu g\u00f6r\u00fc\u015f\u00fcn iki d\u00f6vl\u0259t aras\u0131ndak\u0131 m\u00fcnasib\u0259tl\u0259rin inki\u015faf\u0131na yeni t\u0259kan ver\u0259c\u0259yin\u0259 \u0259minliyini bildirmi\u015fdir. Az\u0259rbaycan lideri Rusiya r\u0259hb\u0259rliyinin, h\u00f6kum\u0259tinin v\u0259 ictimaiyy\u0259tinin Heyd\u0259r \u018fliyevin \u0259ziz xatir\u0259sin\u0259 ehtiram\u0131n\u0131 y\u00fcks\u0259k qiym\u0259tl\u0259ndirdiyini deyib.&hellip;","_links":{"self":[{"href":"https:\/\/arantv.az\/index.php?rest_route=\/wp\/v2\/posts\/715679"}],"collection":[{"href":"https:\/\/arantv.az\/index.php?rest_route=\/wp\/v2\/posts"}],"about":[{"href":"https:\/\/arantv.az\/index.php?rest_route=\/wp\/v2\/types\/post"}],"author":[{"embeddable":true,"href":"https:\/\/arantv.az\/index.php?rest_route=\/wp\/v2\/users\/2"}],"replies":[{"embeddable":true,"href":"https:\/\/arantv.az\/index.php?rest_route=%2Fwp%2Fv2%2Fcomments&post=715679"}],"version-history":[{"count":0,"href":"https:\/\/arantv.az\/index.php?rest_route=\/wp\/v2\/posts\/715679\/revisions"}],"wp:featuredmedia":[{"embeddable":true,"href":"https:\/\/arantv.az\/index.php?rest_route=\/wp\/v2\/media\/715684"}],"wp:attachment":[{"href":"https:\/\/arantv.az\/index.php?rest_route=%2Fwp%2Fv2%2Fmedia&parent=715679"}],"wp:term":[{"taxonomy":"category","embeddable":true,"href":"https:\/\/arantv.az\/index.php?rest_route=%2Fwp%2Fv2%2Fcategories&post=715679"},{"taxonomy":"post_tag","embeddable":true,"href":"https:\/\/arantv.az\/index.php?rest_route=%2Fwp%2Fv2%2Ftags&post=715679"}],"curies":[{"name":"wp","href":"https:\/\/api.w.org\/{rel}","templated":true}]}}