{"id":715749,"date":"2024-04-26T13:02:36","date_gmt":"2024-04-26T09:02:36","guid":{"rendered":"https:\/\/arantv.az\/?p=715749"},"modified":"2024-04-26T13:02:36","modified_gmt":"2024-04-26T09:02:36","slug":"prezident-enerji-t%c9%99hluk%c9%99sizliyi-m%c9%99s%c9%99l%c9%99si-%c9%99h%c9%99miyy%c9%99tin%c9%99-gor%c9%99-milli-t%c9%99hluk%c9%99sizliy%c9%99-b%c9%99rab%c9%99r-olmalidir","status":"publish","type":"post","link":"https:\/\/arantv.az\/?p=715749","title":{"rendered":"Prezident: \u201cEnerji t\u0259hl\u00fck\u0259sizliyi m\u0259s\u0259l\u0259si \u0259h\u0259miyy\u0259tin\u0259 g\u00f6r\u0259 milli t\u0259hl\u00fck\u0259sizliy\u0259 b\u0259rab\u0259r olmal\u0131d\u0131r\u201d"},"content":{"rendered":"<p>\u201cEnerji t\u0259hl\u00fck\u0259sizliyi m\u0259s\u0259l\u0259si \u0259h\u0259miyy\u0259tin\u0259 g\u00f6r\u0259 milli t\u0259hl\u00fck\u0259sizliy\u0259 b\u0259rab\u0259r olmal\u0131d\u0131r. Burada h\u0259r hans\u0131 ayr\u0131-se\u00e7kiliy\u0259 yol verilm\u0259m\u0259lidir\u201d.<\/p>\n<p><a href=\"https:\/\/azertag.az\/xeber\/prezident_enerji_tehlukesizliyi_meselesi_ehemiyyetine_gore_milli_tehlukesizliye_beraber_olmalidir-2976642\" target=\"_blank\" rel=\"noopener\">AZ\u018fRTAC<\/a>\u00a0x\u0259b\u0259r verir ki, bu fikirl\u0259ri Prezident\u00a0<strong>\u0130lham \u018fliyev<\/strong>\u00a0aprelin 26-da Berlind\u0259 ke\u00e7iril\u0259n \u201c15-ci Petersberq \u0130qlim Dialoqu\u201dnun Y\u00fcks\u0259ks\u0259viyy\u0259li Seqmentind\u0259 \u00e7\u0131x\u0131\u015f\u0131nda s\u0259sl\u0259ndirib.<\/p>\n<p>\u201cZ\u0259ngin enerji resurslar\u0131na malik olma\u011f\u0131m\u0131za baxmayaraq, biz bu m\u0259s\u0259l\u0259ni m\u00fcdafi\u0259 ed\u0259c\u0259yik\u201d, &#8211; dey\u0259n d\u00f6vl\u0259timizin ba\u015f\u00e7\u0131s\u0131 vur\u011fulay\u0131b ki, \u0259n\u0259n\u0259vi enerjiy\u0259 sahib olan \u00f6lk\u0259l\u0259r x\u00fcsusil\u0259 d\u0259 iqlim d\u0259yi\u015fikliyi m\u0259s\u0259l\u0259sind\u0259 h\u0259mr\u0259ylik n\u00fcmayi\u015f etdirm\u0259lidirl\u0259r.<\/p>\n","protected":false},"excerpt":{"rendered":"<p>\u201cEnerji t\u0259hl\u00fck\u0259sizliyi m\u0259s\u0259l\u0259si \u0259h\u0259miyy\u0259tin\u0259 g\u00f6r\u0259 milli t\u0259hl\u00fck\u0259sizliy\u0259 b\u0259rab\u0259r olmal\u0131d\u0131r. Burada h\u0259r hans\u0131 ayr\u0131-se\u00e7kiliy\u0259 yol verilm\u0259m\u0259lidir\u201d. AZ\u018fRTAC\u00a0x\u0259b\u0259r verir ki, bu fikirl\u0259ri Prezident\u00a0\u0130lham \u018fliyev\u00a0aprelin 26-da Berlind\u0259 ke\u00e7iril\u0259n \u201c15-ci Petersberq \u0130qlim Dialoqu\u201dnun Y\u00fcks\u0259ks\u0259viyy\u0259li Seqmentind\u0259 \u00e7\u0131x\u0131\u015f\u0131nda s\u0259sl\u0259ndirib. \u201cZ\u0259ngin enerji resurslar\u0131na malik olma\u011f\u0131m\u0131za baxmayaraq, biz bu m\u0259s\u0259l\u0259ni m\u00fcdafi\u0259 ed\u0259c\u0259yik\u201d, &#8211; dey\u0259n d\u00f6vl\u0259timizin ba\u015f\u00e7\u0131s\u0131 vur\u011fulay\u0131b ki, \u0259n\u0259n\u0259vi enerjiy\u0259 sahib olan \u00f6lk\u0259l\u0259r x\u00fcsusil\u0259 d\u0259 iqlim d\u0259yi\u015fikliyi m\u0259s\u0259l\u0259sind\u0259 h\u0259mr\u0259ylik n\u00fcmayi\u015f etdirm\u0259lidirl\u0259r.<\/p>\n","protected":false},"author":2,"featured_media":715750,"comment_status":"closed","ping_status":"closed","sticky":false,"template":"","format":"standard","meta":{"om_disable_all_campaigns":false,"_monsterinsights_skip_tracking":false,"_monsterinsights_sitenote_active":false,"_monsterinsights_sitenote_note":"","_monsterinsights_sitenote_category":0},"categories":[4],"tags":[],"aioseo_notices":[],"gutentor_comment":0,"rttpg_featured_image_url":{"full":["https:\/\/arantv.az\/wp-content\/uploads\/2024\/04\/12-1.jpg",620,413,false],"landscape":["https:\/\/arantv.az\/wp-content\/uploads\/2024\/04\/12-1.jpg",620,413,false],"portraits":["https:\/\/arantv.az\/wp-content\/uploads\/2024\/04\/12-1.jpg",620,413,false],"thumbnail":["https:\/\/arantv.az\/wp-content\/uploads\/2024\/04\/12-1-500x280.jpg",500,280,true],"medium":["https:\/\/arantv.az\/wp-content\/uploads\/2024\/04\/12-1-548x365.jpg",548,365,true],"large":["https:\/\/arantv.az\/wp-content\/uploads\/2024\/04\/12-1.jpg",620,413,false],"1536x1536":["https:\/\/arantv.az\/wp-content\/uploads\/2024\/04\/12-1.jpg",620,413,false],"2048x2048":["https:\/\/arantv.az\/wp-content\/uploads\/2024\/04\/12-1.jpg",620,413,false],"post-thumbnail":["https:\/\/arantv.az\/wp-content\/uploads\/2024\/04\/12-1-240x172.jpg",240,172,true],"advps-thumb-one":["https:\/\/arantv.az\/wp-content\/uploads\/2024\/04\/12-1.jpg",620,413,false]},"rttpg_author":{"display_name":"V\u00fcsal Rafiqo\u011flu","author_link":"https:\/\/arantv.az\/?author=2"},"rttpg_comment":0,"rttpg_category":"<a href=\"https:\/\/arantv.az\/?cat=4\" rel=\"category\">Siyas\u0259t<\/a>","rttpg_excerpt":"\u201cEnerji t\u0259hl\u00fck\u0259sizliyi m\u0259s\u0259l\u0259si \u0259h\u0259miyy\u0259tin\u0259 g\u00f6r\u0259 milli t\u0259hl\u00fck\u0259sizliy\u0259 b\u0259rab\u0259r olmal\u0131d\u0131r. Burada h\u0259r hans\u0131 ayr\u0131-se\u00e7kiliy\u0259 yol verilm\u0259m\u0259lidir\u201d. AZ\u018fRTAC\u00a0x\u0259b\u0259r verir ki, bu fikirl\u0259ri Prezident\u00a0\u0130lham \u018fliyev\u00a0aprelin 26-da Berlind\u0259 ke\u00e7iril\u0259n \u201c15-ci Petersberq \u0130qlim Dialoqu\u201dnun Y\u00fcks\u0259ks\u0259viyy\u0259li Seqmentind\u0259 \u00e7\u0131x\u0131\u015f\u0131nda s\u0259sl\u0259ndirib. \u201cZ\u0259ngin enerji resurslar\u0131na malik olma\u011f\u0131m\u0131za baxmayaraq, biz bu m\u0259s\u0259l\u0259ni m\u00fcdafi\u0259 ed\u0259c\u0259yik\u201d, &#8211; dey\u0259n d\u00f6vl\u0259timizin ba\u015f\u00e7\u0131s\u0131 vur\u011fulay\u0131b ki, \u0259n\u0259n\u0259vi enerjiy\u0259 sahib olan \u00f6lk\u0259l\u0259r&hellip;","_links":{"self":[{"href":"https:\/\/arantv.az\/index.php?rest_route=\/wp\/v2\/posts\/715749"}],"collection":[{"href":"https:\/\/arantv.az\/index.php?rest_route=\/wp\/v2\/posts"}],"about":[{"href":"https:\/\/arantv.az\/index.php?rest_route=\/wp\/v2\/types\/post"}],"author":[{"embeddable":true,"href":"https:\/\/arantv.az\/index.php?rest_route=\/wp\/v2\/users\/2"}],"replies":[{"embeddable":true,"href":"https:\/\/arantv.az\/index.php?rest_route=%2Fwp%2Fv2%2Fcomments&post=715749"}],"version-history":[{"count":0,"href":"https:\/\/arantv.az\/index.php?rest_route=\/wp\/v2\/posts\/715749\/revisions"}],"wp:featuredmedia":[{"embeddable":true,"href":"https:\/\/arantv.az\/index.php?rest_route=\/wp\/v2\/media\/715750"}],"wp:attachment":[{"href":"https:\/\/arantv.az\/index.php?rest_route=%2Fwp%2Fv2%2Fmedia&parent=715749"}],"wp:term":[{"taxonomy":"category","embeddable":true,"href":"https:\/\/arantv.az\/index.php?rest_route=%2Fwp%2Fv2%2Fcategories&post=715749"},{"taxonomy":"post_tag","embeddable":true,"href":"https:\/\/arantv.az\/index.php?rest_route=%2Fwp%2Fv2%2Ftags&post=715749"}],"curies":[{"name":"wp","href":"https:\/\/api.w.org\/{rel}","templated":true}]}}