{"id":715753,"date":"2024-04-26T13:03:14","date_gmt":"2024-04-26T09:03:14","guid":{"rendered":"https:\/\/arantv.az\/?p=715753"},"modified":"2024-04-26T13:03:14","modified_gmt":"2024-04-26T09:03:14","slug":"prezident-bizim-yasil-enerji-layih%c9%99l%c9%99rimiz-xarici-investorlar-t%c9%99r%c9%99find%c9%99n-maliyy%c9%99l%c9%99sdirilir","status":"publish","type":"post","link":"https:\/\/arantv.az\/?p=715753","title":{"rendered":"Prezident: \u201cBizim ya\u015f\u0131l enerji layih\u0259l\u0259rimiz xarici investorlar t\u0259r\u0259find\u0259n maliyy\u0259l\u0259\u015fdirilir\u201d"},"content":{"rendered":"<p>\u201cBizim ya\u015f\u0131l enerji layih\u0259l\u0259rimiz xarici investorlar t\u0259r\u0259find\u0259n maliyy\u0259l\u0259\u015fdirilir. Biz, sad\u0259c\u0259, bu s\u0259rmay\u0259l\u0259r \u00fc\u00e7\u00fcn m\u00fcvafiq m\u00fcnbit iqlim yarad\u0131r\u0131q\u201d.<\/p>\n<p><a href=\"https:\/\/azertag.az\/xeber\/prezident_bizim_yasil_enerji_layihelerimiz_xarici_investorlar_terefinden_maliyyelesdirilir-2976640\" target=\"_blank\" rel=\"noopener\">AZ\u018fRTAC<\/a>\u00a0x\u0259b\u0259r verir ki, bu bar\u0259d\u0259 Prezident\u00a0<strong>\u0130lham \u018fliyev<\/strong>\u00a0aprelin 26-da Berlind\u0259 ke\u00e7iril\u0259n \u201c15-ci Petersberq \u0130qlim Dialoqu\u201dnun Y\u00fcks\u0259ks\u0259viyy\u0259li Seqmentind\u0259 \u00e7\u0131x\u0131\u015f\u0131nda deyib.<\/p>\n<p>\u00d6lk\u0259mizin d\u0259nizd\u0259 t\u0259sdiq edilmi\u015f k\u00fcl\u0259k enerjisi potensial\u0131n\u0131n 157 giqavat h\u0259cmind\u0259 oldu\u011funu s\u00f6yl\u0259y\u0259n d\u00f6vl\u0259timizin ba\u015f\u00e7\u0131s\u0131 bildirib ki, bu, bizim potensial\u0131m\u0131z\u0131n g\u00f6st\u0259ricisidir.<\/p>\n","protected":false},"excerpt":{"rendered":"<p>\u201cBizim ya\u015f\u0131l enerji layih\u0259l\u0259rimiz xarici investorlar t\u0259r\u0259find\u0259n maliyy\u0259l\u0259\u015fdirilir. Biz, sad\u0259c\u0259, bu s\u0259rmay\u0259l\u0259r \u00fc\u00e7\u00fcn m\u00fcvafiq m\u00fcnbit iqlim yarad\u0131r\u0131q\u201d. AZ\u018fRTAC\u00a0x\u0259b\u0259r verir ki, bu bar\u0259d\u0259 Prezident\u00a0\u0130lham \u018fliyev\u00a0aprelin 26-da Berlind\u0259 ke\u00e7iril\u0259n \u201c15-ci Petersberq \u0130qlim Dialoqu\u201dnun Y\u00fcks\u0259ks\u0259viyy\u0259li Seqmentind\u0259 \u00e7\u0131x\u0131\u015f\u0131nda deyib. \u00d6lk\u0259mizin d\u0259nizd\u0259 t\u0259sdiq edilmi\u015f k\u00fcl\u0259k enerjisi potensial\u0131n\u0131n 157 giqavat h\u0259cmind\u0259 oldu\u011funu s\u00f6yl\u0259y\u0259n d\u00f6vl\u0259timizin ba\u015f\u00e7\u0131s\u0131 bildirib ki, bu, bizim potensial\u0131m\u0131z\u0131n g\u00f6st\u0259ricisidir.<\/p>\n","protected":false},"author":2,"featured_media":715754,"comment_status":"closed","ping_status":"closed","sticky":false,"template":"","format":"standard","meta":{"om_disable_all_campaigns":false,"_monsterinsights_skip_tracking":false,"_monsterinsights_sitenote_active":false,"_monsterinsights_sitenote_note":"","_monsterinsights_sitenote_category":0},"categories":[4],"tags":[],"aioseo_notices":[],"gutentor_comment":0,"rttpg_featured_image_url":{"full":["https:\/\/arantv.az\/wp-content\/uploads\/2024\/04\/8-2.jpg",620,413,false],"landscape":["https:\/\/arantv.az\/wp-content\/uploads\/2024\/04\/8-2.jpg",620,413,false],"portraits":["https:\/\/arantv.az\/wp-content\/uploads\/2024\/04\/8-2.jpg",620,413,false],"thumbnail":["https:\/\/arantv.az\/wp-content\/uploads\/2024\/04\/8-2-500x280.jpg",500,280,true],"medium":["https:\/\/arantv.az\/wp-content\/uploads\/2024\/04\/8-2-548x365.jpg",548,365,true],"large":["https:\/\/arantv.az\/wp-content\/uploads\/2024\/04\/8-2.jpg",620,413,false],"1536x1536":["https:\/\/arantv.az\/wp-content\/uploads\/2024\/04\/8-2.jpg",620,413,false],"2048x2048":["https:\/\/arantv.az\/wp-content\/uploads\/2024\/04\/8-2.jpg",620,413,false],"post-thumbnail":["https:\/\/arantv.az\/wp-content\/uploads\/2024\/04\/8-2-240x172.jpg",240,172,true],"advps-thumb-one":["https:\/\/arantv.az\/wp-content\/uploads\/2024\/04\/8-2.jpg",620,413,false]},"rttpg_author":{"display_name":"V\u00fcsal Rafiqo\u011flu","author_link":"https:\/\/arantv.az\/?author=2"},"rttpg_comment":0,"rttpg_category":"<a href=\"https:\/\/arantv.az\/?cat=4\" rel=\"category\">Siyas\u0259t<\/a>","rttpg_excerpt":"\u201cBizim ya\u015f\u0131l enerji layih\u0259l\u0259rimiz xarici investorlar t\u0259r\u0259find\u0259n maliyy\u0259l\u0259\u015fdirilir. Biz, sad\u0259c\u0259, bu s\u0259rmay\u0259l\u0259r \u00fc\u00e7\u00fcn m\u00fcvafiq m\u00fcnbit iqlim yarad\u0131r\u0131q\u201d. AZ\u018fRTAC\u00a0x\u0259b\u0259r verir ki, bu bar\u0259d\u0259 Prezident\u00a0\u0130lham \u018fliyev\u00a0aprelin 26-da Berlind\u0259 ke\u00e7iril\u0259n \u201c15-ci Petersberq \u0130qlim Dialoqu\u201dnun Y\u00fcks\u0259ks\u0259viyy\u0259li Seqmentind\u0259 \u00e7\u0131x\u0131\u015f\u0131nda deyib. \u00d6lk\u0259mizin d\u0259nizd\u0259 t\u0259sdiq edilmi\u015f k\u00fcl\u0259k enerjisi potensial\u0131n\u0131n 157 giqavat h\u0259cmind\u0259 oldu\u011funu s\u00f6yl\u0259y\u0259n d\u00f6vl\u0259timizin ba\u015f\u00e7\u0131s\u0131 bildirib ki, bu, bizim potensial\u0131m\u0131z\u0131n g\u00f6st\u0259ricisidir.","_links":{"self":[{"href":"https:\/\/arantv.az\/index.php?rest_route=\/wp\/v2\/posts\/715753"}],"collection":[{"href":"https:\/\/arantv.az\/index.php?rest_route=\/wp\/v2\/posts"}],"about":[{"href":"https:\/\/arantv.az\/index.php?rest_route=\/wp\/v2\/types\/post"}],"author":[{"embeddable":true,"href":"https:\/\/arantv.az\/index.php?rest_route=\/wp\/v2\/users\/2"}],"replies":[{"embeddable":true,"href":"https:\/\/arantv.az\/index.php?rest_route=%2Fwp%2Fv2%2Fcomments&post=715753"}],"version-history":[{"count":0,"href":"https:\/\/arantv.az\/index.php?rest_route=\/wp\/v2\/posts\/715753\/revisions"}],"wp:featuredmedia":[{"embeddable":true,"href":"https:\/\/arantv.az\/index.php?rest_route=\/wp\/v2\/media\/715754"}],"wp:attachment":[{"href":"https:\/\/arantv.az\/index.php?rest_route=%2Fwp%2Fv2%2Fmedia&parent=715753"}],"wp:term":[{"taxonomy":"category","embeddable":true,"href":"https:\/\/arantv.az\/index.php?rest_route=%2Fwp%2Fv2%2Fcategories&post=715753"},{"taxonomy":"post_tag","embeddable":true,"href":"https:\/\/arantv.az\/index.php?rest_route=%2Fwp%2Fv2%2Ftags&post=715753"}],"curies":[{"name":"wp","href":"https:\/\/api.w.org\/{rel}","templated":true}]}}