{"id":715759,"date":"2024-04-26T13:04:43","date_gmt":"2024-04-26T09:04:43","guid":{"rendered":"https:\/\/arantv.az\/?p=715759"},"modified":"2024-04-26T13:04:43","modified_gmt":"2024-04-26T09:04:43","slug":"az%c9%99rbaycan-prezidenti-bizim-yasil-gund%c9%99liyimiz-cop-dan-%c9%99vv%c9%99l-d%c9%99-inkisaf-edirdi","status":"publish","type":"post","link":"https:\/\/arantv.az\/?p=715759","title":{"rendered":"Az\u0259rbaycan Prezidenti: \u201cBizim ya\u015f\u0131l g\u00fcnd\u0259liyimiz COP-dan \u0259vv\u0259l d\u0259 inki\u015faf edirdi\u201d"},"content":{"rendered":"<p>\u201cBizim ya\u015f\u0131l g\u00fcnd\u0259liyimiz COP-dan \u0259vv\u0259l d\u0259 inki\u015faf edirdi\u201d.<\/p>\n<p><a href=\"https:\/\/azertag.az\/xeber\/azerbaycan_prezidenti_bizim_yasil_gundeliyimiz_cop_dan_evvel_de_inkisaf_edirdi-2976635\" target=\"_blank\" rel=\"noopener\">AZ\u018fRTAC<\/a>\u00a0x\u0259b\u0259r verir ki, bu s\u00f6zl\u0259ri Az\u0259rbaycan Respublikas\u0131n\u0131n Prezidenti\u00a0<strong>\u0130lham \u018fliyev<\/strong>\u00a0aprelin 26-da Berlind\u0259 \u201c15-ci Petersberq \u0130qlim Dialoqu\u201dnun Y\u00fcks\u0259ks\u0259viyy\u0259li Seqmentind\u0259 \u00e7\u0131x\u0131\u015f\u0131nda deyib.<\/p>\n<p>\u201cBiz xarici t\u0259r\u0259fda\u015flar\u0131m\u0131zla n\u0259h\u0259ng ya\u015f\u0131l ke\u00e7id layih\u0259l\u0259rin\u0259 ba\u015flam\u0131\u015f\u0131q\u201d, &#8211; dey\u0259n d\u00f6vl\u0259timizin ba\u015f\u00e7\u0131s\u0131 bu ilin Az\u0259rbaycanda \u201cYa\u015f\u0131l d\u00fcnya namin\u0259 h\u0259mr\u0259ylik ili\u201d elan edildiyini vur\u011fulay\u0131b. Bildirib ki, t\u0259kc\u0259 bu il 1300 meqavat h\u0259cmind\u0259 k\u00fcl\u0259k v\u0259 g\u00fcn\u0259\u015f enerjisi layih\u0259l\u0259ri h\u0259yata ke\u00e7iril\u0259c\u0259k.<\/p>\n","protected":false},"excerpt":{"rendered":"<p>\u201cBizim ya\u015f\u0131l g\u00fcnd\u0259liyimiz COP-dan \u0259vv\u0259l d\u0259 inki\u015faf edirdi\u201d. AZ\u018fRTAC\u00a0x\u0259b\u0259r verir ki, bu s\u00f6zl\u0259ri Az\u0259rbaycan Respublikas\u0131n\u0131n Prezidenti\u00a0\u0130lham \u018fliyev\u00a0aprelin 26-da Berlind\u0259 \u201c15-ci Petersberq \u0130qlim Dialoqu\u201dnun Y\u00fcks\u0259ks\u0259viyy\u0259li Seqmentind\u0259 \u00e7\u0131x\u0131\u015f\u0131nda deyib. \u201cBiz xarici t\u0259r\u0259fda\u015flar\u0131m\u0131zla n\u0259h\u0259ng ya\u015f\u0131l ke\u00e7id layih\u0259l\u0259rin\u0259 ba\u015flam\u0131\u015f\u0131q\u201d, &#8211; dey\u0259n d\u00f6vl\u0259timizin ba\u015f\u00e7\u0131s\u0131 bu ilin Az\u0259rbaycanda \u201cYa\u015f\u0131l d\u00fcnya namin\u0259 h\u0259mr\u0259ylik ili\u201d elan edildiyini vur\u011fulay\u0131b. Bildirib ki, t\u0259kc\u0259 bu il 1300 meqavat h\u0259cmind\u0259 k\u00fcl\u0259k v\u0259 g\u00fcn\u0259\u015f enerjisi layih\u0259l\u0259ri h\u0259yata ke\u00e7iril\u0259c\u0259k.<\/p>\n","protected":false},"author":2,"featured_media":715760,"comment_status":"closed","ping_status":"closed","sticky":false,"template":"","format":"standard","meta":{"om_disable_all_campaigns":false,"_monsterinsights_skip_tracking":false,"_monsterinsights_sitenote_active":false,"_monsterinsights_sitenote_note":"","_monsterinsights_sitenote_category":0},"categories":[4],"tags":[],"aioseo_notices":[],"gutentor_comment":0,"rttpg_featured_image_url":{"full":["https:\/\/arantv.az\/wp-content\/uploads\/2024\/04\/6-2.jpg",620,413,false],"landscape":["https:\/\/arantv.az\/wp-content\/uploads\/2024\/04\/6-2.jpg",620,413,false],"portraits":["https:\/\/arantv.az\/wp-content\/uploads\/2024\/04\/6-2.jpg",620,413,false],"thumbnail":["https:\/\/arantv.az\/wp-content\/uploads\/2024\/04\/6-2-500x280.jpg",500,280,true],"medium":["https:\/\/arantv.az\/wp-content\/uploads\/2024\/04\/6-2-548x365.jpg",548,365,true],"large":["https:\/\/arantv.az\/wp-content\/uploads\/2024\/04\/6-2.jpg",620,413,false],"1536x1536":["https:\/\/arantv.az\/wp-content\/uploads\/2024\/04\/6-2.jpg",620,413,false],"2048x2048":["https:\/\/arantv.az\/wp-content\/uploads\/2024\/04\/6-2.jpg",620,413,false],"post-thumbnail":["https:\/\/arantv.az\/wp-content\/uploads\/2024\/04\/6-2-240x172.jpg",240,172,true],"advps-thumb-one":["https:\/\/arantv.az\/wp-content\/uploads\/2024\/04\/6-2.jpg",620,413,false]},"rttpg_author":{"display_name":"V\u00fcsal Rafiqo\u011flu","author_link":"https:\/\/arantv.az\/?author=2"},"rttpg_comment":0,"rttpg_category":"<a href=\"https:\/\/arantv.az\/?cat=4\" rel=\"category\">Siyas\u0259t<\/a>","rttpg_excerpt":"\u201cBizim ya\u015f\u0131l g\u00fcnd\u0259liyimiz COP-dan \u0259vv\u0259l d\u0259 inki\u015faf edirdi\u201d. AZ\u018fRTAC\u00a0x\u0259b\u0259r verir ki, bu s\u00f6zl\u0259ri Az\u0259rbaycan Respublikas\u0131n\u0131n Prezidenti\u00a0\u0130lham \u018fliyev\u00a0aprelin 26-da Berlind\u0259 \u201c15-ci Petersberq \u0130qlim Dialoqu\u201dnun Y\u00fcks\u0259ks\u0259viyy\u0259li Seqmentind\u0259 \u00e7\u0131x\u0131\u015f\u0131nda deyib. \u201cBiz xarici t\u0259r\u0259fda\u015flar\u0131m\u0131zla n\u0259h\u0259ng ya\u015f\u0131l ke\u00e7id layih\u0259l\u0259rin\u0259 ba\u015flam\u0131\u015f\u0131q\u201d, &#8211; dey\u0259n d\u00f6vl\u0259timizin ba\u015f\u00e7\u0131s\u0131 bu ilin Az\u0259rbaycanda \u201cYa\u015f\u0131l d\u00fcnya namin\u0259 h\u0259mr\u0259ylik ili\u201d elan edildiyini vur\u011fulay\u0131b. Bildirib ki, t\u0259kc\u0259 bu il&hellip;","_links":{"self":[{"href":"https:\/\/arantv.az\/index.php?rest_route=\/wp\/v2\/posts\/715759"}],"collection":[{"href":"https:\/\/arantv.az\/index.php?rest_route=\/wp\/v2\/posts"}],"about":[{"href":"https:\/\/arantv.az\/index.php?rest_route=\/wp\/v2\/types\/post"}],"author":[{"embeddable":true,"href":"https:\/\/arantv.az\/index.php?rest_route=\/wp\/v2\/users\/2"}],"replies":[{"embeddable":true,"href":"https:\/\/arantv.az\/index.php?rest_route=%2Fwp%2Fv2%2Fcomments&post=715759"}],"version-history":[{"count":0,"href":"https:\/\/arantv.az\/index.php?rest_route=\/wp\/v2\/posts\/715759\/revisions"}],"wp:featuredmedia":[{"embeddable":true,"href":"https:\/\/arantv.az\/index.php?rest_route=\/wp\/v2\/media\/715760"}],"wp:attachment":[{"href":"https:\/\/arantv.az\/index.php?rest_route=%2Fwp%2Fv2%2Fmedia&parent=715759"}],"wp:term":[{"taxonomy":"category","embeddable":true,"href":"https:\/\/arantv.az\/index.php?rest_route=%2Fwp%2Fv2%2Fcategories&post=715759"},{"taxonomy":"post_tag","embeddable":true,"href":"https:\/\/arantv.az\/index.php?rest_route=%2Fwp%2Fv2%2Ftags&post=715759"}],"curies":[{"name":"wp","href":"https:\/\/api.w.org\/{rel}","templated":true}]}}