{"id":715765,"date":"2024-04-26T13:06:30","date_gmt":"2024-04-26T09:06:30","guid":{"rendered":"https:\/\/arantv.az\/?p=715765"},"modified":"2024-04-26T13:06:30","modified_gmt":"2024-04-26T09:06:30","slug":"prezident-enerji-qaz-v%c9%99-neftl%c9%99-z%c9%99ngin-olk%c9%99l%c9%99r-iqlim-d%c9%99yisikliyi-il%c9%99-mubariz%c9%99d%c9%99-ond%c9%99-getm%c9%99lidirl%c9%99r","status":"publish","type":"post","link":"https:\/\/arantv.az\/?p=715765","title":{"rendered":"Prezident: \u201cEnerji, qaz v\u0259 neftl\u0259 z\u0259ngin \u00f6lk\u0259l\u0259r iqlim d\u0259yi\u015fikliyi il\u0259 m\u00fcbariz\u0259d\u0259 \u00f6nd\u0259 getm\u0259lidirl\u0259r\u201d"},"content":{"rendered":"<p>\u201cFaydal\u0131 qaz\u0131nt\u0131 il\u0259 z\u0259ngin \u00f6lk\u0259 olaraq Az\u0259rbaycan OPEC+ platformas\u0131n\u0131n \u00fczv\u00fcd\u00fcr v\u0259 bu da \u0259lav\u0259 \u00fcst\u00fcnl\u00fck verir\u201d.<\/p>\n<p><a href=\"https:\/\/azertag.az\/xeber\/azerbaycan_prezidenti_enerji_qaz_ve_neftle_zengin_olkeler_iqlim_deyisikliyi_ile_mubarizede_onde_getmelidirler-2976627\" target=\"_blank\" rel=\"noopener\">AZ\u018fRTAC<\/a>\u00a0x\u0259b\u0259r verir ki, bu fikri Az\u0259rbaycan Respublikas\u0131n\u0131n Prezidenti\u00a0<strong>\u0130lham \u018fliyev<\/strong>\u00a0aprelin 26-da Berlind\u0259 \u201c15-ci Petersberq \u0130qlim Dialoqu\u201dnun Y\u00fcks\u0259ks\u0259viyy\u0259li Seqmentind\u0259 \u00e7\u0131x\u0131\u015f\u0131nda deyib.<\/p>\n<p>\u201c\u00c7\u00fcnki enerji, qaz v\u0259 neftl\u0259 z\u0259ngin olan \u00f6lk\u0259l\u0259r bu i\u015fd\u0259 &#8211; iqlim d\u0259yi\u015fikliyi il\u0259 m\u00fcbariz\u0259 sah\u0259sind\u0259 \u00f6nd\u0259 getm\u0259lidirl\u0259r. Bel\u0259likl\u0259, bu m\u00fcxt\u0259lif platformalar bizd\u0259 yax\u015f\u0131 h\u0259mr\u0259ylik ruhu yaradacaq v\u0259 biz\u0259 imkan ver\u0259c\u0259k ki, h\u0259d\u0259fl\u0259rimiz\u0259 nail olaq. Bizim \u00f6lk\u0259 COP-a ev sahibi se\u00e7il\u0259n kimi bir s\u0131ra media qurumlar\u0131 bizim enerji portfelimizi t\u0259hlil etm\u0259y\u0259 ba\u015flad\u0131lar\u201d, &#8211; dey\u0259 Az\u0259rbaycan Prezidenti vur\u011fulay\u0131b.<\/p>\n","protected":false},"excerpt":{"rendered":"<p>\u201cFaydal\u0131 qaz\u0131nt\u0131 il\u0259 z\u0259ngin \u00f6lk\u0259 olaraq Az\u0259rbaycan OPEC+ platformas\u0131n\u0131n \u00fczv\u00fcd\u00fcr v\u0259 bu da \u0259lav\u0259 \u00fcst\u00fcnl\u00fck verir\u201d. AZ\u018fRTAC\u00a0x\u0259b\u0259r verir ki, bu fikri Az\u0259rbaycan Respublikas\u0131n\u0131n Prezidenti\u00a0\u0130lham \u018fliyev\u00a0aprelin 26-da Berlind\u0259 \u201c15-ci Petersberq \u0130qlim Dialoqu\u201dnun Y\u00fcks\u0259ks\u0259viyy\u0259li Seqmentind\u0259 \u00e7\u0131x\u0131\u015f\u0131nda deyib. \u201c\u00c7\u00fcnki enerji, qaz v\u0259 neftl\u0259 z\u0259ngin olan \u00f6lk\u0259l\u0259r bu i\u015fd\u0259 &#8211; iqlim d\u0259yi\u015fikliyi il\u0259 m\u00fcbariz\u0259 sah\u0259sind\u0259 \u00f6nd\u0259 getm\u0259lidirl\u0259r. Bel\u0259likl\u0259, bu m\u00fcxt\u0259lif platformalar bizd\u0259 yax\u015f\u0131 h\u0259mr\u0259ylik ruhu yaradacaq v\u0259 biz\u0259 imkan ver\u0259c\u0259k ki, h\u0259d\u0259fl\u0259rimiz\u0259 nail olaq. Bizim \u00f6lk\u0259 COP-a ev sahibi se\u00e7il\u0259n kimi bir s\u0131ra media qurumlar\u0131 bizim enerji portfelimizi t\u0259hlil etm\u0259y\u0259 ba\u015flad\u0131lar\u201d, &#8211; dey\u0259 Az\u0259rbaycan&hellip;<\/p>\n","protected":false},"author":2,"featured_media":715766,"comment_status":"closed","ping_status":"closed","sticky":false,"template":"","format":"standard","meta":{"om_disable_all_campaigns":false,"_monsterinsights_skip_tracking":false,"_monsterinsights_sitenote_active":false,"_monsterinsights_sitenote_note":"","_monsterinsights_sitenote_category":0},"categories":[4],"tags":[],"aioseo_notices":[],"gutentor_comment":0,"rttpg_featured_image_url":{"full":["https:\/\/arantv.az\/wp-content\/uploads\/2024\/04\/15-3.jpg",620,413,false],"landscape":["https:\/\/arantv.az\/wp-content\/uploads\/2024\/04\/15-3.jpg",620,413,false],"portraits":["https:\/\/arantv.az\/wp-content\/uploads\/2024\/04\/15-3.jpg",620,413,false],"thumbnail":["https:\/\/arantv.az\/wp-content\/uploads\/2024\/04\/15-3-500x280.jpg",500,280,true],"medium":["https:\/\/arantv.az\/wp-content\/uploads\/2024\/04\/15-3-548x365.jpg",548,365,true],"large":["https:\/\/arantv.az\/wp-content\/uploads\/2024\/04\/15-3.jpg",620,413,false],"1536x1536":["https:\/\/arantv.az\/wp-content\/uploads\/2024\/04\/15-3.jpg",620,413,false],"2048x2048":["https:\/\/arantv.az\/wp-content\/uploads\/2024\/04\/15-3.jpg",620,413,false],"post-thumbnail":["https:\/\/arantv.az\/wp-content\/uploads\/2024\/04\/15-3-240x172.jpg",240,172,true],"advps-thumb-one":["https:\/\/arantv.az\/wp-content\/uploads\/2024\/04\/15-3.jpg",620,413,false]},"rttpg_author":{"display_name":"V\u00fcsal Rafiqo\u011flu","author_link":"https:\/\/arantv.az\/?author=2"},"rttpg_comment":0,"rttpg_category":"<a href=\"https:\/\/arantv.az\/?cat=4\" rel=\"category\">Siyas\u0259t<\/a>","rttpg_excerpt":"\u201cFaydal\u0131 qaz\u0131nt\u0131 il\u0259 z\u0259ngin \u00f6lk\u0259 olaraq Az\u0259rbaycan OPEC+ platformas\u0131n\u0131n \u00fczv\u00fcd\u00fcr v\u0259 bu da \u0259lav\u0259 \u00fcst\u00fcnl\u00fck verir\u201d. AZ\u018fRTAC\u00a0x\u0259b\u0259r verir ki, bu fikri Az\u0259rbaycan Respublikas\u0131n\u0131n Prezidenti\u00a0\u0130lham \u018fliyev\u00a0aprelin 26-da Berlind\u0259 \u201c15-ci Petersberq \u0130qlim Dialoqu\u201dnun Y\u00fcks\u0259ks\u0259viyy\u0259li Seqmentind\u0259 \u00e7\u0131x\u0131\u015f\u0131nda deyib. \u201c\u00c7\u00fcnki enerji, qaz v\u0259 neftl\u0259 z\u0259ngin olan \u00f6lk\u0259l\u0259r bu i\u015fd\u0259 &#8211; iqlim d\u0259yi\u015fikliyi il\u0259 m\u00fcbariz\u0259 sah\u0259sind\u0259 \u00f6nd\u0259 getm\u0259lidirl\u0259r. Bel\u0259likl\u0259, bu&hellip;","_links":{"self":[{"href":"https:\/\/arantv.az\/index.php?rest_route=\/wp\/v2\/posts\/715765"}],"collection":[{"href":"https:\/\/arantv.az\/index.php?rest_route=\/wp\/v2\/posts"}],"about":[{"href":"https:\/\/arantv.az\/index.php?rest_route=\/wp\/v2\/types\/post"}],"author":[{"embeddable":true,"href":"https:\/\/arantv.az\/index.php?rest_route=\/wp\/v2\/users\/2"}],"replies":[{"embeddable":true,"href":"https:\/\/arantv.az\/index.php?rest_route=%2Fwp%2Fv2%2Fcomments&post=715765"}],"version-history":[{"count":0,"href":"https:\/\/arantv.az\/index.php?rest_route=\/wp\/v2\/posts\/715765\/revisions"}],"wp:featuredmedia":[{"embeddable":true,"href":"https:\/\/arantv.az\/index.php?rest_route=\/wp\/v2\/media\/715766"}],"wp:attachment":[{"href":"https:\/\/arantv.az\/index.php?rest_route=%2Fwp%2Fv2%2Fmedia&parent=715765"}],"wp:term":[{"taxonomy":"category","embeddable":true,"href":"https:\/\/arantv.az\/index.php?rest_route=%2Fwp%2Fv2%2Fcategories&post=715765"},{"taxonomy":"post_tag","embeddable":true,"href":"https:\/\/arantv.az\/index.php?rest_route=%2Fwp%2Fv2%2Ftags&post=715765"}],"curies":[{"name":"wp","href":"https:\/\/api.w.org\/{rel}","templated":true}]}}