{"id":715772,"date":"2024-04-26T13:08:13","date_gmt":"2024-04-26T09:08:13","guid":{"rendered":"https:\/\/arantv.az\/?p=715772"},"modified":"2024-04-26T13:08:13","modified_gmt":"2024-04-26T09:08:13","slug":"turkiy%c9%99li-general-monitorinq-m%c9%99rk%c9%99zi-at%c9%99sk%c9%99s%c9%99-n%c9%99zar%c9%99t-missiyasini-ugurla-davam-etdirib","status":"publish","type":"post","link":"https:\/\/arantv.az\/?p=715772","title":{"rendered":"T\u00fcrkiy\u0259li general: \u201cMonitorinq M\u0259rk\u0259zi at\u0259\u015fk\u0259s\u0259 n\u0259zar\u0259t missiyas\u0131n\u0131 u\u011furla davam etdirib\u201d"},"content":{"rendered":"<p>\u201cAz\u0259rbaycan \u00f6z \u0259razi b\u00fct\u00f6vl\u00fcy\u00fcn\u00fc tam t\u0259min ed\u0259n\u0259 q\u0259d\u0259r T\u00fcrkiy\u0259-Rusiya Birg\u0259 Monitorinq M\u0259rk\u0259zi at\u0259\u015fk\u0259s\u0259 n\u0259zar\u0259t etm\u0259k missiyas\u0131n\u0131 u\u011furla davam etdirib\u201d.<\/p>\n<p>\u201cReport\u201d x\u0259b\u0259r verir ki, bunu T\u00fcrkiy\u0259 Milli M\u00fcdafi\u0259 Nazirliyinin Quru Qo\u015funlar\u0131n\u0131n Q\u0259rargah r\u0259isi general Levent Erg\u00fcn deyib.<\/p>\n<p>O bildirib ki, bel\u0259likl\u0259, Az\u0259rbaycan v\u0259 Erm\u0259nistan\u0131n s\u00fclh istiqam\u0259tind\u0259 atd\u0131\u011f\u0131 add\u0131mlar d\u00fcnya ictimaiyy\u0259ti t\u0259r\u0259find\u0259n izl\u0259nilib.<\/p>\n","protected":false},"excerpt":{"rendered":"<p>\u201cAz\u0259rbaycan \u00f6z \u0259razi b\u00fct\u00f6vl\u00fcy\u00fcn\u00fc tam t\u0259min ed\u0259n\u0259 q\u0259d\u0259r T\u00fcrkiy\u0259-Rusiya Birg\u0259 Monitorinq M\u0259rk\u0259zi at\u0259\u015fk\u0259s\u0259 n\u0259zar\u0259t etm\u0259k missiyas\u0131n\u0131 u\u011furla davam etdirib\u201d. \u201cReport\u201d x\u0259b\u0259r verir ki, bunu T\u00fcrkiy\u0259 Milli M\u00fcdafi\u0259 Nazirliyinin Quru Qo\u015funlar\u0131n\u0131n Q\u0259rargah r\u0259isi general Levent Erg\u00fcn deyib. O bildirib ki, bel\u0259likl\u0259, Az\u0259rbaycan v\u0259 Erm\u0259nistan\u0131n s\u00fclh istiqam\u0259tind\u0259 atd\u0131\u011f\u0131 add\u0131mlar d\u00fcnya ictimaiyy\u0259ti t\u0259r\u0259find\u0259n izl\u0259nilib.<\/p>\n","protected":false},"author":2,"featured_media":715773,"comment_status":"closed","ping_status":"closed","sticky":false,"template":"","format":"standard","meta":{"om_disable_all_campaigns":false,"_monsterinsights_skip_tracking":false,"_monsterinsights_sitenote_active":false,"_monsterinsights_sitenote_note":"","_monsterinsights_sitenote_category":0},"categories":[1],"tags":[],"aioseo_notices":[],"gutentor_comment":0,"rttpg_featured_image_url":{"full":["https:\/\/arantv.az\/wp-content\/uploads\/2024\/04\/FotoJet-5-11.jpg",620,413,false],"landscape":["https:\/\/arantv.az\/wp-content\/uploads\/2024\/04\/FotoJet-5-11.jpg",620,413,false],"portraits":["https:\/\/arantv.az\/wp-content\/uploads\/2024\/04\/FotoJet-5-11.jpg",620,413,false],"thumbnail":["https:\/\/arantv.az\/wp-content\/uploads\/2024\/04\/FotoJet-5-11-500x280.jpg",500,280,true],"medium":["https:\/\/arantv.az\/wp-content\/uploads\/2024\/04\/FotoJet-5-11-548x365.jpg",548,365,true],"large":["https:\/\/arantv.az\/wp-content\/uploads\/2024\/04\/FotoJet-5-11.jpg",620,413,false],"1536x1536":["https:\/\/arantv.az\/wp-content\/uploads\/2024\/04\/FotoJet-5-11.jpg",620,413,false],"2048x2048":["https:\/\/arantv.az\/wp-content\/uploads\/2024\/04\/FotoJet-5-11.jpg",620,413,false],"post-thumbnail":["https:\/\/arantv.az\/wp-content\/uploads\/2024\/04\/FotoJet-5-11-240x172.jpg",240,172,true],"advps-thumb-one":["https:\/\/arantv.az\/wp-content\/uploads\/2024\/04\/FotoJet-5-11.jpg",620,413,false]},"rttpg_author":{"display_name":"V\u00fcsal Rafiqo\u011flu","author_link":"https:\/\/arantv.az\/?author=2"},"rttpg_comment":0,"rttpg_category":"<a href=\"https:\/\/arantv.az\/?cat=1\" rel=\"category\">C\u0259miyy\u0259t<\/a>","rttpg_excerpt":"\u201cAz\u0259rbaycan \u00f6z \u0259razi b\u00fct\u00f6vl\u00fcy\u00fcn\u00fc tam t\u0259min ed\u0259n\u0259 q\u0259d\u0259r T\u00fcrkiy\u0259-Rusiya Birg\u0259 Monitorinq M\u0259rk\u0259zi at\u0259\u015fk\u0259s\u0259 n\u0259zar\u0259t etm\u0259k missiyas\u0131n\u0131 u\u011furla davam etdirib\u201d. \u201cReport\u201d x\u0259b\u0259r verir ki, bunu T\u00fcrkiy\u0259 Milli M\u00fcdafi\u0259 Nazirliyinin Quru Qo\u015funlar\u0131n\u0131n Q\u0259rargah r\u0259isi general Levent Erg\u00fcn deyib. O bildirib ki, bel\u0259likl\u0259, Az\u0259rbaycan v\u0259 Erm\u0259nistan\u0131n s\u00fclh istiqam\u0259tind\u0259 atd\u0131\u011f\u0131 add\u0131mlar d\u00fcnya ictimaiyy\u0259ti t\u0259r\u0259find\u0259n izl\u0259nilib.","_links":{"self":[{"href":"https:\/\/arantv.az\/index.php?rest_route=\/wp\/v2\/posts\/715772"}],"collection":[{"href":"https:\/\/arantv.az\/index.php?rest_route=\/wp\/v2\/posts"}],"about":[{"href":"https:\/\/arantv.az\/index.php?rest_route=\/wp\/v2\/types\/post"}],"author":[{"embeddable":true,"href":"https:\/\/arantv.az\/index.php?rest_route=\/wp\/v2\/users\/2"}],"replies":[{"embeddable":true,"href":"https:\/\/arantv.az\/index.php?rest_route=%2Fwp%2Fv2%2Fcomments&post=715772"}],"version-history":[{"count":0,"href":"https:\/\/arantv.az\/index.php?rest_route=\/wp\/v2\/posts\/715772\/revisions"}],"wp:featuredmedia":[{"embeddable":true,"href":"https:\/\/arantv.az\/index.php?rest_route=\/wp\/v2\/media\/715773"}],"wp:attachment":[{"href":"https:\/\/arantv.az\/index.php?rest_route=%2Fwp%2Fv2%2Fmedia&parent=715772"}],"wp:term":[{"taxonomy":"category","embeddable":true,"href":"https:\/\/arantv.az\/index.php?rest_route=%2Fwp%2Fv2%2Fcategories&post=715772"},{"taxonomy":"post_tag","embeddable":true,"href":"https:\/\/arantv.az\/index.php?rest_route=%2Fwp%2Fv2%2Ftags&post=715772"}],"curies":[{"name":"wp","href":"https:\/\/api.w.org\/{rel}","templated":true}]}}