{"id":715775,"date":"2024-04-26T13:09:01","date_gmt":"2024-04-26T09:09:01","guid":{"rendered":"https:\/\/arantv.az\/?p=715775"},"modified":"2024-04-26T13:09:01","modified_gmt":"2024-04-26T09:09:01","slug":"ilham-%c9%99liyev-cop29-biz%c9%99-imkan-ver%c9%99c%c9%99k-ki-qlobal-c%c9%99nub-olk%c9%99l%c9%99ri-il%c9%99-t%c9%99maslari-gucl%c9%99ndir%c9%99k","status":"publish","type":"post","link":"https:\/\/arantv.az\/?p=715775","title":{"rendered":"\u0130lham \u018fliyev: \u201cCOP29 biz\u0259 imkan ver\u0259c\u0259k ki, Qlobal C\u0259nub \u00f6lk\u0259l\u0259ri il\u0259 t\u0259maslar\u0131 g\u00fccl\u0259ndir\u0259k\u201d"},"content":{"rendered":"<p>\u201c\u00dcmidvaram, bu beyn\u0259lxalq platforma (COP29 \u2013 red.) biz\u0259 imkan ver\u0259c\u0259k ki, Qlobal C\u0259nub \u00f6lk\u0259l\u0259ri il\u0259 t\u0259maslar\u0131 g\u00fccl\u0259ndir\u0259k, eyni zamanda, Avropa \u00f6lk\u0259l\u0259ri il\u0259 d\u0259 \u0259laq\u0259l\u0259ri u\u011furla inki\u015faf etdir\u0259k\u201d.<\/p>\n<p><a href=\"https:\/\/azertag.az\/xeber\/prezident_ilham_eliyev_berlinde_15_ci_petersberq_iqlim_dialoqunun_yuksek_seviyyeli_seqmentinde_istirak_edib___yenilenib_video-2976559\" target=\"_blank\" rel=\"noopener\">AZ\u018fRTAC<\/a>\u00a0x\u0259b\u0259r verir ki, bu fikri Az\u0259rbaycan Respublikas\u0131n\u0131n Prezidenti\u00a0<strong>\u0130lham \u018fliyev<\/strong>\u00a0aprelin 26-da Berlind\u0259 \u201c15-ci Petersberq \u0130qlim Dialoqu\u201dnun Y\u00fcks\u0259ks\u0259viyy\u0259li Seqmentind\u0259 \u00e7\u0131x\u0131\u015f\u0131nda deyib.<\/p>\n<p>Avropa \u0130ttifaq\u0131n\u0131n doqquz \u00fczv\u00fc il\u0259 Az\u0259rbaycan strateji t\u0259r\u0259fda\u015fl\u0131qla ba\u011fl\u0131 b\u0259yannam\u0259l\u0259r imzalad\u0131\u011f\u0131n\u0131 xat\u0131rladan d\u00f6vl\u0259timizin ba\u015f\u00e7\u0131s\u0131 diqq\u0259t\u0259 \u00e7atd\u0131r\u0131b:<\/p>\n<p>\u201c\u00dcmid edir\u0259m, bu beyn\u0259lxalq \u0259laq\u0259l\u0259rimiz imkan ver\u0259c\u0259k ki, h\u0259mr\u0259yliyi g\u00fccl\u0259ndir\u0259k. Buna b\u00f6y\u00fck ehtiyac var. Bizd\u0259n maliyy\u0259, h\u0259mr\u0259ylik v\u0259 birg\u0259 m\u0259suliyy\u0259t t\u0259l\u0259b olunur\u201d.<\/p>\n","protected":false},"excerpt":{"rendered":"<p>\u201c\u00dcmidvaram, bu beyn\u0259lxalq platforma (COP29 \u2013 red.) biz\u0259 imkan ver\u0259c\u0259k ki, Qlobal C\u0259nub \u00f6lk\u0259l\u0259ri il\u0259 t\u0259maslar\u0131 g\u00fccl\u0259ndir\u0259k, eyni zamanda, Avropa \u00f6lk\u0259l\u0259ri il\u0259 d\u0259 \u0259laq\u0259l\u0259ri u\u011furla inki\u015faf etdir\u0259k\u201d. AZ\u018fRTAC\u00a0x\u0259b\u0259r verir ki, bu fikri Az\u0259rbaycan Respublikas\u0131n\u0131n Prezidenti\u00a0\u0130lham \u018fliyev\u00a0aprelin 26-da Berlind\u0259 \u201c15-ci Petersberq \u0130qlim Dialoqu\u201dnun Y\u00fcks\u0259ks\u0259viyy\u0259li Seqmentind\u0259 \u00e7\u0131x\u0131\u015f\u0131nda deyib. Avropa \u0130ttifaq\u0131n\u0131n doqquz \u00fczv\u00fc il\u0259 Az\u0259rbaycan strateji t\u0259r\u0259fda\u015fl\u0131qla ba\u011fl\u0131 b\u0259yannam\u0259l\u0259r imzalad\u0131\u011f\u0131n\u0131 xat\u0131rladan d\u00f6vl\u0259timizin ba\u015f\u00e7\u0131s\u0131 diqq\u0259t\u0259 \u00e7atd\u0131r\u0131b: \u201c\u00dcmid edir\u0259m, bu beyn\u0259lxalq \u0259laq\u0259l\u0259rimiz imkan ver\u0259c\u0259k ki, h\u0259mr\u0259yliyi g\u00fccl\u0259ndir\u0259k. Buna b\u00f6y\u00fck ehtiyac var. Bizd\u0259n maliyy\u0259, h\u0259mr\u0259ylik v\u0259 birg\u0259 m\u0259suliyy\u0259t t\u0259l\u0259b olunur\u201d.<\/p>\n","protected":false},"author":2,"featured_media":715776,"comment_status":"closed","ping_status":"closed","sticky":false,"template":"","format":"standard","meta":{"om_disable_all_campaigns":false,"_monsterinsights_skip_tracking":false,"_monsterinsights_sitenote_active":false,"_monsterinsights_sitenote_note":"","_monsterinsights_sitenote_category":0},"categories":[4],"tags":[],"aioseo_notices":[],"gutentor_comment":0,"rttpg_featured_image_url":{"full":["https:\/\/arantv.az\/wp-content\/uploads\/2024\/04\/7-3.jpg",620,413,false],"landscape":["https:\/\/arantv.az\/wp-content\/uploads\/2024\/04\/7-3.jpg",620,413,false],"portraits":["https:\/\/arantv.az\/wp-content\/uploads\/2024\/04\/7-3.jpg",620,413,false],"thumbnail":["https:\/\/arantv.az\/wp-content\/uploads\/2024\/04\/7-3-500x280.jpg",500,280,true],"medium":["https:\/\/arantv.az\/wp-content\/uploads\/2024\/04\/7-3-548x365.jpg",548,365,true],"large":["https:\/\/arantv.az\/wp-content\/uploads\/2024\/04\/7-3.jpg",620,413,false],"1536x1536":["https:\/\/arantv.az\/wp-content\/uploads\/2024\/04\/7-3.jpg",620,413,false],"2048x2048":["https:\/\/arantv.az\/wp-content\/uploads\/2024\/04\/7-3.jpg",620,413,false],"post-thumbnail":["https:\/\/arantv.az\/wp-content\/uploads\/2024\/04\/7-3-240x172.jpg",240,172,true],"advps-thumb-one":["https:\/\/arantv.az\/wp-content\/uploads\/2024\/04\/7-3.jpg",620,413,false]},"rttpg_author":{"display_name":"V\u00fcsal Rafiqo\u011flu","author_link":"https:\/\/arantv.az\/?author=2"},"rttpg_comment":0,"rttpg_category":"<a href=\"https:\/\/arantv.az\/?cat=4\" rel=\"category\">Siyas\u0259t<\/a>","rttpg_excerpt":"\u201c\u00dcmidvaram, bu beyn\u0259lxalq platforma (COP29 \u2013 red.) biz\u0259 imkan ver\u0259c\u0259k ki, Qlobal C\u0259nub \u00f6lk\u0259l\u0259ri il\u0259 t\u0259maslar\u0131 g\u00fccl\u0259ndir\u0259k, eyni zamanda, Avropa \u00f6lk\u0259l\u0259ri il\u0259 d\u0259 \u0259laq\u0259l\u0259ri u\u011furla inki\u015faf etdir\u0259k\u201d. AZ\u018fRTAC\u00a0x\u0259b\u0259r verir ki, bu fikri Az\u0259rbaycan Respublikas\u0131n\u0131n Prezidenti\u00a0\u0130lham \u018fliyev\u00a0aprelin 26-da Berlind\u0259 \u201c15-ci Petersberq \u0130qlim Dialoqu\u201dnun Y\u00fcks\u0259ks\u0259viyy\u0259li Seqmentind\u0259 \u00e7\u0131x\u0131\u015f\u0131nda deyib. Avropa \u0130ttifaq\u0131n\u0131n doqquz \u00fczv\u00fc il\u0259 Az\u0259rbaycan strateji t\u0259r\u0259fda\u015fl\u0131qla ba\u011fl\u0131&hellip;","_links":{"self":[{"href":"https:\/\/arantv.az\/index.php?rest_route=\/wp\/v2\/posts\/715775"}],"collection":[{"href":"https:\/\/arantv.az\/index.php?rest_route=\/wp\/v2\/posts"}],"about":[{"href":"https:\/\/arantv.az\/index.php?rest_route=\/wp\/v2\/types\/post"}],"author":[{"embeddable":true,"href":"https:\/\/arantv.az\/index.php?rest_route=\/wp\/v2\/users\/2"}],"replies":[{"embeddable":true,"href":"https:\/\/arantv.az\/index.php?rest_route=%2Fwp%2Fv2%2Fcomments&post=715775"}],"version-history":[{"count":0,"href":"https:\/\/arantv.az\/index.php?rest_route=\/wp\/v2\/posts\/715775\/revisions"}],"wp:featuredmedia":[{"embeddable":true,"href":"https:\/\/arantv.az\/index.php?rest_route=\/wp\/v2\/media\/715776"}],"wp:attachment":[{"href":"https:\/\/arantv.az\/index.php?rest_route=%2Fwp%2Fv2%2Fmedia&parent=715775"}],"wp:term":[{"taxonomy":"category","embeddable":true,"href":"https:\/\/arantv.az\/index.php?rest_route=%2Fwp%2Fv2%2Fcategories&post=715775"},{"taxonomy":"post_tag","embeddable":true,"href":"https:\/\/arantv.az\/index.php?rest_route=%2Fwp%2Fv2%2Ftags&post=715775"}],"curies":[{"name":"wp","href":"https:\/\/api.w.org\/{rel}","templated":true}]}}