{"id":715778,"date":"2024-04-26T13:09:35","date_gmt":"2024-04-26T09:09:35","guid":{"rendered":"https:\/\/arantv.az\/?p=715778"},"modified":"2024-04-26T13:09:35","modified_gmt":"2024-04-26T09:09:35","slug":"prezident-biz-t%c9%99kc%c9%99-cop29-u-yaxsi-t%c9%99skil-etm%c9%99li-deyilik-eyni-zamanda-yaxsi-n%c9%99tic%c9%99l%c9%99r-%c9%99ld%c9%99-etm%c9%99liyik","status":"publish","type":"post","link":"https:\/\/arantv.az\/?p=715778","title":{"rendered":"Prezident: \u201cBiz t\u0259kc\u0259 COP29-u yax\u015f\u0131 t\u0259\u015fkil etm\u0259li deyilik, eyni zamanda, yax\u015f\u0131 n\u0259tic\u0259l\u0259r \u0259ld\u0259 etm\u0259liyik\u201d"},"content":{"rendered":"<p>\u201cBiz t\u0259kc\u0259 COP29-u yax\u015f\u0131 t\u0259\u015fkil etm\u0259li deyilik, eyni zamanda, yax\u015f\u0131 n\u0259tic\u0259l\u0259r \u0259ld\u0259 etm\u0259liyik\u201d.<\/p>\n<p><a href=\"https:\/\/azertag.az\/xeber\/prezident_biz_tekce_cop29_u_yaxsi_teskil_etmeli_deyilik_eyni_zamanda_yaxsi_neticeler_elde_etmeliyik-2976608\" target=\"_blank\" rel=\"noopener\">AZ\u018fRTAC<\/a>\u00a0x\u0259b\u0259r verir ki, bu fikri Az\u0259rbaycan Respublikas\u0131n\u0131n Prezidenti\u00a0<strong>\u0130lham \u018fliyev<\/strong>\u00a0aprelin 26-da Berlind\u0259 \u201c15-ci Petersberq \u0130qlim Dialoqu\u201dnun Y\u00fcks\u0259ks\u0259viyy\u0259li Seqmentind\u0259 \u00e7\u0131x\u0131\u015f\u0131nda deyib.<\/p>\n<p>\u201cHesab edir\u0259m, Az\u0259rbaycan\u0131n beyn\u0259lxalq t\u0259maslar\u0131, \u0259laq\u0259l\u0259ri, beyn\u0259lxalq t\u0259\u015fkilatlardak\u0131 f\u0259aliyy\u0259ti biz\u0259 imkan ver\u0259c\u0259k ki, k\u00f6rp\u00fcl\u0259ri quraq, g\u00fccl\u0259ndir\u0259k, m\u00fcxt\u0259lif qit\u0259l\u0259rd\u0259n olan \u00f6lk\u0259l\u0259r aras\u0131nda h\u0259mr\u0259yliyi d\u0259 g\u00fccl\u0259ndir\u0259k\u201d, &#8211; dey\u0259 d\u00f6vl\u0259timizin ba\u015f\u00e7\u0131s\u0131 bildirib.<\/p>\n","protected":false},"excerpt":{"rendered":"<p>\u201cBiz t\u0259kc\u0259 COP29-u yax\u015f\u0131 t\u0259\u015fkil etm\u0259li deyilik, eyni zamanda, yax\u015f\u0131 n\u0259tic\u0259l\u0259r \u0259ld\u0259 etm\u0259liyik\u201d. AZ\u018fRTAC\u00a0x\u0259b\u0259r verir ki, bu fikri Az\u0259rbaycan Respublikas\u0131n\u0131n Prezidenti\u00a0\u0130lham \u018fliyev\u00a0aprelin 26-da Berlind\u0259 \u201c15-ci Petersberq \u0130qlim Dialoqu\u201dnun Y\u00fcks\u0259ks\u0259viyy\u0259li Seqmentind\u0259 \u00e7\u0131x\u0131\u015f\u0131nda deyib. \u201cHesab edir\u0259m, Az\u0259rbaycan\u0131n beyn\u0259lxalq t\u0259maslar\u0131, \u0259laq\u0259l\u0259ri, beyn\u0259lxalq t\u0259\u015fkilatlardak\u0131 f\u0259aliyy\u0259ti biz\u0259 imkan ver\u0259c\u0259k ki, k\u00f6rp\u00fcl\u0259ri quraq, g\u00fccl\u0259ndir\u0259k, m\u00fcxt\u0259lif qit\u0259l\u0259rd\u0259n olan \u00f6lk\u0259l\u0259r aras\u0131nda h\u0259mr\u0259yliyi d\u0259 g\u00fccl\u0259ndir\u0259k\u201d, &#8211; dey\u0259 d\u00f6vl\u0259timizin ba\u015f\u00e7\u0131s\u0131 bildirib.<\/p>\n","protected":false},"author":2,"featured_media":715779,"comment_status":"closed","ping_status":"closed","sticky":false,"template":"","format":"standard","meta":{"om_disable_all_campaigns":false,"_monsterinsights_skip_tracking":false,"_monsterinsights_sitenote_active":false,"_monsterinsights_sitenote_note":"","_monsterinsights_sitenote_category":0},"categories":[4],"tags":[],"aioseo_notices":[],"gutentor_comment":0,"rttpg_featured_image_url":{"full":["https:\/\/arantv.az\/wp-content\/uploads\/2024\/04\/17141195956110836405_1200x630.jpg",620,413,false],"landscape":["https:\/\/arantv.az\/wp-content\/uploads\/2024\/04\/17141195956110836405_1200x630.jpg",620,413,false],"portraits":["https:\/\/arantv.az\/wp-content\/uploads\/2024\/04\/17141195956110836405_1200x630.jpg",620,413,false],"thumbnail":["https:\/\/arantv.az\/wp-content\/uploads\/2024\/04\/17141195956110836405_1200x630-500x280.jpg",500,280,true],"medium":["https:\/\/arantv.az\/wp-content\/uploads\/2024\/04\/17141195956110836405_1200x630-548x365.jpg",548,365,true],"large":["https:\/\/arantv.az\/wp-content\/uploads\/2024\/04\/17141195956110836405_1200x630.jpg",620,413,false],"1536x1536":["https:\/\/arantv.az\/wp-content\/uploads\/2024\/04\/17141195956110836405_1200x630.jpg",620,413,false],"2048x2048":["https:\/\/arantv.az\/wp-content\/uploads\/2024\/04\/17141195956110836405_1200x630.jpg",620,413,false],"post-thumbnail":["https:\/\/arantv.az\/wp-content\/uploads\/2024\/04\/17141195956110836405_1200x630-240x172.jpg",240,172,true],"advps-thumb-one":["https:\/\/arantv.az\/wp-content\/uploads\/2024\/04\/17141195956110836405_1200x630.jpg",620,413,false]},"rttpg_author":{"display_name":"V\u00fcsal Rafiqo\u011flu","author_link":"https:\/\/arantv.az\/?author=2"},"rttpg_comment":0,"rttpg_category":"<a href=\"https:\/\/arantv.az\/?cat=4\" rel=\"category\">Siyas\u0259t<\/a>","rttpg_excerpt":"\u201cBiz t\u0259kc\u0259 COP29-u yax\u015f\u0131 t\u0259\u015fkil etm\u0259li deyilik, eyni zamanda, yax\u015f\u0131 n\u0259tic\u0259l\u0259r \u0259ld\u0259 etm\u0259liyik\u201d. AZ\u018fRTAC\u00a0x\u0259b\u0259r verir ki, bu fikri Az\u0259rbaycan Respublikas\u0131n\u0131n Prezidenti\u00a0\u0130lham \u018fliyev\u00a0aprelin 26-da Berlind\u0259 \u201c15-ci Petersberq \u0130qlim Dialoqu\u201dnun Y\u00fcks\u0259ks\u0259viyy\u0259li Seqmentind\u0259 \u00e7\u0131x\u0131\u015f\u0131nda deyib. \u201cHesab edir\u0259m, Az\u0259rbaycan\u0131n beyn\u0259lxalq t\u0259maslar\u0131, \u0259laq\u0259l\u0259ri, beyn\u0259lxalq t\u0259\u015fkilatlardak\u0131 f\u0259aliyy\u0259ti biz\u0259 imkan ver\u0259c\u0259k ki, k\u00f6rp\u00fcl\u0259ri quraq, g\u00fccl\u0259ndir\u0259k, m\u00fcxt\u0259lif qit\u0259l\u0259rd\u0259n olan \u00f6lk\u0259l\u0259r aras\u0131nda h\u0259mr\u0259yliyi d\u0259&hellip;","_links":{"self":[{"href":"https:\/\/arantv.az\/index.php?rest_route=\/wp\/v2\/posts\/715778"}],"collection":[{"href":"https:\/\/arantv.az\/index.php?rest_route=\/wp\/v2\/posts"}],"about":[{"href":"https:\/\/arantv.az\/index.php?rest_route=\/wp\/v2\/types\/post"}],"author":[{"embeddable":true,"href":"https:\/\/arantv.az\/index.php?rest_route=\/wp\/v2\/users\/2"}],"replies":[{"embeddable":true,"href":"https:\/\/arantv.az\/index.php?rest_route=%2Fwp%2Fv2%2Fcomments&post=715778"}],"version-history":[{"count":0,"href":"https:\/\/arantv.az\/index.php?rest_route=\/wp\/v2\/posts\/715778\/revisions"}],"wp:featuredmedia":[{"embeddable":true,"href":"https:\/\/arantv.az\/index.php?rest_route=\/wp\/v2\/media\/715779"}],"wp:attachment":[{"href":"https:\/\/arantv.az\/index.php?rest_route=%2Fwp%2Fv2%2Fmedia&parent=715778"}],"wp:term":[{"taxonomy":"category","embeddable":true,"href":"https:\/\/arantv.az\/index.php?rest_route=%2Fwp%2Fv2%2Fcategories&post=715778"},{"taxonomy":"post_tag","embeddable":true,"href":"https:\/\/arantv.az\/index.php?rest_route=%2Fwp%2Fv2%2Ftags&post=715778"}],"curies":[{"name":"wp","href":"https:\/\/api.w.org\/{rel}","templated":true}]}}