{"id":715781,"date":"2024-04-26T13:10:07","date_gmt":"2024-04-26T09:10:07","guid":{"rendered":"https:\/\/arantv.az\/?p=715781"},"modified":"2024-04-26T13:10:07","modified_gmt":"2024-04-26T09:10:07","slug":"rusiyali-general-agdamda-monitorinq-m%c9%99rk%c9%99zi-uc-olk%c9%99-h%c9%99rbcil%c9%99rinin-ugurlu-%c9%99m%c9%99kdasliginin-numun%c9%99sidir","status":"publish","type":"post","link":"https:\/\/arantv.az\/?p=715781","title":{"rendered":"Rusiyal\u0131 general: \u201cA\u011fdamda monitorinq m\u0259rk\u0259zi \u00fc\u00e7 \u00f6lk\u0259 h\u0259rb\u00e7il\u0259rinin u\u011furlu \u0259m\u0259kda\u015fl\u0131\u011f\u0131n\u0131n n\u00fcmun\u0259sidir\u201d"},"content":{"rendered":"<p>\u201cMonitorinq M\u0259rk\u0259zi \u00fc\u00e7 il \u0259rzind\u0259 \u00fc\u00e7 \u00f6lk\u0259nin h\u0259rb\u00e7il\u0259rinin Az\u0259rbaycan torpa\u011f\u0131nda daimi s\u00fclh namin\u0259 u\u011furlu \u0259m\u0259kda\u015fl\u0131\u011f\u0131n\u0131n n\u00fcmun\u0259si olub\u201d.<\/p>\n<p>\u201cReport\u201dun A\u011fdama ezam edil\u0259n m\u00fcxbirinin x\u0259b\u0259rin\u0259 g\u00f6r\u0259, bunu h\u0259min rayonda yerl\u0259\u015f\u0259n T\u00fcrkiy\u0259-Rusiya Birg\u0259 Monitorinq M\u0259rk\u0259zinin f\u0259aliyy\u0259tinin dayand\u0131r\u0131lmas\u0131 il\u0259 \u0259laq\u0259dar t\u0259\u015fkil olunan t\u0259dbird\u0259 \u00e7\u0131x\u0131\u015f ed\u0259n Rusiya Silahl\u0131 Q\u00fcvv\u0259l\u0259ri Ba\u015f Q\u0259rargah r\u0259isinin m\u00fcavini, general-polkovnik Sergey \u0130strakov deyib.<\/p>\n<p>General-polkovnik qeyd edib ki, m\u0259rk\u0259zin f\u0259aliyy\u0259ti d\u00f6vr\u00fcnd\u0259 Rusiya v\u0259 T\u00fcrkiy\u0259 s\u00fclhm\u0259raml\u0131lar\u0131 at\u0259\u015fk\u0259s rejimin\u0259 \u0259m\u0259l olunmas\u0131na etibarl\u0131 n\u0259zar\u0259t sistemi qurma\u011fa m\u00fcv\u0259ff\u0259q olublar:<\/p>\n<p>\u201cRusiya v\u0259 T\u00fcrkiy\u0259 s\u00fclhm\u0259raml\u0131lar\u0131 m\u00fcsib\u0259tl\u0259r g\u00f6rm\u00fc\u015f torpaqlarda \u0259min-amanl\u0131\u011f\u0131n yaranmas\u0131 \u00fc\u00e7\u00fcn m\u00f6hk\u0259m t\u0259m\u0259l qurublar. Qar\u015f\u0131ya qoyulan b\u00fct\u00fcn v\u0259zif\u0259l\u0259r Rusiya v\u0259 T\u00fcrkiy\u0259d\u0259n olan h\u0259mkarlar t\u0259r\u0259find\u0259n i\u015fg\u00fczar, dostluq \u015f\u0259raitind\u0259 h\u0259ll olunurdu\u201d.<\/p>\n<p>General b\u0259yan edib ki, qar\u015f\u0131l\u0131ql\u0131 h\u00f6rm\u0259t, beyn\u0259lxalq humanitar h\u00fcquq \u0259sas\u0131nda f\u0259aliyy\u0259t g\u00f6st\u0259r\u0259n m\u0259rk\u0259zin u\u011furlu i\u015fi s\u00fclhm\u0259raml\u0131 \u0259m\u0259liyyat\u0131 vaxt\u0131ndan \u0259vv\u0259l bitirm\u0259y\u0259 v\u0259 Rusiya s\u00fclhm\u0259raml\u0131 kontingentin Az\u0259rbaycan\u0131n Qaraba\u011f iqtisadi zonas\u0131ndan \u00e7\u0131xarma\u011fa imkan yaratd\u0131.<\/p>\n","protected":false},"excerpt":{"rendered":"<p>\u201cMonitorinq M\u0259rk\u0259zi \u00fc\u00e7 il \u0259rzind\u0259 \u00fc\u00e7 \u00f6lk\u0259nin h\u0259rb\u00e7il\u0259rinin Az\u0259rbaycan torpa\u011f\u0131nda daimi s\u00fclh namin\u0259 u\u011furlu \u0259m\u0259kda\u015fl\u0131\u011f\u0131n\u0131n n\u00fcmun\u0259si olub\u201d. \u201cReport\u201dun A\u011fdama ezam edil\u0259n m\u00fcxbirinin x\u0259b\u0259rin\u0259 g\u00f6r\u0259, bunu h\u0259min rayonda yerl\u0259\u015f\u0259n T\u00fcrkiy\u0259-Rusiya Birg\u0259 Monitorinq M\u0259rk\u0259zinin f\u0259aliyy\u0259tinin dayand\u0131r\u0131lmas\u0131 il\u0259 \u0259laq\u0259dar t\u0259\u015fkil olunan t\u0259dbird\u0259 \u00e7\u0131x\u0131\u015f ed\u0259n Rusiya Silahl\u0131 Q\u00fcvv\u0259l\u0259ri Ba\u015f Q\u0259rargah r\u0259isinin m\u00fcavini, general-polkovnik Sergey \u0130strakov deyib. General-polkovnik qeyd edib ki, m\u0259rk\u0259zin f\u0259aliyy\u0259ti d\u00f6vr\u00fcnd\u0259 Rusiya v\u0259 T\u00fcrkiy\u0259 s\u00fclhm\u0259raml\u0131lar\u0131 at\u0259\u015fk\u0259s rejimin\u0259 \u0259m\u0259l olunmas\u0131na etibarl\u0131 n\u0259zar\u0259t sistemi qurma\u011fa m\u00fcv\u0259ff\u0259q olublar: \u201cRusiya v\u0259 T\u00fcrkiy\u0259 s\u00fclhm\u0259raml\u0131lar\u0131 m\u00fcsib\u0259tl\u0259r g\u00f6rm\u00fc\u015f torpaqlarda \u0259min-amanl\u0131\u011f\u0131n yaranmas\u0131 \u00fc\u00e7\u00fcn m\u00f6hk\u0259m t\u0259m\u0259l qurublar. Qar\u015f\u0131ya qoyulan b\u00fct\u00fcn v\u0259zif\u0259l\u0259r&hellip;<\/p>\n","protected":false},"author":2,"featured_media":715782,"comment_status":"closed","ping_status":"closed","sticky":false,"template":"","format":"standard","meta":{"om_disable_all_campaigns":false,"_monsterinsights_skip_tracking":false,"_monsterinsights_sitenote_active":false,"_monsterinsights_sitenote_note":"","_monsterinsights_sitenote_category":0},"categories":[4],"tags":[],"aioseo_notices":[],"gutentor_comment":0,"rttpg_featured_image_url":{"full":["https:\/\/arantv.az\/wp-content\/uploads\/2024\/04\/2c42f2a1-0743-3f1b-a879-3b96e2c6e6ab_850.jpg",620,413,false],"landscape":["https:\/\/arantv.az\/wp-content\/uploads\/2024\/04\/2c42f2a1-0743-3f1b-a879-3b96e2c6e6ab_850.jpg",620,413,false],"portraits":["https:\/\/arantv.az\/wp-content\/uploads\/2024\/04\/2c42f2a1-0743-3f1b-a879-3b96e2c6e6ab_850.jpg",620,413,false],"thumbnail":["https:\/\/arantv.az\/wp-content\/uploads\/2024\/04\/2c42f2a1-0743-3f1b-a879-3b96e2c6e6ab_850-500x280.jpg",500,280,true],"medium":["https:\/\/arantv.az\/wp-content\/uploads\/2024\/04\/2c42f2a1-0743-3f1b-a879-3b96e2c6e6ab_850-548x365.jpg",548,365,true],"large":["https:\/\/arantv.az\/wp-content\/uploads\/2024\/04\/2c42f2a1-0743-3f1b-a879-3b96e2c6e6ab_850.jpg",620,413,false],"1536x1536":["https:\/\/arantv.az\/wp-content\/uploads\/2024\/04\/2c42f2a1-0743-3f1b-a879-3b96e2c6e6ab_850.jpg",620,413,false],"2048x2048":["https:\/\/arantv.az\/wp-content\/uploads\/2024\/04\/2c42f2a1-0743-3f1b-a879-3b96e2c6e6ab_850.jpg",620,413,false],"post-thumbnail":["https:\/\/arantv.az\/wp-content\/uploads\/2024\/04\/2c42f2a1-0743-3f1b-a879-3b96e2c6e6ab_850-240x172.jpg",240,172,true],"advps-thumb-one":["https:\/\/arantv.az\/wp-content\/uploads\/2024\/04\/2c42f2a1-0743-3f1b-a879-3b96e2c6e6ab_850.jpg",620,413,false]},"rttpg_author":{"display_name":"V\u00fcsal Rafiqo\u011flu","author_link":"https:\/\/arantv.az\/?author=2"},"rttpg_comment":0,"rttpg_category":"<a href=\"https:\/\/arantv.az\/?cat=4\" rel=\"category\">Siyas\u0259t<\/a>","rttpg_excerpt":"\u201cMonitorinq M\u0259rk\u0259zi \u00fc\u00e7 il \u0259rzind\u0259 \u00fc\u00e7 \u00f6lk\u0259nin h\u0259rb\u00e7il\u0259rinin Az\u0259rbaycan torpa\u011f\u0131nda daimi s\u00fclh namin\u0259 u\u011furlu \u0259m\u0259kda\u015fl\u0131\u011f\u0131n\u0131n n\u00fcmun\u0259si olub\u201d. \u201cReport\u201dun A\u011fdama ezam edil\u0259n m\u00fcxbirinin x\u0259b\u0259rin\u0259 g\u00f6r\u0259, bunu h\u0259min rayonda yerl\u0259\u015f\u0259n T\u00fcrkiy\u0259-Rusiya Birg\u0259 Monitorinq M\u0259rk\u0259zinin f\u0259aliyy\u0259tinin dayand\u0131r\u0131lmas\u0131 il\u0259 \u0259laq\u0259dar t\u0259\u015fkil olunan t\u0259dbird\u0259 \u00e7\u0131x\u0131\u015f ed\u0259n Rusiya Silahl\u0131 Q\u00fcvv\u0259l\u0259ri Ba\u015f Q\u0259rargah r\u0259isinin m\u00fcavini, general-polkovnik Sergey \u0130strakov deyib. General-polkovnik qeyd edib&hellip;","_links":{"self":[{"href":"https:\/\/arantv.az\/index.php?rest_route=\/wp\/v2\/posts\/715781"}],"collection":[{"href":"https:\/\/arantv.az\/index.php?rest_route=\/wp\/v2\/posts"}],"about":[{"href":"https:\/\/arantv.az\/index.php?rest_route=\/wp\/v2\/types\/post"}],"author":[{"embeddable":true,"href":"https:\/\/arantv.az\/index.php?rest_route=\/wp\/v2\/users\/2"}],"replies":[{"embeddable":true,"href":"https:\/\/arantv.az\/index.php?rest_route=%2Fwp%2Fv2%2Fcomments&post=715781"}],"version-history":[{"count":0,"href":"https:\/\/arantv.az\/index.php?rest_route=\/wp\/v2\/posts\/715781\/revisions"}],"wp:featuredmedia":[{"embeddable":true,"href":"https:\/\/arantv.az\/index.php?rest_route=\/wp\/v2\/media\/715782"}],"wp:attachment":[{"href":"https:\/\/arantv.az\/index.php?rest_route=%2Fwp%2Fv2%2Fmedia&parent=715781"}],"wp:term":[{"taxonomy":"category","embeddable":true,"href":"https:\/\/arantv.az\/index.php?rest_route=%2Fwp%2Fv2%2Fcategories&post=715781"},{"taxonomy":"post_tag","embeddable":true,"href":"https:\/\/arantv.az\/index.php?rest_route=%2Fwp%2Fv2%2Ftags&post=715781"}],"curies":[{"name":"wp","href":"https:\/\/api.w.org\/{rel}","templated":true}]}}