{"id":715784,"date":"2024-04-26T13:10:39","date_gmt":"2024-04-26T09:10:39","guid":{"rendered":"https:\/\/arantv.az\/?p=715784"},"modified":"2024-04-26T13:10:39","modified_gmt":"2024-04-26T09:10:39","slug":"cop29-a-ev-sahibliyin%c9%99-yekdillikl%c9%99-secilm%c9%99yimiz-yasil-enerji-sah%c9%99sind%c9%99-gorduyumuz-isl%c9%99rin-taninmasidir","status":"publish","type":"post","link":"https:\/\/arantv.az\/?p=715784","title":{"rendered":"\u201cCOP29-a ev sahibliyin\u0259 yekdillikl\u0259 se\u00e7ilm\u0259yimiz ya\u015f\u0131l enerji sah\u0259sind\u0259 g\u00f6rd\u00fcy\u00fcm\u00fcz i\u015fl\u0259rin tan\u0131nmas\u0131d\u0131r\u201d"},"content":{"rendered":"<p>\u201cBiz COP29-a ev sahibliyin\u0259 yekdillikl\u0259 se\u00e7ildik. Bu, bizim \u00fc\u00e7\u00fcn \u00e7ox b\u00f6y\u00fck \u015f\u0259r\u0259fdir\u201d.<\/p>\n<p><a href=\"https:\/\/azertag.az\/xeber\/azerbaycan_prezidenti_cop29_a_ev_sahibliyine_yekdillikle_sechilmeyimiz_yasil_enerji_sahesinde_gorduyumuz_islerin_taninmasidir-2976605\" target=\"_blank\" rel=\"noopener\">AZ\u018fRTAC<\/a>\u00a0x\u0259b\u0259r verir ki, bu fikri Az\u0259rbaycan Respublikas\u0131n\u0131n Prezidenti\u00a0<strong>\u0130lham \u018fliyev<\/strong>\u00a0aprelin 26-da Berlind\u0259 \u201c15-ci Petersberq \u0130qlim Dialoqu\u201dnun Y\u00fcks\u0259ks\u0259viyy\u0259li Seqmentind\u0259 \u00e7\u0131x\u0131\u015f\u0131nda deyib.<\/p>\n<div id=\"22889818619\"><\/div>\n<p>\u201cBu, beyn\u0259lxalq ictimaiyy\u0259tin Az\u0259rbaycana olan etimad\u0131d\u0131r, o c\u00fcml\u0259d\u0259n d\u0259 ya\u015f\u0131l enerji sah\u0259sind\u0259 g\u00f6rd\u00fcy\u00fcm\u00fcz i\u015fl\u0259rin tan\u0131nmas\u0131d\u0131r\u201d, &#8211; dey\u0259 Prezident \u0130lham \u018fliyev qeyd edib.<\/p>\n","protected":false},"excerpt":{"rendered":"<p>\u201cBiz COP29-a ev sahibliyin\u0259 yekdillikl\u0259 se\u00e7ildik. Bu, bizim \u00fc\u00e7\u00fcn \u00e7ox b\u00f6y\u00fck \u015f\u0259r\u0259fdir\u201d. AZ\u018fRTAC\u00a0x\u0259b\u0259r verir ki, bu fikri Az\u0259rbaycan Respublikas\u0131n\u0131n Prezidenti\u00a0\u0130lham \u018fliyev\u00a0aprelin 26-da Berlind\u0259 \u201c15-ci Petersberq \u0130qlim Dialoqu\u201dnun Y\u00fcks\u0259ks\u0259viyy\u0259li Seqmentind\u0259 \u00e7\u0131x\u0131\u015f\u0131nda deyib. \u201cBu, beyn\u0259lxalq ictimaiyy\u0259tin Az\u0259rbaycana olan etimad\u0131d\u0131r, o c\u00fcml\u0259d\u0259n d\u0259 ya\u015f\u0131l enerji sah\u0259sind\u0259 g\u00f6rd\u00fcy\u00fcm\u00fcz i\u015fl\u0259rin tan\u0131nmas\u0131d\u0131r\u201d, &#8211; dey\u0259 Prezident \u0130lham \u018fliyev qeyd edib.<\/p>\n","protected":false},"author":2,"featured_media":715785,"comment_status":"closed","ping_status":"closed","sticky":false,"template":"","format":"standard","meta":{"om_disable_all_campaigns":false,"_monsterinsights_skip_tracking":false,"_monsterinsights_sitenote_active":false,"_monsterinsights_sitenote_note":"","_monsterinsights_sitenote_category":0},"categories":[4],"tags":[],"aioseo_notices":[],"gutentor_comment":0,"rttpg_featured_image_url":{"full":["https:\/\/arantv.az\/wp-content\/uploads\/2024\/04\/11-4.jpg",620,413,false],"landscape":["https:\/\/arantv.az\/wp-content\/uploads\/2024\/04\/11-4.jpg",620,413,false],"portraits":["https:\/\/arantv.az\/wp-content\/uploads\/2024\/04\/11-4.jpg",620,413,false],"thumbnail":["https:\/\/arantv.az\/wp-content\/uploads\/2024\/04\/11-4-500x280.jpg",500,280,true],"medium":["https:\/\/arantv.az\/wp-content\/uploads\/2024\/04\/11-4-548x365.jpg",548,365,true],"large":["https:\/\/arantv.az\/wp-content\/uploads\/2024\/04\/11-4.jpg",620,413,false],"1536x1536":["https:\/\/arantv.az\/wp-content\/uploads\/2024\/04\/11-4.jpg",620,413,false],"2048x2048":["https:\/\/arantv.az\/wp-content\/uploads\/2024\/04\/11-4.jpg",620,413,false],"post-thumbnail":["https:\/\/arantv.az\/wp-content\/uploads\/2024\/04\/11-4-240x172.jpg",240,172,true],"advps-thumb-one":["https:\/\/arantv.az\/wp-content\/uploads\/2024\/04\/11-4.jpg",620,413,false]},"rttpg_author":{"display_name":"V\u00fcsal Rafiqo\u011flu","author_link":"https:\/\/arantv.az\/?author=2"},"rttpg_comment":0,"rttpg_category":"<a href=\"https:\/\/arantv.az\/?cat=4\" rel=\"category\">Siyas\u0259t<\/a>","rttpg_excerpt":"\u201cBiz COP29-a ev sahibliyin\u0259 yekdillikl\u0259 se\u00e7ildik. Bu, bizim \u00fc\u00e7\u00fcn \u00e7ox b\u00f6y\u00fck \u015f\u0259r\u0259fdir\u201d. AZ\u018fRTAC\u00a0x\u0259b\u0259r verir ki, bu fikri Az\u0259rbaycan Respublikas\u0131n\u0131n Prezidenti\u00a0\u0130lham \u018fliyev\u00a0aprelin 26-da Berlind\u0259 \u201c15-ci Petersberq \u0130qlim Dialoqu\u201dnun Y\u00fcks\u0259ks\u0259viyy\u0259li Seqmentind\u0259 \u00e7\u0131x\u0131\u015f\u0131nda deyib. \u201cBu, beyn\u0259lxalq ictimaiyy\u0259tin Az\u0259rbaycana olan etimad\u0131d\u0131r, o c\u00fcml\u0259d\u0259n d\u0259 ya\u015f\u0131l enerji sah\u0259sind\u0259 g\u00f6rd\u00fcy\u00fcm\u00fcz i\u015fl\u0259rin tan\u0131nmas\u0131d\u0131r\u201d, &#8211; dey\u0259 Prezident \u0130lham \u018fliyev qeyd edib.","_links":{"self":[{"href":"https:\/\/arantv.az\/index.php?rest_route=\/wp\/v2\/posts\/715784"}],"collection":[{"href":"https:\/\/arantv.az\/index.php?rest_route=\/wp\/v2\/posts"}],"about":[{"href":"https:\/\/arantv.az\/index.php?rest_route=\/wp\/v2\/types\/post"}],"author":[{"embeddable":true,"href":"https:\/\/arantv.az\/index.php?rest_route=\/wp\/v2\/users\/2"}],"replies":[{"embeddable":true,"href":"https:\/\/arantv.az\/index.php?rest_route=%2Fwp%2Fv2%2Fcomments&post=715784"}],"version-history":[{"count":0,"href":"https:\/\/arantv.az\/index.php?rest_route=\/wp\/v2\/posts\/715784\/revisions"}],"wp:featuredmedia":[{"embeddable":true,"href":"https:\/\/arantv.az\/index.php?rest_route=\/wp\/v2\/media\/715785"}],"wp:attachment":[{"href":"https:\/\/arantv.az\/index.php?rest_route=%2Fwp%2Fv2%2Fmedia&parent=715784"}],"wp:term":[{"taxonomy":"category","embeddable":true,"href":"https:\/\/arantv.az\/index.php?rest_route=%2Fwp%2Fv2%2Fcategories&post=715784"},{"taxonomy":"post_tag","embeddable":true,"href":"https:\/\/arantv.az\/index.php?rest_route=%2Fwp%2Fv2%2Ftags&post=715784"}],"curies":[{"name":"wp","href":"https:\/\/api.w.org\/{rel}","templated":true}]}}