{"id":715788,"date":"2024-04-26T13:11:09","date_gmt":"2024-04-26T09:11:09","guid":{"rendered":"https:\/\/arantv.az\/?p=715788"},"modified":"2024-04-26T13:11:09","modified_gmt":"2024-04-26T09:11:09","slug":"prezident-neft-qaz-sah%c9%99sind%c9%99-uzun-ill%c9%99r-xususil%c9%99-d%c9%99-avropa-bazarlarina-n%c9%99ql-edil%c9%99c%c9%99k-resurslarimiz-var","status":"publish","type":"post","link":"https:\/\/arantv.az\/?p=715788","title":{"rendered":"Prezident: \u201cNeft-qaz sah\u0259sind\u0259 uzun ill\u0259r x\u00fcsusil\u0259 d\u0259 Avropa bazarlar\u0131na n\u0259ql edil\u0259c\u0259k resurslar\u0131m\u0131z var\u201d"},"content":{"rendered":"<p>\u201cBizim neft-qaz sah\u0259sind\u0259 uzun ill\u0259r \u0259rzind\u0259 x\u00fcsusil\u0259 d\u0259 Avropa bazarlar\u0131na n\u0259ql edil\u0259c\u0259k resurslar\u0131m\u0131z var\u201d.<\/p>\n<p><a href=\"https:\/\/azertag.az\/xeber\/prezident_ilham_eliyev_neft_qaz_sahesinde_uzun_iller_xususile_de_avropa_bazarlarina_neql_edilecek_resurslarimiz_var-2976603\" target=\"_blank\" rel=\"noopener\">AZ\u018fRTAC<\/a>\u00a0x\u0259b\u0259r verir ki, bu s\u00f6zl\u0259ri Az\u0259rbaycan Respublikas\u0131n\u0131n Prezidenti\u00a0<strong>\u0130lham \u018fliyev<\/strong>\u00a0aprelin 26-da Berlind\u0259 \u201c15-ci Petersberq \u0130qlim Dialoqu\u201dnun Y\u00fcks\u0259ks\u0259viyy\u0259li Seqmentind\u0259 \u00e7\u0131x\u0131\u015f\u0131nda s\u00f6yl\u0259yib.<\/p>\n<p>2022-ci ild\u0259 enerji sah\u0259sind\u0259 Avropa \u0130ttifaq\u0131 il\u0259 t\u0259r\u0259fda\u015fl\u0131q sazi\u015finin imzaland\u0131\u011f\u0131n\u0131 xat\u0131rladan d\u00f6vl\u0259timizin ba\u015f\u00e7\u0131s\u0131 bildirib ki, bu g\u00fcn bizim Avropa \u0130ttifaq\u0131na, Avropa qit\u0259sin\u0259 qaz t\u0259chizat\u0131m\u0131z art\u0131r.<\/p>\n","protected":false},"excerpt":{"rendered":"<p>\u201cBizim neft-qaz sah\u0259sind\u0259 uzun ill\u0259r \u0259rzind\u0259 x\u00fcsusil\u0259 d\u0259 Avropa bazarlar\u0131na n\u0259ql edil\u0259c\u0259k resurslar\u0131m\u0131z var\u201d. AZ\u018fRTAC\u00a0x\u0259b\u0259r verir ki, bu s\u00f6zl\u0259ri Az\u0259rbaycan Respublikas\u0131n\u0131n Prezidenti\u00a0\u0130lham \u018fliyev\u00a0aprelin 26-da Berlind\u0259 \u201c15-ci Petersberq \u0130qlim Dialoqu\u201dnun Y\u00fcks\u0259ks\u0259viyy\u0259li Seqmentind\u0259 \u00e7\u0131x\u0131\u015f\u0131nda s\u00f6yl\u0259yib. 2022-ci ild\u0259 enerji sah\u0259sind\u0259 Avropa \u0130ttifaq\u0131 il\u0259 t\u0259r\u0259fda\u015fl\u0131q sazi\u015finin imzaland\u0131\u011f\u0131n\u0131 xat\u0131rladan d\u00f6vl\u0259timizin ba\u015f\u00e7\u0131s\u0131 bildirib ki, bu g\u00fcn bizim Avropa \u0130ttifaq\u0131na, Avropa qit\u0259sin\u0259 qaz t\u0259chizat\u0131m\u0131z art\u0131r.<\/p>\n","protected":false},"author":2,"featured_media":715789,"comment_status":"closed","ping_status":"closed","sticky":false,"template":"","format":"standard","meta":{"om_disable_all_campaigns":false,"_monsterinsights_skip_tracking":false,"_monsterinsights_sitenote_active":false,"_monsterinsights_sitenote_note":"","_monsterinsights_sitenote_category":0},"categories":[4],"tags":[],"aioseo_notices":[],"gutentor_comment":0,"rttpg_featured_image_url":{"full":["https:\/\/arantv.az\/wp-content\/uploads\/2024\/04\/13-1.jpg",620,413,false],"landscape":["https:\/\/arantv.az\/wp-content\/uploads\/2024\/04\/13-1.jpg",620,413,false],"portraits":["https:\/\/arantv.az\/wp-content\/uploads\/2024\/04\/13-1.jpg",620,413,false],"thumbnail":["https:\/\/arantv.az\/wp-content\/uploads\/2024\/04\/13-1-500x280.jpg",500,280,true],"medium":["https:\/\/arantv.az\/wp-content\/uploads\/2024\/04\/13-1-548x365.jpg",548,365,true],"large":["https:\/\/arantv.az\/wp-content\/uploads\/2024\/04\/13-1.jpg",620,413,false],"1536x1536":["https:\/\/arantv.az\/wp-content\/uploads\/2024\/04\/13-1.jpg",620,413,false],"2048x2048":["https:\/\/arantv.az\/wp-content\/uploads\/2024\/04\/13-1.jpg",620,413,false],"post-thumbnail":["https:\/\/arantv.az\/wp-content\/uploads\/2024\/04\/13-1-240x172.jpg",240,172,true],"advps-thumb-one":["https:\/\/arantv.az\/wp-content\/uploads\/2024\/04\/13-1.jpg",620,413,false]},"rttpg_author":{"display_name":"V\u00fcsal Rafiqo\u011flu","author_link":"https:\/\/arantv.az\/?author=2"},"rttpg_comment":0,"rttpg_category":"<a href=\"https:\/\/arantv.az\/?cat=4\" rel=\"category\">Siyas\u0259t<\/a>","rttpg_excerpt":"\u201cBizim neft-qaz sah\u0259sind\u0259 uzun ill\u0259r \u0259rzind\u0259 x\u00fcsusil\u0259 d\u0259 Avropa bazarlar\u0131na n\u0259ql edil\u0259c\u0259k resurslar\u0131m\u0131z var\u201d. AZ\u018fRTAC\u00a0x\u0259b\u0259r verir ki, bu s\u00f6zl\u0259ri Az\u0259rbaycan Respublikas\u0131n\u0131n Prezidenti\u00a0\u0130lham \u018fliyev\u00a0aprelin 26-da Berlind\u0259 \u201c15-ci Petersberq \u0130qlim Dialoqu\u201dnun Y\u00fcks\u0259ks\u0259viyy\u0259li Seqmentind\u0259 \u00e7\u0131x\u0131\u015f\u0131nda s\u00f6yl\u0259yib. 2022-ci ild\u0259 enerji sah\u0259sind\u0259 Avropa \u0130ttifaq\u0131 il\u0259 t\u0259r\u0259fda\u015fl\u0131q sazi\u015finin imzaland\u0131\u011f\u0131n\u0131 xat\u0131rladan d\u00f6vl\u0259timizin ba\u015f\u00e7\u0131s\u0131 bildirib ki, bu g\u00fcn bizim Avropa \u0130ttifaq\u0131na, Avropa qit\u0259sin\u0259&hellip;","_links":{"self":[{"href":"https:\/\/arantv.az\/index.php?rest_route=\/wp\/v2\/posts\/715788"}],"collection":[{"href":"https:\/\/arantv.az\/index.php?rest_route=\/wp\/v2\/posts"}],"about":[{"href":"https:\/\/arantv.az\/index.php?rest_route=\/wp\/v2\/types\/post"}],"author":[{"embeddable":true,"href":"https:\/\/arantv.az\/index.php?rest_route=\/wp\/v2\/users\/2"}],"replies":[{"embeddable":true,"href":"https:\/\/arantv.az\/index.php?rest_route=%2Fwp%2Fv2%2Fcomments&post=715788"}],"version-history":[{"count":0,"href":"https:\/\/arantv.az\/index.php?rest_route=\/wp\/v2\/posts\/715788\/revisions"}],"wp:featuredmedia":[{"embeddable":true,"href":"https:\/\/arantv.az\/index.php?rest_route=\/wp\/v2\/media\/715789"}],"wp:attachment":[{"href":"https:\/\/arantv.az\/index.php?rest_route=%2Fwp%2Fv2%2Fmedia&parent=715788"}],"wp:term":[{"taxonomy":"category","embeddable":true,"href":"https:\/\/arantv.az\/index.php?rest_route=%2Fwp%2Fv2%2Fcategories&post=715788"},{"taxonomy":"post_tag","embeddable":true,"href":"https:\/\/arantv.az\/index.php?rest_route=%2Fwp%2Fv2%2Ftags&post=715788"}],"curies":[{"name":"wp","href":"https:\/\/api.w.org\/{rel}","templated":true}]}}