{"id":715791,"date":"2024-04-26T13:11:52","date_gmt":"2024-04-26T09:11:52","guid":{"rendered":"https:\/\/arantv.az\/?p=715791"},"modified":"2024-04-26T13:11:52","modified_gmt":"2024-04-26T09:11:52","slug":"az%c9%99rbaycan-dovl%c9%99t-film-fondunda-nadir-arxiv-materiali-askarlanib","status":"publish","type":"post","link":"https:\/\/arantv.az\/?p=715791","title":{"rendered":"Az\u0259rbaycan D\u00f6vl\u0259t Film Fondunda nadir arxiv material\u0131 a\u015fkarlan\u0131b"},"content":{"rendered":"<p>Az\u0259rbaycan D\u00f6vl\u0259t Film Fondunda Xalq artisti, kinorejissor Rza T\u0259hmasibin 130 illik yubileyin\u0259 haz\u0131rl\u0131qlarla \u0259laq\u0259dar apar\u0131lan yeni ara\u015fd\u0131rmalar zaman\u0131 Az\u0259rbaycan kinosu tarixin\u0259 aid unikal arxiv material\u0131 m\u00fc\u0259yy\u0259n olunub.<\/p>\n<p>Bu bar\u0259d\u0259 Az\u0259rbaycan D\u00f6vl\u0259t Film Fondu m\u0259lumat yay\u0131b.<\/p>\n<p>Bildirilib ki, a\u015fkar olunmu\u015f fotos\u0259n\u0259d 1945-ci ild\u0259 Bak\u0131 kinostudiyas\u0131nda lent\u0259 al\u0131nm\u0131\u015f \u201cAr\u015f\u0131n mal alan\u201d (rej. R.T\u0259hmasib v\u0259 N.Le\u015f\u015fenko) b\u0259dii filmin\u0259 aiddir. Az\u0259rbaycan D\u00f6vl\u0259t Film Fonduna orijinal \u015f\u00fc\u015f\u0259 neqativd\u0259 t\u0259hvil verilmi\u015f fotos\u0259n\u0259d \u018fm\u0259kdar m\u0259d\u0259niyy\u0259t i\u015f\u00e7isi, fotoqraf-r\u0259ssam P\u0259rviz Quliyevin \u015f\u0259xsi arxivin\u0259 daxildir.<\/p>\n<p>Bu g\u00fcn\u0259d\u0259k he\u00e7 bir kino t\u0259dqiqat\u0131nda istifad\u0259 olunmayan bu foto\u015f\u0259kil b\u0259rpa olunmu\u015f \u015f\u0259kild\u0259 D\u00f6vl\u0259t Film Fondunun r\u0259smi sayt\u0131 v\u0259 sosial media hesablar\u0131 vasit\u0259sil\u0259 ictimaiyy\u0259t\u0259 t\u0259qdim olunur.<\/p>\n","protected":false},"excerpt":{"rendered":"<p>Az\u0259rbaycan D\u00f6vl\u0259t Film Fondunda Xalq artisti, kinorejissor Rza T\u0259hmasibin 130 illik yubileyin\u0259 haz\u0131rl\u0131qlarla \u0259laq\u0259dar apar\u0131lan yeni ara\u015fd\u0131rmalar zaman\u0131 Az\u0259rbaycan kinosu tarixin\u0259 aid unikal arxiv material\u0131 m\u00fc\u0259yy\u0259n olunub. Bu bar\u0259d\u0259 Az\u0259rbaycan D\u00f6vl\u0259t Film Fondu m\u0259lumat yay\u0131b. Bildirilib ki, a\u015fkar olunmu\u015f fotos\u0259n\u0259d 1945-ci ild\u0259 Bak\u0131 kinostudiyas\u0131nda lent\u0259 al\u0131nm\u0131\u015f \u201cAr\u015f\u0131n mal alan\u201d (rej. R.T\u0259hmasib v\u0259 N.Le\u015f\u015fenko) b\u0259dii filmin\u0259 aiddir. Az\u0259rbaycan D\u00f6vl\u0259t Film Fonduna orijinal \u015f\u00fc\u015f\u0259 neqativd\u0259 t\u0259hvil verilmi\u015f fotos\u0259n\u0259d \u018fm\u0259kdar m\u0259d\u0259niyy\u0259t i\u015f\u00e7isi, fotoqraf-r\u0259ssam P\u0259rviz Quliyevin \u015f\u0259xsi arxivin\u0259 daxildir. Bu g\u00fcn\u0259d\u0259k he\u00e7 bir kino t\u0259dqiqat\u0131nda istifad\u0259 olunmayan bu foto\u015f\u0259kil b\u0259rpa olunmu\u015f \u015f\u0259kild\u0259 D\u00f6vl\u0259t Film&hellip;<\/p>\n","protected":false},"author":2,"featured_media":715792,"comment_status":"closed","ping_status":"closed","sticky":false,"template":"","format":"standard","meta":{"om_disable_all_campaigns":false,"_monsterinsights_skip_tracking":false,"_monsterinsights_sitenote_active":false,"_monsterinsights_sitenote_note":"","_monsterinsights_sitenote_category":0},"categories":[1],"tags":[],"aioseo_notices":[],"gutentor_comment":0,"rttpg_featured_image_url":{"full":["https:\/\/arantv.az\/wp-content\/uploads\/2024\/04\/FotoJet-4-14.jpg",620,413,false],"landscape":["https:\/\/arantv.az\/wp-content\/uploads\/2024\/04\/FotoJet-4-14.jpg",620,413,false],"portraits":["https:\/\/arantv.az\/wp-content\/uploads\/2024\/04\/FotoJet-4-14.jpg",620,413,false],"thumbnail":["https:\/\/arantv.az\/wp-content\/uploads\/2024\/04\/FotoJet-4-14-500x280.jpg",500,280,true],"medium":["https:\/\/arantv.az\/wp-content\/uploads\/2024\/04\/FotoJet-4-14-548x365.jpg",548,365,true],"large":["https:\/\/arantv.az\/wp-content\/uploads\/2024\/04\/FotoJet-4-14.jpg",620,413,false],"1536x1536":["https:\/\/arantv.az\/wp-content\/uploads\/2024\/04\/FotoJet-4-14.jpg",620,413,false],"2048x2048":["https:\/\/arantv.az\/wp-content\/uploads\/2024\/04\/FotoJet-4-14.jpg",620,413,false],"post-thumbnail":["https:\/\/arantv.az\/wp-content\/uploads\/2024\/04\/FotoJet-4-14-240x172.jpg",240,172,true],"advps-thumb-one":["https:\/\/arantv.az\/wp-content\/uploads\/2024\/04\/FotoJet-4-14.jpg",620,413,false]},"rttpg_author":{"display_name":"V\u00fcsal Rafiqo\u011flu","author_link":"https:\/\/arantv.az\/?author=2"},"rttpg_comment":0,"rttpg_category":"<a href=\"https:\/\/arantv.az\/?cat=1\" rel=\"category\">C\u0259miyy\u0259t<\/a>","rttpg_excerpt":"Az\u0259rbaycan D\u00f6vl\u0259t Film Fondunda Xalq artisti, kinorejissor Rza T\u0259hmasibin 130 illik yubileyin\u0259 haz\u0131rl\u0131qlarla \u0259laq\u0259dar apar\u0131lan yeni ara\u015fd\u0131rmalar zaman\u0131 Az\u0259rbaycan kinosu tarixin\u0259 aid unikal arxiv material\u0131 m\u00fc\u0259yy\u0259n olunub. Bu bar\u0259d\u0259 Az\u0259rbaycan D\u00f6vl\u0259t Film Fondu m\u0259lumat yay\u0131b. Bildirilib ki, a\u015fkar olunmu\u015f fotos\u0259n\u0259d 1945-ci ild\u0259 Bak\u0131 kinostudiyas\u0131nda lent\u0259 al\u0131nm\u0131\u015f \u201cAr\u015f\u0131n mal alan\u201d (rej. R.T\u0259hmasib v\u0259 N.Le\u015f\u015fenko) b\u0259dii filmin\u0259&hellip;","_links":{"self":[{"href":"https:\/\/arantv.az\/index.php?rest_route=\/wp\/v2\/posts\/715791"}],"collection":[{"href":"https:\/\/arantv.az\/index.php?rest_route=\/wp\/v2\/posts"}],"about":[{"href":"https:\/\/arantv.az\/index.php?rest_route=\/wp\/v2\/types\/post"}],"author":[{"embeddable":true,"href":"https:\/\/arantv.az\/index.php?rest_route=\/wp\/v2\/users\/2"}],"replies":[{"embeddable":true,"href":"https:\/\/arantv.az\/index.php?rest_route=%2Fwp%2Fv2%2Fcomments&post=715791"}],"version-history":[{"count":0,"href":"https:\/\/arantv.az\/index.php?rest_route=\/wp\/v2\/posts\/715791\/revisions"}],"wp:featuredmedia":[{"embeddable":true,"href":"https:\/\/arantv.az\/index.php?rest_route=\/wp\/v2\/media\/715792"}],"wp:attachment":[{"href":"https:\/\/arantv.az\/index.php?rest_route=%2Fwp%2Fv2%2Fmedia&parent=715791"}],"wp:term":[{"taxonomy":"category","embeddable":true,"href":"https:\/\/arantv.az\/index.php?rest_route=%2Fwp%2Fv2%2Fcategories&post=715791"},{"taxonomy":"post_tag","embeddable":true,"href":"https:\/\/arantv.az\/index.php?rest_route=%2Fwp%2Fv2%2Ftags&post=715791"}],"curies":[{"name":"wp","href":"https:\/\/api.w.org\/{rel}","templated":true}]}}