{"id":715795,"date":"2024-04-26T13:12:41","date_gmt":"2024-04-26T09:12:41","guid":{"rendered":"https:\/\/arantv.az\/?p=715795"},"modified":"2024-04-26T13:12:41","modified_gmt":"2024-04-26T09:12:41","slug":"ilham-%c9%99liyev-cop29-a-ev-sahibliyi-ed%c9%99c%c9%99k-olk%c9%99-kimi-az%c9%99rbaycan-f%c9%99al-hazirliq-prosesind%c9%99dir","status":"publish","type":"post","link":"https:\/\/arantv.az\/?p=715795","title":{"rendered":"\u0130lham \u018fliyev: \u201cCOP29-a ev sahibliyi ed\u0259c\u0259k \u00f6lk\u0259 kimi Az\u0259rbaycan f\u0259al haz\u0131rl\u0131q prosesind\u0259dir\u201d"},"content":{"rendered":"<p>\u201cCOP29-a ev sahibliyi ed\u0259c\u0259k \u00f6lk\u0259 kimi Az\u0259rbaycan f\u0259al haz\u0131rl\u0131q prosesind\u0259dir\u201d.<\/p>\n<p><a href=\"https:\/\/azertag.az\/xeber\/prezident_ilham_eliyev_cop29_a_ev_sahibliyi_edecek_olke_kimi_azerbaycan_feal_hazirliq_prosesindedir-2976597\" target=\"_blank\" rel=\"noopener\">AZ\u018fRTAC<\/a>\u00a0x\u0259b\u0259r verir ki, bu fikri Az\u0259rbaycan Respublikas\u0131n\u0131n Prezidenti\u00a0<strong>\u0130lham \u018fliyev<\/strong>\u00a0aprelin 26-da Berlind\u0259 \u201c15-ci Petersberq \u0130qlim Dialoqu\u201dnun Y\u00fcks\u0259ks\u0259viyy\u0259li Seqmentind\u0259 \u00e7\u0131x\u0131\u015f\u0131nda deyib.<\/p>\n<p>Bu qlobal t\u0259dbir \u00fc\u00e7\u00fcn Az\u0259rbaycan\u0131n bir ild\u0259n az vaxt\u0131 oldu\u011funu vur\u011fulayan d\u00f6vl\u0259timizin ba\u015f\u00e7\u0131s\u0131 bildirib:<\/p>\n<p>\u201cBiz d\u0259 \u0259limizd\u0259n g\u0259l\u0259ni edirik ki, yax\u015f\u0131 n\u0259tic\u0259l\u0259r \u0259limizd\u0259 olsun\u201d.<\/p>\n","protected":false},"excerpt":{"rendered":"<p>\u201cCOP29-a ev sahibliyi ed\u0259c\u0259k \u00f6lk\u0259 kimi Az\u0259rbaycan f\u0259al haz\u0131rl\u0131q prosesind\u0259dir\u201d. AZ\u018fRTAC\u00a0x\u0259b\u0259r verir ki, bu fikri Az\u0259rbaycan Respublikas\u0131n\u0131n Prezidenti\u00a0\u0130lham \u018fliyev\u00a0aprelin 26-da Berlind\u0259 \u201c15-ci Petersberq \u0130qlim Dialoqu\u201dnun Y\u00fcks\u0259ks\u0259viyy\u0259li Seqmentind\u0259 \u00e7\u0131x\u0131\u015f\u0131nda deyib. Bu qlobal t\u0259dbir \u00fc\u00e7\u00fcn Az\u0259rbaycan\u0131n bir ild\u0259n az vaxt\u0131 oldu\u011funu vur\u011fulayan d\u00f6vl\u0259timizin ba\u015f\u00e7\u0131s\u0131 bildirib: \u201cBiz d\u0259 \u0259limizd\u0259n g\u0259l\u0259ni edirik ki, yax\u015f\u0131 n\u0259tic\u0259l\u0259r \u0259limizd\u0259 olsun\u201d.<\/p>\n","protected":false},"author":2,"featured_media":715796,"comment_status":"closed","ping_status":"closed","sticky":false,"template":"","format":"standard","meta":{"om_disable_all_campaigns":false,"_monsterinsights_skip_tracking":false,"_monsterinsights_sitenote_active":false,"_monsterinsights_sitenote_note":"","_monsterinsights_sitenote_category":0},"categories":[4],"tags":[],"aioseo_notices":[],"gutentor_comment":0,"rttpg_featured_image_url":{"full":["https:\/\/arantv.az\/wp-content\/uploads\/2024\/04\/9-5.jpg",620,413,false],"landscape":["https:\/\/arantv.az\/wp-content\/uploads\/2024\/04\/9-5.jpg",620,413,false],"portraits":["https:\/\/arantv.az\/wp-content\/uploads\/2024\/04\/9-5.jpg",620,413,false],"thumbnail":["https:\/\/arantv.az\/wp-content\/uploads\/2024\/04\/9-5-500x280.jpg",500,280,true],"medium":["https:\/\/arantv.az\/wp-content\/uploads\/2024\/04\/9-5-548x365.jpg",548,365,true],"large":["https:\/\/arantv.az\/wp-content\/uploads\/2024\/04\/9-5.jpg",620,413,false],"1536x1536":["https:\/\/arantv.az\/wp-content\/uploads\/2024\/04\/9-5.jpg",620,413,false],"2048x2048":["https:\/\/arantv.az\/wp-content\/uploads\/2024\/04\/9-5.jpg",620,413,false],"post-thumbnail":["https:\/\/arantv.az\/wp-content\/uploads\/2024\/04\/9-5-240x172.jpg",240,172,true],"advps-thumb-one":["https:\/\/arantv.az\/wp-content\/uploads\/2024\/04\/9-5.jpg",620,413,false]},"rttpg_author":{"display_name":"V\u00fcsal Rafiqo\u011flu","author_link":"https:\/\/arantv.az\/?author=2"},"rttpg_comment":0,"rttpg_category":"<a href=\"https:\/\/arantv.az\/?cat=4\" rel=\"category\">Siyas\u0259t<\/a>","rttpg_excerpt":"\u201cCOP29-a ev sahibliyi ed\u0259c\u0259k \u00f6lk\u0259 kimi Az\u0259rbaycan f\u0259al haz\u0131rl\u0131q prosesind\u0259dir\u201d. AZ\u018fRTAC\u00a0x\u0259b\u0259r verir ki, bu fikri Az\u0259rbaycan Respublikas\u0131n\u0131n Prezidenti\u00a0\u0130lham \u018fliyev\u00a0aprelin 26-da Berlind\u0259 \u201c15-ci Petersberq \u0130qlim Dialoqu\u201dnun Y\u00fcks\u0259ks\u0259viyy\u0259li Seqmentind\u0259 \u00e7\u0131x\u0131\u015f\u0131nda deyib. Bu qlobal t\u0259dbir \u00fc\u00e7\u00fcn Az\u0259rbaycan\u0131n bir ild\u0259n az vaxt\u0131 oldu\u011funu vur\u011fulayan d\u00f6vl\u0259timizin ba\u015f\u00e7\u0131s\u0131 bildirib: \u201cBiz d\u0259 \u0259limizd\u0259n g\u0259l\u0259ni edirik ki, yax\u015f\u0131 n\u0259tic\u0259l\u0259r \u0259limizd\u0259 olsun\u201d.","_links":{"self":[{"href":"https:\/\/arantv.az\/index.php?rest_route=\/wp\/v2\/posts\/715795"}],"collection":[{"href":"https:\/\/arantv.az\/index.php?rest_route=\/wp\/v2\/posts"}],"about":[{"href":"https:\/\/arantv.az\/index.php?rest_route=\/wp\/v2\/types\/post"}],"author":[{"embeddable":true,"href":"https:\/\/arantv.az\/index.php?rest_route=\/wp\/v2\/users\/2"}],"replies":[{"embeddable":true,"href":"https:\/\/arantv.az\/index.php?rest_route=%2Fwp%2Fv2%2Fcomments&post=715795"}],"version-history":[{"count":0,"href":"https:\/\/arantv.az\/index.php?rest_route=\/wp\/v2\/posts\/715795\/revisions"}],"wp:featuredmedia":[{"embeddable":true,"href":"https:\/\/arantv.az\/index.php?rest_route=\/wp\/v2\/media\/715796"}],"wp:attachment":[{"href":"https:\/\/arantv.az\/index.php?rest_route=%2Fwp%2Fv2%2Fmedia&parent=715795"}],"wp:term":[{"taxonomy":"category","embeddable":true,"href":"https:\/\/arantv.az\/index.php?rest_route=%2Fwp%2Fv2%2Fcategories&post=715795"},{"taxonomy":"post_tag","embeddable":true,"href":"https:\/\/arantv.az\/index.php?rest_route=%2Fwp%2Fv2%2Ftags&post=715795"}],"curies":[{"name":"wp","href":"https:\/\/api.w.org\/{rel}","templated":true}]}}