{"id":715798,"date":"2024-04-26T13:13:21","date_gmt":"2024-04-26T09:13:21","guid":{"rendered":"https:\/\/arantv.az\/?p=715798"},"modified":"2024-04-26T13:13:21","modified_gmt":"2024-04-26T09:13:21","slug":"cop29-un-r%c9%99hb%c9%99r-hey%c9%99ti-ispaniyali-nazir-il%c9%99-gorusub-foto","status":"publish","type":"post","link":"https:\/\/arantv.az\/?p=715798","title":{"rendered":"COP29-un r\u0259hb\u0259r hey\u0259ti ispaniyal\u0131 nazir il\u0259 g\u00f6r\u00fc\u015f\u00fcb &#8211; FOTO"},"content":{"rendered":"<p>BMT-nin \u0130qlim D\u0259yi\u015fm\u0259l\u0259ri \u00fczr\u0259 \u00c7\u0259r\u00e7iv\u0259 Konvensiyas\u0131n\u0131n T\u0259r\u0259fl\u0259ri Konfrans\u0131n\u0131n 29-cu sessiyas\u0131n\u0131n (COP29) r\u0259hb\u0259r hey\u0259ti Almaniyan\u0131n paytaxt\u0131 Berlind\u0259 \u0130spaniyan\u0131n Ekoloji Ke\u00e7id v\u0259 Demoqrafik Probleml\u0259r naziri Teresa Ribera il\u0259 g\u00f6r\u00fc\u015f ke\u00e7irib.<\/p>\n<p>Bu bar\u0259d\u0259 COP29-un \u201cX\u201d sosial \u015f\u0259b\u0259k\u0259sind\u0259ki r\u0259smi s\u0259hif\u0259sind\u0259 payla\u015f\u0131m edilib.<\/p>\n<p>\u201cXV Petersberq \u0130qlim Dialoqunun ikinci g\u00fcn\u00fcnd\u0259 COP29-un r\u0259hb\u0259r hey\u0259ti Bak\u0131da ke\u00e7iril\u0259c\u0259k t\u0259dbirin planlar\u0131n\u0131 m\u00fczakir\u0259 etm\u0259k \u00fc\u00e7\u00fcn \u0130spaniyan\u0131n Ekoloji Ke\u00e7id v\u0259 Demoqrafik Probleml\u0259r naziri Teresa Ribera il\u0259 g\u00f6r\u00fc\u015f ke\u00e7irib\u201d, &#8211; payla\u015f\u0131mda qeyd edilib.<\/p>\n<div id=\"22889818619\"><\/div>\n<div>\n<div class=\"twitter-tweet twitter-tweet-rendered\"><iframe id=\"twitter-widget-0\" class=\"\" title=\"X Post\" src=\"https:\/\/platform.twitter.com\/embed\/Tweet.html?creatorScreenName=oxuaz&amp;dnt=false&amp;embedId=twitter-widget-0&amp;features=eyJ0ZndfdGltZWxpbmVfbGlzdCI6eyJidWNrZXQiOltdLCJ2ZXJzaW9uIjpudWxsfSwidGZ3X2ZvbGxvd2VyX2NvdW50X3N1bnNldCI6eyJidWNrZXQiOnRydWUsInZlcnNpb24iOm51bGx9LCJ0ZndfdHdlZXRfZWRpdF9iYWNrZW5kIjp7ImJ1Y2tldCI6Im9uIiwidmVyc2lvbiI6bnVsbH0sInRmd19yZWZzcmNfc2Vzc2lvbiI6eyJidWNrZXQiOiJvbiIsInZlcnNpb24iOm51bGx9LCJ0ZndfZm9zbnJfc29mdF9pbnRlcnZlbnRpb25zX2VuYWJsZWQiOnsiYnVja2V0Ijoib24iLCJ2ZXJzaW9uIjpudWxsfSwidGZ3X21peGVkX21lZGlhXzE1ODk3Ijp7ImJ1Y2tldCI6InRyZWF0bWVudCIsInZlcnNpb24iOm51bGx9LCJ0ZndfZXhwZXJpbWVudHNfY29va2llX2V4cGlyYXRpb24iOnsiYnVja2V0IjoxMjA5NjAwLCJ2ZXJzaW9uIjpudWxsfSwidGZ3X3Nob3dfYmlyZHdhdGNoX3Bpdm90c19lbmFibGVkIjp7ImJ1Y2tldCI6Im9uIiwidmVyc2lvbiI6bnVsbH0sInRmd19kdXBsaWNhdGVfc2NyaWJlc190b19zZXR0aW5ncyI6eyJidWNrZXQiOiJvbiIsInZlcnNpb24iOm51bGx9LCJ0ZndfdXNlX3Byb2ZpbGVfaW1hZ2Vfc2hhcGVfZW5hYmxlZCI6eyJidWNrZXQiOiJvbiIsInZlcnNpb24iOm51bGx9LCJ0ZndfdmlkZW9faGxzX2R5bmFtaWNfbWFuaWZlc3RzXzE1MDgyIjp7ImJ1Y2tldCI6InRydWVfYml0cmF0ZSIsInZlcnNpb24iOm51bGx9LCJ0ZndfbGVnYWN5X3RpbWVsaW5lX3N1bnNldCI6eyJidWNrZXQiOnRydWUsInZlcnNpb24iOm51bGx9LCJ0ZndfdHdlZXRfZWRpdF9mcm9udGVuZCI6eyJidWNrZXQiOiJvbiIsInZlcnNpb24iOm51bGx9fQ%3D%3D&amp;frame=false&amp;hideCard=false&amp;hideThread=false&amp;id=1783749871222010187&amp;lang=en&amp;origin=https%3A%2F%2Foxu.az%2Fpolitics%2F864562&amp;sessionId=97014da55caeb112ebcc56cb8980c7e4ee89933a&amp;siteScreenName=oxuaz&amp;theme=light&amp;widgetsVersion=2615f7e52b7e0%3A1702314776716&amp;width=550px\" frameborder=\"0\" scrolling=\"no\" allowfullscreen=\"allowfullscreen\" data-tweet-id=\"1783749871222010187\" data-mce-fragment=\"1\"><\/iframe><\/div>\n<\/div>\n<p>&nbsp;<\/p>\n","protected":false},"excerpt":{"rendered":"<p>BMT-nin \u0130qlim D\u0259yi\u015fm\u0259l\u0259ri \u00fczr\u0259 \u00c7\u0259r\u00e7iv\u0259 Konvensiyas\u0131n\u0131n T\u0259r\u0259fl\u0259ri Konfrans\u0131n\u0131n 29-cu sessiyas\u0131n\u0131n (COP29) r\u0259hb\u0259r hey\u0259ti Almaniyan\u0131n paytaxt\u0131 Berlind\u0259 \u0130spaniyan\u0131n Ekoloji Ke\u00e7id v\u0259 Demoqrafik Probleml\u0259r naziri Teresa Ribera il\u0259 g\u00f6r\u00fc\u015f ke\u00e7irib. Bu bar\u0259d\u0259 COP29-un \u201cX\u201d sosial \u015f\u0259b\u0259k\u0259sind\u0259ki r\u0259smi s\u0259hif\u0259sind\u0259 payla\u015f\u0131m edilib. \u201cXV Petersberq \u0130qlim Dialoqunun ikinci g\u00fcn\u00fcnd\u0259 COP29-un r\u0259hb\u0259r hey\u0259ti Bak\u0131da ke\u00e7iril\u0259c\u0259k t\u0259dbirin planlar\u0131n\u0131 m\u00fczakir\u0259 etm\u0259k \u00fc\u00e7\u00fcn \u0130spaniyan\u0131n Ekoloji Ke\u00e7id v\u0259 Demoqrafik Probleml\u0259r naziri Teresa Ribera il\u0259 g\u00f6r\u00fc\u015f ke\u00e7irib\u201d, &#8211; payla\u015f\u0131mda qeyd edilib. &nbsp;<\/p>\n","protected":false},"author":2,"featured_media":715799,"comment_status":"closed","ping_status":"closed","sticky":false,"template":"","format":"standard","meta":{"om_disable_all_campaigns":false,"_monsterinsights_skip_tracking":false,"_monsterinsights_sitenote_active":false,"_monsterinsights_sitenote_note":"","_monsterinsights_sitenote_category":0},"categories":[4],"tags":[],"aioseo_notices":[],"gutentor_comment":0,"rttpg_featured_image_url":{"full":["https:\/\/arantv.az\/wp-content\/uploads\/2024\/04\/GMEnCgHW0AAQy22.jpg",620,413,false],"landscape":["https:\/\/arantv.az\/wp-content\/uploads\/2024\/04\/GMEnCgHW0AAQy22.jpg",620,413,false],"portraits":["https:\/\/arantv.az\/wp-content\/uploads\/2024\/04\/GMEnCgHW0AAQy22.jpg",620,413,false],"thumbnail":["https:\/\/arantv.az\/wp-content\/uploads\/2024\/04\/GMEnCgHW0AAQy22-500x280.jpg",500,280,true],"medium":["https:\/\/arantv.az\/wp-content\/uploads\/2024\/04\/GMEnCgHW0AAQy22-548x365.jpg",548,365,true],"large":["https:\/\/arantv.az\/wp-content\/uploads\/2024\/04\/GMEnCgHW0AAQy22.jpg",620,413,false],"1536x1536":["https:\/\/arantv.az\/wp-content\/uploads\/2024\/04\/GMEnCgHW0AAQy22.jpg",620,413,false],"2048x2048":["https:\/\/arantv.az\/wp-content\/uploads\/2024\/04\/GMEnCgHW0AAQy22.jpg",620,413,false],"post-thumbnail":["https:\/\/arantv.az\/wp-content\/uploads\/2024\/04\/GMEnCgHW0AAQy22-240x172.jpg",240,172,true],"advps-thumb-one":["https:\/\/arantv.az\/wp-content\/uploads\/2024\/04\/GMEnCgHW0AAQy22.jpg",620,413,false]},"rttpg_author":{"display_name":"V\u00fcsal Rafiqo\u011flu","author_link":"https:\/\/arantv.az\/?author=2"},"rttpg_comment":0,"rttpg_category":"<a href=\"https:\/\/arantv.az\/?cat=4\" rel=\"category\">Siyas\u0259t<\/a>","rttpg_excerpt":"BMT-nin \u0130qlim D\u0259yi\u015fm\u0259l\u0259ri \u00fczr\u0259 \u00c7\u0259r\u00e7iv\u0259 Konvensiyas\u0131n\u0131n T\u0259r\u0259fl\u0259ri Konfrans\u0131n\u0131n 29-cu sessiyas\u0131n\u0131n (COP29) r\u0259hb\u0259r hey\u0259ti Almaniyan\u0131n paytaxt\u0131 Berlind\u0259 \u0130spaniyan\u0131n Ekoloji Ke\u00e7id v\u0259 Demoqrafik Probleml\u0259r naziri Teresa Ribera il\u0259 g\u00f6r\u00fc\u015f ke\u00e7irib. Bu bar\u0259d\u0259 COP29-un \u201cX\u201d sosial \u015f\u0259b\u0259k\u0259sind\u0259ki r\u0259smi s\u0259hif\u0259sind\u0259 payla\u015f\u0131m edilib. \u201cXV Petersberq \u0130qlim Dialoqunun ikinci g\u00fcn\u00fcnd\u0259 COP29-un r\u0259hb\u0259r hey\u0259ti Bak\u0131da ke\u00e7iril\u0259c\u0259k t\u0259dbirin planlar\u0131n\u0131 m\u00fczakir\u0259 etm\u0259k \u00fc\u00e7\u00fcn \u0130spaniyan\u0131n&hellip;","_links":{"self":[{"href":"https:\/\/arantv.az\/index.php?rest_route=\/wp\/v2\/posts\/715798"}],"collection":[{"href":"https:\/\/arantv.az\/index.php?rest_route=\/wp\/v2\/posts"}],"about":[{"href":"https:\/\/arantv.az\/index.php?rest_route=\/wp\/v2\/types\/post"}],"author":[{"embeddable":true,"href":"https:\/\/arantv.az\/index.php?rest_route=\/wp\/v2\/users\/2"}],"replies":[{"embeddable":true,"href":"https:\/\/arantv.az\/index.php?rest_route=%2Fwp%2Fv2%2Fcomments&post=715798"}],"version-history":[{"count":0,"href":"https:\/\/arantv.az\/index.php?rest_route=\/wp\/v2\/posts\/715798\/revisions"}],"wp:featuredmedia":[{"embeddable":true,"href":"https:\/\/arantv.az\/index.php?rest_route=\/wp\/v2\/media\/715799"}],"wp:attachment":[{"href":"https:\/\/arantv.az\/index.php?rest_route=%2Fwp%2Fv2%2Fmedia&parent=715798"}],"wp:term":[{"taxonomy":"category","embeddable":true,"href":"https:\/\/arantv.az\/index.php?rest_route=%2Fwp%2Fv2%2Fcategories&post=715798"},{"taxonomy":"post_tag","embeddable":true,"href":"https:\/\/arantv.az\/index.php?rest_route=%2Fwp%2Fv2%2Ftags&post=715798"}],"curies":[{"name":"wp","href":"https:\/\/api.w.org\/{rel}","templated":true}]}}