{"id":715801,"date":"2024-04-26T13:14:20","date_gmt":"2024-04-26T09:14:20","guid":{"rendered":"https:\/\/arantv.az\/?p=715801"},"modified":"2024-04-26T13:14:20","modified_gmt":"2024-04-26T09:14:20","slug":"ilham-%c9%99liyev-berlind%c9%99ki-iqlim-dialoqunda-istirak-edib-yenil%c9%99nir-foto-video","status":"publish","type":"post","link":"https:\/\/arantv.az\/?p=715801","title":{"rendered":"\u0130lham \u018fliyev Berlind\u0259ki iqlim dialoqunda i\u015ftirak edib &#8211; YEN\u0130L\u018fN\u0130R + FOTO\/V\u0130DEO"},"content":{"rendered":"<p>Az\u0259rbaycan Respublikas\u0131n\u0131n Prezidenti\u00a0<strong>\u0130lham \u018fliyev<\/strong>\u00a0Almaniyan\u0131n paytaxt\u0131 Berlind\u0259 ke\u00e7iril\u0259n \u201c15-ci Petersberq \u0130qlim Dialoqu\u201dnun Y\u00fcks\u0259ks\u0259viyy\u0259li Seqmentind\u0259 i\u015ftirak edib.<\/p>\n<p><a href=\"https:\/\/azertag.az\/xeber\/prezident_ilham_eliyev_berlinde_15_ci_petersberq_iqlim_dialoqunun_yuksek_seviyyeli_seqmentinde_istirak_edir___yenilenib-2976559\" target=\"_blank\" rel=\"noopener\">AZ\u018fRTAC<\/a>\u00a0x\u0259b\u0259r verir ki, d\u00f6vl\u0259timizin ba\u015f\u00e7\u0131s\u0131 t\u0259dbird\u0259 \u00e7\u0131x\u0131\u015f edib.<\/p>\n<div><iframe loading=\"lazy\" title=\"YouTube video player\" src=\"https:\/\/www.youtube.com\/embed\/C24gj_c9KfY?si=KF_gUuIZfR8Xpjg6\" width=\"560\" height=\"315\" frameborder=\"0\" allowfullscreen=\"allowfullscreen\" data-mce-fragment=\"1\"><\/iframe><\/div>\n<div><iframe loading=\"lazy\" title=\"YouTube video player\" src=\"https:\/\/www.youtube.com\/embed\/QvFB-TqyYV8?si=lzwpzR0bIQVkANVq\" width=\"560\" height=\"315\" frameborder=\"0\" allowfullscreen=\"allowfullscreen\" data-mce-fragment=\"1\"><\/iframe><\/div>\n<p>&nbsp;<\/p>\n<div class=\"gallery\">\n<div class=\"gallery-i\"><img src=\"https:\/\/cdn.oxu.az\/uploads\/W1siZiIsIjIwMjQvMDQvMjYvMTIvMjMvNDQvNzAwZGY1OWUtOTI0Mi00NzJkLTk4MjktNDdhY2JjYjA1ODU5LzEuanBnIl0sWyJwIiwiZW5jb2RlIiwianBnIiwiLXF1YWxpdHkgODAiXSxbInAiLCJ0aHVtYiIsIjU5MHg1OTBcdTAwM2UiXV0?sha=914cb8e9bd09de07\" alt=\"\" \/><\/p>\n<div class=\"gallery-i-caption\"><\/div>\n<\/div>\n<div class=\"gallery-i\"><img src=\"https:\/\/cdn.oxu.az\/uploads\/W1siZiIsIjIwMjQvMDQvMjYvMTIvMjMvNDQvYmJkODU5N2QtNDkxMy00NDZlLThlMmMtMTM5YTA0Mzk5ZWUxLzIuanBnIl0sWyJwIiwiZW5jb2RlIiwianBnIiwiLXF1YWxpdHkgODAiXSxbInAiLCJ0aHVtYiIsIjU5MHg1OTBcdTAwM2UiXV0?sha=8ebf1a2eb0252555\" alt=\"\" \/><\/p>\n<div class=\"gallery-i-caption\"><\/div>\n<\/div>\n<div class=\"gallery-i\"><img src=\"https:\/\/cdn.oxu.az\/uploads\/W1siZiIsIjIwMjQvMDQvMjYvMTIvMjMvNDQvZTg3NzVmZTItMWFkNi00NGQ0LTkzZDEtMWVkODIxMmU1ZDMyLzMuanBnIl0sWyJwIiwiZW5jb2RlIiwianBnIiwiLXF1YWxpdHkgODAiXSxbInAiLCJ0aHVtYiIsIjU5MHg1OTBcdTAwM2UiXV0?sha=fc9aad0e38049c14\" alt=\"\" \/><\/p>\n<div class=\"gallery-i-caption\"><\/div>\n<\/div>\n<div class=\"gallery-i\"><img src=\"https:\/\/cdn.oxu.az\/uploads\/W1siZiIsIjIwMjQvMDQvMjYvMTIvMjMvNDUvYTE1M2JmNDYtMGMxZC00ZmMzLTk0MzMtMjRmM2JjY2I0MDE0LzQuanBnIl0sWyJwIiwiZW5jb2RlIiwianBnIiwiLXF1YWxpdHkgODAiXSxbInAiLCJ0aHVtYiIsIjU5MHg1OTBcdTAwM2UiXV0?sha=888ba981985cf37e\" alt=\"\" \/><\/p>\n<div class=\"gallery-i-caption\"><\/div>\n<\/div>\n<div class=\"gallery-i\"><img src=\"https:\/\/cdn.oxu.az\/uploads\/W1siZiIsIjIwMjQvMDQvMjYvMTIvMjMvNDUvNjIzN2QyZmEtMDk3Mi00MWFhLWIxNmItYjEyNjUyMDA3NDdkLzUuanBnIl0sWyJwIiwiZW5jb2RlIiwianBnIiwiLXF1YWxpdHkgODAiXSxbInAiLCJ0aHVtYiIsIjU5MHg1OTBcdTAwM2UiXV0?sha=512cf364aa68b720\" alt=\"\" \/><\/p>\n<div class=\"gallery-i-caption\"><\/div>\n<\/div>\n<div class=\"gallery-i\"><img src=\"https:\/\/cdn.oxu.az\/uploads\/W1siZiIsIjIwMjQvMDQvMjYvMTIvMjMvNDUvZWIyYzM4OWYtZWRmZi00Njk1LTgzNTEtNWJkMTVlNTQ2ZjYwLzYuanBnIl0sWyJwIiwiZW5jb2RlIiwianBnIiwiLXF1YWxpdHkgODAiXSxbInAiLCJ0aHVtYiIsIjU5MHg1OTBcdTAwM2UiXV0?sha=45af4fb8fa1030a3\" alt=\"\" \/><\/p>\n<div class=\"gallery-i-caption\"><\/div>\n<\/div>\n<div class=\"gallery-i\"><img src=\"https:\/\/cdn.oxu.az\/uploads\/W1siZiIsIjIwMjQvMDQvMjYvMTIvMjMvNDUvYzYwNzUwNzUtMjMwMC00OGU3LWExNTctYWJjM2QxMjI4NjhiLzcuanBnIl0sWyJwIiwiZW5jb2RlIiwianBnIiwiLXF1YWxpdHkgODAiXSxbInAiLCJ0aHVtYiIsIjU5MHg1OTBcdTAwM2UiXV0?sha=2d0b2136d0d472d3\" alt=\"\" \/><\/p>\n<div class=\"gallery-i-caption\"><\/div>\n<\/div>\n<div class=\"gallery-i\"><img src=\"https:\/\/cdn.oxu.az\/uploads\/W1siZiIsIjIwMjQvMDQvMjYvMTIvMjMvNDUvN2MxZDJlMDUtZGM3OC00Yjk0LTk4NTMtNjA5NmY3OTY0MDljLzguanBnIl0sWyJwIiwiZW5jb2RlIiwianBnIiwiLXF1YWxpdHkgODAiXSxbInAiLCJ0aHVtYiIsIjU5MHg1OTBcdTAwM2UiXV0?sha=4c57875e7b6be965\" alt=\"\" \/><\/p>\n<div class=\"gallery-i-caption\"><\/div>\n<\/div>\n<div class=\"gallery-i\"><img src=\"https:\/\/cdn.oxu.az\/uploads\/W1siZiIsIjIwMjQvMDQvMjYvMTIvMjMvNDUvODE0MTMzZmYtMzgxMy00OWNmLTk5M2MtYTU1YzA2NzA5M2UyLzkuanBnIl0sWyJwIiwiZW5jb2RlIiwianBnIiwiLXF1YWxpdHkgODAiXSxbInAiLCJ0aHVtYiIsIjU5MHg1OTBcdTAwM2UiXV0?sha=034dab9711b1faf0\" alt=\"\" \/><\/p>\n<div class=\"gallery-i-caption\"><\/div>\n<\/div>\n<div class=\"gallery-i\"><img src=\"https:\/\/cdn.oxu.az\/uploads\/W1siZiIsIjIwMjQvMDQvMjYvMTIvMjMvNDUvZWU2ODcxYTItNTBkNi00MGM5LWJkNzktYTE4NzVkYzJiYjIwLzEwLmpwZyJdLFsicCIsImVuY29kZSIsImpwZyIsIi1xdWFsaXR5IDgwIl0sWyJwIiwidGh1bWIiLCI1OTB4NTkwXHUwMDNlIl1d?sha=df793d30826202b9\" alt=\"\" \/><\/p>\n<div class=\"gallery-i-caption\"><\/div>\n<\/div>\n<div class=\"gallery-i\"><img src=\"https:\/\/cdn.oxu.az\/uploads\/W1siZiIsIjIwMjQvMDQvMjYvMTIvMjMvNDYvNWJhZTNjNTktYThjZS00ODliLWIyMTktNmY4ZTFkZjlhNTJhLzExLmpwZyJdLFsicCIsImVuY29kZSIsImpwZyIsIi1xdWFsaXR5IDgwIl0sWyJwIiwidGh1bWIiLCI1OTB4NTkwXHUwMDNlIl1d?sha=18d775e0b2630337\" alt=\"\" \/><\/p>\n<div class=\"gallery-i-caption\"><\/div>\n<\/div>\n<div class=\"gallery-i\"><img src=\"https:\/\/cdn.oxu.az\/uploads\/W1siZiIsIjIwMjQvMDQvMjYvMTIvMjMvNDYvZDQ2ZmE4ZTQtYWMxNi00YTU4LWE3YmYtYTcyMDViNjA0NWQ3LzEyLmpwZyJdLFsicCIsImVuY29kZSIsImpwZyIsIi1xdWFsaXR5IDgwIl0sWyJwIiwidGh1bWIiLCI1OTB4NTkwXHUwMDNlIl1d?sha=f6541feb33060645\" alt=\"\" \/><\/p>\n<div class=\"gallery-i-caption\"><\/div>\n<\/div>\n<div class=\"gallery-i\"><img src=\"https:\/\/cdn.oxu.az\/uploads\/W1siZiIsIjIwMjQvMDQvMjYvMTIvMjMvNDYvOGM3ZGUwN2YtNGI1OS00NTNkLTllNjItMDkwOTcxOTU5Nzk1LzEzLmpwZyJdLFsicCIsImVuY29kZSIsImpwZyIsIi1xdWFsaXR5IDgwIl0sWyJwIiwidGh1bWIiLCI1OTB4NTkwXHUwMDNlIl1d?sha=fc45db77f154258b\" alt=\"\" \/><\/p>\n<div class=\"gallery-i-caption\"><\/div>\n<\/div>\n<div class=\"gallery-i\"><img src=\"https:\/\/cdn.oxu.az\/uploads\/W1siZiIsIjIwMjQvMDQvMjYvMTIvMjMvNDYvNzQ2ZTkzZDAtZWU3Zi00YTZiLTk4OTktYzg1ZDk4NjNhYmYyLzE0LmpwZyJdLFsicCIsImVuY29kZSIsImpwZyIsIi1xdWFsaXR5IDgwIl0sWyJwIiwidGh1bWIiLCI1OTB4NTkwXHUwMDNlIl1d?sha=2e69846015ff66b2\" alt=\"\" \/><\/p>\n<div class=\"gallery-i-caption\"><\/div>\n<\/div>\n<div class=\"gallery-i\"><img src=\"https:\/\/cdn.oxu.az\/uploads\/W1siZiIsIjIwMjQvMDQvMjYvMTIvMjMvNDYvOGY2MTYwMTQtMDI0ZS00NzIwLWFlOGItYWUxMDNmOWVhYTJiLzE1LmpwZyJdLFsicCIsImVuY29kZSIsImpwZyIsIi1xdWFsaXR5IDgwIl0sWyJwIiwidGh1bWIiLCI1OTB4NTkwXHUwMDNlIl1d?sha=93768ae2a7b6ef6a\" alt=\"\" \/><\/p>\n<div class=\"gallery-i-caption\"><\/div>\n<\/div>\n<div class=\"gallery-i\"><img src=\"https:\/\/cdn.oxu.az\/uploads\/W1siZiIsIjIwMjQvMDQvMjYvMTIvMjMvNDYvMjA1NzY1ZGUtYmQ0ZS00NWZiLWJjMTUtNDQwZDBhZGVlNWRhLzE2LmpwZyJdLFsicCIsImVuY29kZSIsImpwZyIsIi1xdWFsaXR5IDgwIl0sWyJwIiwidGh1bWIiLCI1OTB4NTkwXHUwMDNlIl1d?sha=cdaa828d276a2b7b\" alt=\"\" \/><\/p>\n<div class=\"gallery-i-caption\"><\/div>\n<\/div>\n<div class=\"gallery-i\"><img src=\"https:\/\/cdn.oxu.az\/uploads\/W1siZiIsIjIwMjQvMDQvMjYvMTIvMjMvNDcvNDAyM2JiMjgtZGM5MS00OTk5LWE1NDUtYzM5ZTlkY2FmZWI3LzE3LmpwZyJdLFsicCIsImVuY29kZSIsImpwZyIsIi1xdWFsaXR5IDgwIl0sWyJwIiwidGh1bWIiLCI1OTB4NTkwXHUwMDNlIl1d?sha=478d54c4a1a7944b\" alt=\"\" \/><\/p>\n<div class=\"gallery-i-caption\"><\/div>\n<\/div>\n<div class=\"gallery-i\"><img src=\"https:\/\/cdn.oxu.az\/uploads\/W1siZiIsIjIwMjQvMDQvMjYvMTIvMjMvNDcvYTdhZTEyN2QtZTg3Ny00YjE0LWEzMjMtNjVmYTQzZmZjY2I1LzE5LmpwZyJdLFsicCIsImVuY29kZSIsImpwZyIsIi1xdWFsaXR5IDgwIl0sWyJwIiwidGh1bWIiLCI1OTB4NTkwXHUwMDNlIl1d?sha=9c81026d4d04cf32\" alt=\"\" \/><\/p>\n<div class=\"gallery-i-caption\"><\/div>\n<\/div>\n<div class=\"gallery-i\"><img src=\"https:\/\/cdn.oxu.az\/uploads\/W1siZiIsIjIwMjQvMDQvMjYvMTIvMjMvNDcvMmI4N2M4MGUtMTM0MS00MTAyLWE1MzEtM2ZmY2IxMDdjMjhkLzIwLmpwZyJdLFsicCIsImVuY29kZSIsImpwZyIsIi1xdWFsaXR5IDgwIl0sWyJwIiwidGh1bWIiLCI1OTB4NTkwXHUwMDNlIl1d?sha=eeeabf3ad1cb8d6b\" alt=\"\" \/><\/p>\n<div class=\"gallery-i-caption\"><\/div>\n<\/div>\n<\/div>\n<p><strong>11:29<\/strong><\/p>\n<p>Az\u0259rbaycan Respublikas\u0131n\u0131n Prezidenti\u00a0<strong>\u0130lham \u018fliyev<\/strong>\u00a0aprelin 26-da Berlind\u0259 ke\u00e7iril\u0259n \u201cXV Petersberq \u0130qlim Dialoqu\u201dnun Y\u00fcks\u0259ks\u0259viyy\u0259li Seqmentind\u0259 \u00e7\u0131x\u0131\u015f edir.<\/p>\n<p>\u201cReport\u201dun Berlin\u0259 ezam olunmu\u015f \u0259m\u0259kda\u015f\u0131 x\u0259b\u0259r verir ki, Az\u0259rbaycan lideri \u201cXV Petersberq \u0130qlim Dialoqu\u201dnun ikinci g\u00fcn\u00fcn\u0259 Almaniya Kansleri Olaf \u015eolts il\u0259 birg\u0259 qat\u0131l\u0131b.<\/p>\n<div><iframe loading=\"lazy\" id=\"telegram-post-oxuaze-90047\" src=\"https:\/\/t.me\/oxuaze\/90047?embed=1\" width=\"100%\" height=\"\" frameborder=\"0\" scrolling=\"no\" data-mce-fragment=\"1\"><\/iframe><\/div>\n<p><strong>11:14<\/strong><\/p>\n<p>Az\u0259rbaycan Respublikas\u0131n\u0131n Prezidenti\u00a0<strong>\u0130lham \u018fliyev<\/strong>\u00a0aprelin 26-da Berlind\u0259 ke\u00e7iril\u0259n \u201cXV Petersberq \u0130qlim Dialoqu\u201dnun Y\u00fcks\u0259ks\u0259viyy\u0259li Seqmentind\u0259 i\u015ftirak edir.<\/p>\n<p>Bu bar\u0259d\u0259 \u201cReport\u201dun Berlin\u0259 ezam olunmu\u015f \u0259m\u0259kda\u015f\u0131 x\u0259b\u0259r verir.<\/p>\n<p>\u018fvv\u0259lc\u0259 ail\u0259 fotosu \u00e7\u0259kdirilib.<\/p>\n<div><iframe loading=\"lazy\" id=\"telegram-post-oxuaze-90046\" src=\"https:\/\/t.me\/oxuaze\/90046?embed=1\" width=\"100%\" height=\"\" frameborder=\"0\" scrolling=\"no\" data-mce-fragment=\"1\"><\/iframe><\/div>\n<p>&nbsp;<\/p>\n<p><strong>10:44<\/strong><\/p>\n<p>\u201c15-ci Petersberq \u0130qlim Dialoqu\u201dnun ikinci g\u00fcn\u00fc ba\u015flay\u0131r.<\/p>\n<p>\u201cReport\u201dun Berlin\u0259 ezam olunmu\u015f \u0259m\u0259kda\u015f\u0131 x\u0259b\u0259r verir ki, Prezident\u00a0<strong>\u0130lham \u018fliyev<\/strong>\u00a0aprelin 26-da ke\u00e7iril\u0259c\u0259k \u201c15-ci Petersberq \u0130qlim Dialoqu\u201dnun Y\u00fcks\u0259ks\u0259viyy\u0259li Seqmentind\u0259 i\u015ftirak ed\u0259c\u0259k.<\/p>\n<p>Az\u0259rbaycan Prezidenti \u0130lham \u018fliyev v\u0259 Almaniya Kansleri Olaf \u015eoltsun t\u0259dbird\u0259 \u00e7\u0131x\u0131\u015f\u0131 g\u00f6zl\u0259nilir.<\/p>\n<p>Xat\u0131rladaq ki, Az\u0259rbaycan lideri Almaniya Kansleri Olaf \u015eoltsun d\u0259v\u0259ti il\u0259 aprelin 25-d\u0259 Almaniyaya i\u015fg\u00fczar s\u0259f\u0259r edib. \u0130lham \u018fliyevin s\u0259f\u0259r \u00e7\u0259r\u00e7iv\u0259sind\u0259 Almaniya Prezidenti Frank Valter-\u015etaynmayer, Kansler Olaf \u015eolts v\u0259 xarici i\u015fl\u0259r naziri Annalena Berbok il\u0259 g\u00f6r\u00fc\u015f\u00fc g\u00f6zl\u0259nilir.<\/p>\n","protected":false},"excerpt":{"rendered":"<p>Az\u0259rbaycan Respublikas\u0131n\u0131n Prezidenti\u00a0\u0130lham \u018fliyev\u00a0Almaniyan\u0131n paytaxt\u0131 Berlind\u0259 ke\u00e7iril\u0259n \u201c15-ci Petersberq \u0130qlim Dialoqu\u201dnun Y\u00fcks\u0259ks\u0259viyy\u0259li Seqmentind\u0259 i\u015ftirak edib. AZ\u018fRTAC\u00a0x\u0259b\u0259r verir ki, d\u00f6vl\u0259timizin ba\u015f\u00e7\u0131s\u0131 t\u0259dbird\u0259 \u00e7\u0131x\u0131\u015f edib. &nbsp; 11:29 Az\u0259rbaycan Respublikas\u0131n\u0131n Prezidenti\u00a0\u0130lham \u018fliyev\u00a0aprelin 26-da Berlind\u0259 ke\u00e7iril\u0259n \u201cXV Petersberq \u0130qlim Dialoqu\u201dnun Y\u00fcks\u0259ks\u0259viyy\u0259li Seqmentind\u0259 \u00e7\u0131x\u0131\u015f edir. \u201cReport\u201dun Berlin\u0259 ezam olunmu\u015f \u0259m\u0259kda\u015f\u0131 x\u0259b\u0259r verir ki, Az\u0259rbaycan lideri \u201cXV Petersberq \u0130qlim Dialoqu\u201dnun ikinci g\u00fcn\u00fcn\u0259 Almaniya Kansleri Olaf \u015eolts il\u0259 birg\u0259 qat\u0131l\u0131b. 11:14 Az\u0259rbaycan Respublikas\u0131n\u0131n Prezidenti\u00a0\u0130lham \u018fliyev\u00a0aprelin 26-da Berlind\u0259 ke\u00e7iril\u0259n \u201cXV Petersberq \u0130qlim Dialoqu\u201dnun Y\u00fcks\u0259ks\u0259viyy\u0259li Seqmentind\u0259 i\u015ftirak edir. Bu bar\u0259d\u0259 \u201cReport\u201dun Berlin\u0259 ezam olunmu\u015f \u0259m\u0259kda\u015f\u0131 x\u0259b\u0259r verir. \u018fvv\u0259lc\u0259 ail\u0259&hellip;<\/p>\n","protected":false},"author":2,"featured_media":715802,"comment_status":"closed","ping_status":"closed","sticky":false,"template":"","format":"standard","meta":{"om_disable_all_campaigns":false,"_monsterinsights_skip_tracking":false,"_monsterinsights_sitenote_active":false,"_monsterinsights_sitenote_note":"","_monsterinsights_sitenote_category":0},"categories":[4],"tags":[],"aioseo_notices":[],"gutentor_comment":0,"rttpg_featured_image_url":{"full":["https:\/\/arantv.az\/wp-content\/uploads\/2024\/04\/1714119453866832091.jpg",620,413,false],"landscape":["https:\/\/arantv.az\/wp-content\/uploads\/2024\/04\/1714119453866832091.jpg",620,413,false],"portraits":["https:\/\/arantv.az\/wp-content\/uploads\/2024\/04\/1714119453866832091.jpg",620,413,false],"thumbnail":["https:\/\/arantv.az\/wp-content\/uploads\/2024\/04\/1714119453866832091-500x280.jpg",500,280,true],"medium":["https:\/\/arantv.az\/wp-content\/uploads\/2024\/04\/1714119453866832091-548x365.jpg",548,365,true],"large":["https:\/\/arantv.az\/wp-content\/uploads\/2024\/04\/1714119453866832091.jpg",620,413,false],"1536x1536":["https:\/\/arantv.az\/wp-content\/uploads\/2024\/04\/1714119453866832091.jpg",620,413,false],"2048x2048":["https:\/\/arantv.az\/wp-content\/uploads\/2024\/04\/1714119453866832091.jpg",620,413,false],"post-thumbnail":["https:\/\/arantv.az\/wp-content\/uploads\/2024\/04\/1714119453866832091-240x172.jpg",240,172,true],"advps-thumb-one":["https:\/\/arantv.az\/wp-content\/uploads\/2024\/04\/1714119453866832091.jpg",620,413,false]},"rttpg_author":{"display_name":"V\u00fcsal Rafiqo\u011flu","author_link":"https:\/\/arantv.az\/?author=2"},"rttpg_comment":0,"rttpg_category":"<a href=\"https:\/\/arantv.az\/?cat=4\" rel=\"category\">Siyas\u0259t<\/a>","rttpg_excerpt":"Az\u0259rbaycan Respublikas\u0131n\u0131n Prezidenti\u00a0\u0130lham \u018fliyev\u00a0Almaniyan\u0131n paytaxt\u0131 Berlind\u0259 ke\u00e7iril\u0259n \u201c15-ci Petersberq \u0130qlim Dialoqu\u201dnun Y\u00fcks\u0259ks\u0259viyy\u0259li Seqmentind\u0259 i\u015ftirak edib. AZ\u018fRTAC\u00a0x\u0259b\u0259r verir ki, d\u00f6vl\u0259timizin ba\u015f\u00e7\u0131s\u0131 t\u0259dbird\u0259 \u00e7\u0131x\u0131\u015f edib. &nbsp; 11:29 Az\u0259rbaycan Respublikas\u0131n\u0131n Prezidenti\u00a0\u0130lham \u018fliyev\u00a0aprelin 26-da Berlind\u0259 ke\u00e7iril\u0259n \u201cXV Petersberq \u0130qlim Dialoqu\u201dnun Y\u00fcks\u0259ks\u0259viyy\u0259li Seqmentind\u0259 \u00e7\u0131x\u0131\u015f edir. \u201cReport\u201dun Berlin\u0259 ezam olunmu\u015f \u0259m\u0259kda\u015f\u0131 x\u0259b\u0259r verir ki, Az\u0259rbaycan lideri \u201cXV Petersberq \u0130qlim Dialoqu\u201dnun ikinci&hellip;","_links":{"self":[{"href":"https:\/\/arantv.az\/index.php?rest_route=\/wp\/v2\/posts\/715801"}],"collection":[{"href":"https:\/\/arantv.az\/index.php?rest_route=\/wp\/v2\/posts"}],"about":[{"href":"https:\/\/arantv.az\/index.php?rest_route=\/wp\/v2\/types\/post"}],"author":[{"embeddable":true,"href":"https:\/\/arantv.az\/index.php?rest_route=\/wp\/v2\/users\/2"}],"replies":[{"embeddable":true,"href":"https:\/\/arantv.az\/index.php?rest_route=%2Fwp%2Fv2%2Fcomments&post=715801"}],"version-history":[{"count":0,"href":"https:\/\/arantv.az\/index.php?rest_route=\/wp\/v2\/posts\/715801\/revisions"}],"wp:featuredmedia":[{"embeddable":true,"href":"https:\/\/arantv.az\/index.php?rest_route=\/wp\/v2\/media\/715802"}],"wp:attachment":[{"href":"https:\/\/arantv.az\/index.php?rest_route=%2Fwp%2Fv2%2Fmedia&parent=715801"}],"wp:term":[{"taxonomy":"category","embeddable":true,"href":"https:\/\/arantv.az\/index.php?rest_route=%2Fwp%2Fv2%2Fcategories&post=715801"},{"taxonomy":"post_tag","embeddable":true,"href":"https:\/\/arantv.az\/index.php?rest_route=%2Fwp%2Fv2%2Ftags&post=715801"}],"curies":[{"name":"wp","href":"https:\/\/api.w.org\/{rel}","templated":true}]}}