{"id":715804,"date":"2024-04-26T13:15:05","date_gmt":"2024-04-26T09:15:05","guid":{"rendered":"https:\/\/arantv.az\/?p=715804"},"modified":"2024-04-26T13:15:05","modified_gmt":"2024-04-26T09:15:05","slug":"sahibkarlar-gunun%c9%99-h%c9%99sr-olunmus-konfrans-kecirilib-foto","status":"publish","type":"post","link":"https:\/\/arantv.az\/?p=715804","title":{"rendered":"\u201cSahibkarlar G\u00fcn\u00fc\u201dn\u0259 h\u0259sr olunmu\u015f konfrans ke\u00e7irilib &#8211; FOTO"},"content":{"rendered":"<p>\u201cAz\u0259rbaycan\u0131n sosial-iqtisadi inki\u015faf\u0131n\u0131n yeni d\u00f6vr\u00fc\u201d m\u00f6vzusunda konfrans\u0131n i\u015ftirak\u00e7\u0131lar\u0131 ad\u0131ndan Az\u0259rbaycan Respublikas\u0131n\u0131n Prezidenti\u00a0<strong>\u0130lham \u018fliyev\u0259\u00a0<\/strong>m\u00fcraci\u0259t q\u0259bul olunub.<\/p>\n<p>M\u0259lum oldu\u011fu kimi 22 il bundan \u0259vv\u0259l &#8211; 2002-ci ilin 25 aprel tarixind\u0259 \u00fcmummilli lider Heyd\u0259r \u018fliyevin yerli sahibkarlarla, may ay\u0131nda is\u0259 xarici i\u015f adamlar\u0131 il\u0259 tarixi g\u00f6r\u00fc\u015fl\u0259ri olub. Az\u0259rbaycan Respublikas\u0131n\u0131n Prezidenti \u0130lham \u018fliyevin 2016-c\u0131 il 21 aprel tarixli S\u0259r\u0259ncam\u0131 il\u0259 25 aprel tarixi art\u0131q doqquz ildir ki, \u00f6lk\u0259mizd\u0259 \u201cSahibkarlar G\u00fcn\u00fc\u201d kimi qeyd olunur.<\/p>\n<p>\u201cSahibkarlar g\u00fcn\u00fc\u201d v\u0259 Az\u0259rbaycan Sahibkarlar Konfederasiyas\u0131n\u0131n yaranmas\u0131n\u0131n 25 illiyi il\u0259 ba\u011fl\u0131 aprelin 25-d\u0259 \u201cG\u00fcl\u00fcstan\u201d saray\u0131nda \u0130qtisadiyyat Nazirliyinin d\u0259st\u0259yi, Ki\u00e7ik v\u0259 Orta Biznesin \u0130nki\u015faf\u0131 Agentliyinin (KOB\u0130A) v\u0259 Az\u0259rbaycan Sahibkarlar (\u0130\u015f\u0259g\u00f6t\u00fcr\u0259nl\u0259r) T\u0259\u015fkilatlar\u0131 Milli Konfederasiyas\u0131n\u0131n (ASK) t\u0259\u015fkilat\u00e7\u0131l\u0131\u011f\u0131 il\u0259 \u201cAz\u0259rbaycan\u0131n sosial-iqtisadi inki\u015faf\u0131n\u0131n yeni d\u00f6vr\u00fc\u201d m\u00f6vzusunda Konfrans ke\u00e7irilib.<\/p>\n<p>\u018fvv\u0259lc\u0259 t\u0259dbir i\u015ftirak\u00e7\u0131lar\u0131 F\u0259xri xiyabanda \u00fcmummilli lider Heyd\u0259r \u018fliyevin m\u0259zar\u0131n\u0131 ziyar\u0259t edib, xatir\u0259sini ehtiramla anaraq abid\u0259si \u00f6n\u00fcn\u0259 \u0259klil qoyublar. Konfrans i\u015ftirak\u00e7\u0131lar\u0131, h\u0259m\u00e7inin\u00a0\u015e\u0259hidl\u0259r xiyaban\u0131nda Az\u0259rbaycan\u0131n m\u00fcst\u0259qilliyi v\u0259 \u0259razi b\u00fct\u00f6vl\u00fcy\u00fc u\u011frunda canlar\u0131ndan ke\u00e7mi\u015f q\u0259hr\u0259manlar\u0131m\u0131z\u0131n xatir\u0259sini ehtiramla yad edib, \u201c\u018fb\u0259di M\u0259\u015f\u0259l\u201d kompleksin\u0259 \u0259klil qoyublar.<\/p>\n<p>Konfrans \u00f6z i\u015fin\u0259 Az\u0259rbaycan\u0131n d\u00f6vl\u0259t himninin s\u0259sl\u0259nm\u0259si v\u0259 Az\u0259rbaycan\u0131n \u0259razi b\u00fct\u00f6vl\u00fcy\u00fc u\u011frunda can\u0131ndan ke\u00e7mi\u015f \u015f\u0259hidl\u0259rimizin \u0259ziz xatir\u0259sinin bir d\u0259qiq\u0259lik s\u00fckutla yad olunmas\u0131 il\u0259 ba\u015flay\u0131b.<\/p>\n<p>T\u0259dbird\u0259 aidiyy\u0259ti d\u00f6vl\u0259t qurumlar\u0131n\u0131n r\u0259hb\u0259r \u015f\u0259xsl\u0259ri, sahibkarlar\u0131n ictimai birlikl\u0259rinin n\u00fcmay\u0259nd\u0259l\u0259ri, el\u0259c\u0259 d\u0259 m\u00fcxt\u0259lif sah\u0259l\u0259rd\u0259 f\u0259aliyy\u0259t g\u00f6st\u0259r\u0259n i\u015f adamlar\u0131 i\u015ftirak edibl\u0259r.<\/p>\n<p>\u0130qtisadiyyat naziri Mikay\u0131l Cabbarov konfrans i\u015ftirak\u00e7\u0131lar\u0131na video m\u00fcraci\u0259t \u00fcnvanlay\u0131b, \u0259m\u0259k v\u0259 \u0259halinin sosial m\u00fcdafi\u0259si naziri Sahil Babayev, iqtisadiyyat nazirinin birinci m\u00fcavini Elnur \u018fliyev, KOB\u0130A-n\u0131n \u0130dar\u0259 Hey\u0259tinin s\u0259dri Orxan M\u0259mm\u0259dov, Az\u0259rbaycan Sahibkarlar (\u0130\u015f\u0259g\u00f6t\u00fcr\u0259nl\u0259r) T\u0259\u015fkilatlar\u0131 Milli Konfederasiyas\u0131n\u0131n prezidenti M\u0259mm\u0259d Musayev, \u201cH\u00fcn\u0259r Qrup\u201d \u015firk\u0259tinin t\u0259sis\u00e7isi v\u0259 ba\u015f direktoru Ehtiram Quliyev \u00e7\u0131x\u0131\u015f edibl\u0259r. \u00c7\u0131x\u0131\u015flarda \u00f6lk\u0259mizd\u0259 bazar m\u00fcnasib\u0259tl\u0259ri prinsipl\u0259ri \u0259sas\u0131nda iqtisadiyyat\u0131n, o c\u00fcml\u0259d\u0259n, \u00f6z\u0259l sektorun formala\u015fmas\u0131 v\u0259 inki\u015faf\u0131nda ulu \u00f6nd\u0259rin rolu, bu siyas\u0259tin Az\u0259rbaycan Respublikas\u0131n\u0131n Prezidenti \u0130lham \u018fliyevin r\u0259hb\u0259rliyi il\u0259 u\u011furla davam etdirilm\u0259si, \u00f6z\u0259l sektorun inki\u015faf\u0131, sahibkarlar\u0131n sosial rifah v\u0259 m\u0259\u015f\u011fulluqda rolu, ki\u00e7ik v\u0259 orta biznesin inki\u015faf\u0131n\u0131n prioritetliyi, d\u00f6vl\u0259t-\u00f6z\u0259l dialoqunun \u0259h\u0259miyy\u0259ti bar\u0259d\u0259 m\u0259lumat verilib.<\/p>\n<p>T\u0259dbird\u0259 sahibkarl\u0131\u011f\u0131n inki\u015faf\u0131na v\u0259 ASK-n\u0131n 25 illiyin\u0259 dair filml\u0259r n\u00fcmayi\u015f olunub, d\u00f6vl\u0259t-\u00f6z\u0259l dialoqunun inki\u015faf\u0131na verdiyi t\u00f6hf\u0259y\u0259 g\u00f6r\u0259 bir qrup sahibkar m\u00fckafatland\u0131r\u0131l\u0131b.<\/p>\n<p>Konfrans\u0131n sonunda Prezident \u0130lham \u018fliyev\u0259 konfrans i\u015ftirak\u00e7\u0131lar\u0131 ad\u0131ndan m\u00fcraci\u0259t q\u0259bul olunub.<\/p>\n<p>T\u0259dbir b\u0259dii hiss\u0259 il\u0259 ba\u015fa \u00e7at\u0131b.<\/p>\n<p>&nbsp;<\/p>\n<div class=\"gallery\">\n<div class=\"gallery-i\"><img src=\"https:\/\/cdn.oxu.az\/uploads\/W1siZiIsIjIwMjQvMDQvMjYvMTEvMTYvMTEvMDBmNmU0Y2MtZDYwNy00NWVmLWE2MDMtNmI1YzMyYTVhMzVkLzguanBnIl0sWyJwIiwiZW5jb2RlIiwianBnIiwiLXF1YWxpdHkgODAiXSxbInAiLCJ0aHVtYiIsIjU5MHg1OTBcdTAwM2UiXV0?sha=9c612301cd91cdb1\" alt=\"\" \/><\/p>\n<div class=\"gallery-i-caption\"><\/div>\n<\/div>\n<div class=\"gallery-i\"><img src=\"https:\/\/cdn.oxu.az\/uploads\/W1siZiIsIjIwMjQvMDQvMjYvMTEvMTYvMTEvYmEzMDNmNjYtMWUxMy00MmNmLWFlMWMtMzcwZDRkNGUzNzNjLzcuanBnIl0sWyJwIiwiZW5jb2RlIiwianBnIiwiLXF1YWxpdHkgODAiXSxbInAiLCJ0aHVtYiIsIjU5MHg1OTBcdTAwM2UiXV0?sha=4cf4df3848fdb0e9\" alt=\"\" \/><\/p>\n<div class=\"gallery-i-caption\"><\/div>\n<\/div>\n<div class=\"gallery-i\"><img src=\"https:\/\/cdn.oxu.az\/uploads\/W1siZiIsIjIwMjQvMDQvMjYvMTEvMTYvMTIvN2E0ZjVjN2MtYTM0MC00NDQ0LWIzNmItNWUwNTcyYzU0MmIzLzYuanBnIl0sWyJwIiwiZW5jb2RlIiwianBnIiwiLXF1YWxpdHkgODAiXSxbInAiLCJ0aHVtYiIsIjU5MHg1OTBcdTAwM2UiXV0?sha=52c94f6a868542a7\" alt=\"\" \/><\/p>\n<div class=\"gallery-i-caption\"><\/div>\n<\/div>\n<div class=\"gallery-i\"><img src=\"https:\/\/cdn.oxu.az\/uploads\/W1siZiIsIjIwMjQvMDQvMjYvMTEvMTYvMTIvYWRjZjNlZWMtY2JjYi00YWQ5LTgzMmUtYWNjYWRlYWVhNDdlLzUuanBnIl0sWyJwIiwiZW5jb2RlIiwianBnIiwiLXF1YWxpdHkgODAiXSxbInAiLCJ0aHVtYiIsIjU5MHg1OTBcdTAwM2UiXV0?sha=8097dcbddbe203bf\" alt=\"\" \/><\/p>\n<div class=\"gallery-i-caption\"><\/div>\n<\/div>\n<div class=\"gallery-i\"><img src=\"https:\/\/cdn.oxu.az\/uploads\/W1siZiIsIjIwMjQvMDQvMjYvMTEvMTYvMTIvMTU5OWYxNzctZWI3Ni00YjY5LTljMWUtOTg2MDIyMzU5OGZkLzMuanBnIl0sWyJwIiwiZW5jb2RlIiwianBnIiwiLXF1YWxpdHkgODAiXSxbInAiLCJ0aHVtYiIsIjU5MHg1OTBcdTAwM2UiXV0?sha=1cf38b22dd2f2310\" alt=\"\" \/><\/p>\n<div class=\"gallery-i-caption\"><\/div>\n<\/div>\n<div class=\"gallery-i\"><img src=\"https:\/\/cdn.oxu.az\/uploads\/W1siZiIsIjIwMjQvMDQvMjYvMTEvMTYvMTIvMDJhZTdhZWMtZGJlNy00YWQyLTkxZjMtOTYyYjU3ZWRkNDFkLzQuanBnIl0sWyJwIiwiZW5jb2RlIiwianBnIiwiLXF1YWxpdHkgODAiXSxbInAiLCJ0aHVtYiIsIjU5MHg1OTBcdTAwM2UiXV0?sha=0f2756095f807d40\" alt=\"\" \/><\/p>\n<div class=\"gallery-i-caption\"><\/div>\n<\/div>\n<div class=\"gallery-i\"><img src=\"https:\/\/cdn.oxu.az\/uploads\/W1siZiIsIjIwMjQvMDQvMjYvMTEvMTYvMTIvYzg5YjllMmUtNDE1My00MzBjLWI4ZjctZWJjNDBjZWQzZjI0LzIuanBnIl0sWyJwIiwiZW5jb2RlIiwianBnIiwiLXF1YWxpdHkgODAiXSxbInAiLCJ0aHVtYiIsIjU5MHg1OTBcdTAwM2UiXV0?sha=0499c68a5fcb92a2\" alt=\"\" \/><\/p>\n<div class=\"gallery-i-caption\"><\/div>\n<\/div>\n<div class=\"gallery-i\"><img src=\"https:\/\/cdn.oxu.az\/uploads\/W1siZiIsIjIwMjQvMDQvMjYvMTEvMTYvMTIvODlmNTNkNzEtMjVlNy00ZjIwLWI0YjktMWM1M2RiNmQyMWI5LzEuanBnIl0sWyJwIiwiZW5jb2RlIiwianBnIiwiLXF1YWxpdHkgODAiXSxbInAiLCJ0aHVtYiIsIjU5MHg1OTBcdTAwM2UiXV0?sha=dd6cd877883766a7\" alt=\"\" \/><\/p>\n<div class=\"gallery-i-caption\"><\/div>\n<\/div>\n<div class=\"gallery-i\"><img src=\"https:\/\/cdn.oxu.az\/uploads\/W1siZiIsIjIwMjQvMDQvMjYvMTEvMTYvMTIvZjc0OWMzYzUtMjQwNC00NGFlLWFiZDEtMmFjZWFhNThmZTc1LzEyLmpwZyJdLFsicCIsImVuY29kZSIsImpwZyIsIi1xdWFsaXR5IDgwIl0sWyJwIiwidGh1bWIiLCI1OTB4NTkwXHUwMDNlIl1d?sha=f17d63c4feb6ddc3\" alt=\"\" \/><\/p>\n<div class=\"gallery-i-caption\"><\/div>\n<\/div>\n<div class=\"gallery-i\"><img src=\"https:\/\/cdn.oxu.az\/uploads\/W1siZiIsIjIwMjQvMDQvMjYvMTEvMTYvMTIvY2I3ZmJhODAtZTIxZi00ODk3LWEzNjQtMGRiMDNlMWI4ODc1LzExLmpwZyJdLFsicCIsImVuY29kZSIsImpwZyIsIi1xdWFsaXR5IDgwIl0sWyJwIiwidGh1bWIiLCI1OTB4NTkwXHUwMDNlIl1d?sha=6d7a87492b62c300\" alt=\"\" \/><\/p>\n<div class=\"gallery-i-caption\"><\/div>\n<\/div>\n<div class=\"gallery-i\"><img src=\"https:\/\/cdn.oxu.az\/uploads\/W1siZiIsIjIwMjQvMDQvMjYvMTEvMTYvMTIvNzkwMDNjNmYtMzExMi00ZGIyLTkyZjQtNjJmOWE3ODAzOWQzLzEwLmpwZyJdLFsicCIsImVuY29kZSIsImpwZyIsIi1xdWFsaXR5IDgwIl0sWyJwIiwidGh1bWIiLCI1OTB4NTkwXHUwMDNlIl1d?sha=9361c2fd0526327b\" alt=\"\" \/><\/p>\n<div class=\"gallery-i-caption\"><\/div>\n<\/div>\n<div class=\"gallery-i\"><img src=\"https:\/\/cdn.oxu.az\/uploads\/W1siZiIsIjIwMjQvMDQvMjYvMTEvMTYvMTMvMWYyZGYzNzgtMWFkYS00YjAxLWI0MGYtYTczNzIwYmNkNDk3LzkuanBnIl0sWyJwIiwiZW5jb2RlIiwianBnIiwiLXF1YWxpdHkgODAiXSxbInAiLCJ0aHVtYiIsIjU5MHg1OTBcdTAwM2UiXV0?sha=205eb3cd62b768a4\" alt=\"\" \/><\/div>\n<\/div>\n","protected":false},"excerpt":{"rendered":"<p>\u201cAz\u0259rbaycan\u0131n sosial-iqtisadi inki\u015faf\u0131n\u0131n yeni d\u00f6vr\u00fc\u201d m\u00f6vzusunda konfrans\u0131n i\u015ftirak\u00e7\u0131lar\u0131 ad\u0131ndan Az\u0259rbaycan Respublikas\u0131n\u0131n Prezidenti\u00a0\u0130lham \u018fliyev\u0259\u00a0m\u00fcraci\u0259t q\u0259bul olunub. M\u0259lum oldu\u011fu kimi 22 il bundan \u0259vv\u0259l &#8211; 2002-ci ilin 25 aprel tarixind\u0259 \u00fcmummilli lider Heyd\u0259r \u018fliyevin yerli sahibkarlarla, may ay\u0131nda is\u0259 xarici i\u015f adamlar\u0131 il\u0259 tarixi g\u00f6r\u00fc\u015fl\u0259ri olub. Az\u0259rbaycan Respublikas\u0131n\u0131n Prezidenti \u0130lham \u018fliyevin 2016-c\u0131 il 21 aprel tarixli S\u0259r\u0259ncam\u0131 il\u0259 25 aprel tarixi art\u0131q doqquz ildir ki, \u00f6lk\u0259mizd\u0259 \u201cSahibkarlar G\u00fcn\u00fc\u201d kimi qeyd olunur. \u201cSahibkarlar g\u00fcn\u00fc\u201d v\u0259 Az\u0259rbaycan Sahibkarlar Konfederasiyas\u0131n\u0131n yaranmas\u0131n\u0131n 25 illiyi il\u0259 ba\u011fl\u0131 aprelin 25-d\u0259 \u201cG\u00fcl\u00fcstan\u201d saray\u0131nda \u0130qtisadiyyat Nazirliyinin d\u0259st\u0259yi, Ki\u00e7ik v\u0259 Orta&hellip;<\/p>\n","protected":false},"author":2,"featured_media":715805,"comment_status":"closed","ping_status":"closed","sticky":false,"template":"","format":"standard","meta":{"om_disable_all_campaigns":false,"_monsterinsights_skip_tracking":false,"_monsterinsights_sitenote_active":false,"_monsterinsights_sitenote_note":"","_monsterinsights_sitenote_category":0},"categories":[4],"tags":[],"aioseo_notices":[],"gutentor_comment":0,"rttpg_featured_image_url":{"full":["https:\/\/arantv.az\/wp-content\/uploads\/2024\/04\/2-5.jpg",620,413,false],"landscape":["https:\/\/arantv.az\/wp-content\/uploads\/2024\/04\/2-5.jpg",620,413,false],"portraits":["https:\/\/arantv.az\/wp-content\/uploads\/2024\/04\/2-5.jpg",620,413,false],"thumbnail":["https:\/\/arantv.az\/wp-content\/uploads\/2024\/04\/2-5-500x280.jpg",500,280,true],"medium":["https:\/\/arantv.az\/wp-content\/uploads\/2024\/04\/2-5-548x365.jpg",548,365,true],"large":["https:\/\/arantv.az\/wp-content\/uploads\/2024\/04\/2-5.jpg",620,413,false],"1536x1536":["https:\/\/arantv.az\/wp-content\/uploads\/2024\/04\/2-5.jpg",620,413,false],"2048x2048":["https:\/\/arantv.az\/wp-content\/uploads\/2024\/04\/2-5.jpg",620,413,false],"post-thumbnail":["https:\/\/arantv.az\/wp-content\/uploads\/2024\/04\/2-5-240x172.jpg",240,172,true],"advps-thumb-one":["https:\/\/arantv.az\/wp-content\/uploads\/2024\/04\/2-5.jpg",620,413,false]},"rttpg_author":{"display_name":"V\u00fcsal Rafiqo\u011flu","author_link":"https:\/\/arantv.az\/?author=2"},"rttpg_comment":0,"rttpg_category":"<a href=\"https:\/\/arantv.az\/?cat=4\" rel=\"category\">Siyas\u0259t<\/a>","rttpg_excerpt":"\u201cAz\u0259rbaycan\u0131n sosial-iqtisadi inki\u015faf\u0131n\u0131n yeni d\u00f6vr\u00fc\u201d m\u00f6vzusunda konfrans\u0131n i\u015ftirak\u00e7\u0131lar\u0131 ad\u0131ndan Az\u0259rbaycan Respublikas\u0131n\u0131n Prezidenti\u00a0\u0130lham \u018fliyev\u0259\u00a0m\u00fcraci\u0259t q\u0259bul olunub. M\u0259lum oldu\u011fu kimi 22 il bundan \u0259vv\u0259l &#8211; 2002-ci ilin 25 aprel tarixind\u0259 \u00fcmummilli lider Heyd\u0259r \u018fliyevin yerli sahibkarlarla, may ay\u0131nda is\u0259 xarici i\u015f adamlar\u0131 il\u0259 tarixi g\u00f6r\u00fc\u015fl\u0259ri olub. Az\u0259rbaycan Respublikas\u0131n\u0131n Prezidenti \u0130lham \u018fliyevin 2016-c\u0131 il 21 aprel tarixli S\u0259r\u0259ncam\u0131&hellip;","_links":{"self":[{"href":"https:\/\/arantv.az\/index.php?rest_route=\/wp\/v2\/posts\/715804"}],"collection":[{"href":"https:\/\/arantv.az\/index.php?rest_route=\/wp\/v2\/posts"}],"about":[{"href":"https:\/\/arantv.az\/index.php?rest_route=\/wp\/v2\/types\/post"}],"author":[{"embeddable":true,"href":"https:\/\/arantv.az\/index.php?rest_route=\/wp\/v2\/users\/2"}],"replies":[{"embeddable":true,"href":"https:\/\/arantv.az\/index.php?rest_route=%2Fwp%2Fv2%2Fcomments&post=715804"}],"version-history":[{"count":0,"href":"https:\/\/arantv.az\/index.php?rest_route=\/wp\/v2\/posts\/715804\/revisions"}],"wp:featuredmedia":[{"embeddable":true,"href":"https:\/\/arantv.az\/index.php?rest_route=\/wp\/v2\/media\/715805"}],"wp:attachment":[{"href":"https:\/\/arantv.az\/index.php?rest_route=%2Fwp%2Fv2%2Fmedia&parent=715804"}],"wp:term":[{"taxonomy":"category","embeddable":true,"href":"https:\/\/arantv.az\/index.php?rest_route=%2Fwp%2Fv2%2Fcategories&post=715804"},{"taxonomy":"post_tag","embeddable":true,"href":"https:\/\/arantv.az\/index.php?rest_route=%2Fwp%2Fv2%2Ftags&post=715804"}],"curies":[{"name":"wp","href":"https:\/\/api.w.org\/{rel}","templated":true}]}}