{"id":715808,"date":"2024-04-26T13:15:37","date_gmt":"2024-04-26T09:15:37","guid":{"rendered":"https:\/\/arantv.az\/?p=715808"},"modified":"2024-04-26T13:15:37","modified_gmt":"2024-04-26T09:15:37","slug":"deputat-az%c9%99rbaycanda-%c9%99lilliyin-t%c9%99yin-edilm%c9%99si-il%c9%99-bagli-bosluq-var-foto","status":"publish","type":"post","link":"https:\/\/arantv.az\/?p=715808","title":{"rendered":"Deputat: \u201cAz\u0259rbaycanda \u0259lilliyin t\u0259yin edilm\u0259si il\u0259 ba\u011fl\u0131 bo\u015fluq var\u201d &#8211; FOTO"},"content":{"rendered":"<p>\u201cAz\u0259rbaycanda \u0259lilliyin t\u0259yin edilm\u0259si il\u0259 ba\u011fl\u0131 h\u0259l\u0259 d\u0259 m\u00fc\u0259yy\u0259n bo\u015fluq v\u0259 probleml\u0259r var\u201d.<\/p>\n<p>\u201cReport\u201d\u00a0x\u0259b\u0259r verir ki, bu fikirl\u0259ri deputat Jal\u0259 \u018fliyeva parlamentin \u018fm\u0259k v\u0259 sosial siyas\u0259t komit\u0259sinin bug\u00fcnk\u00fc iclas\u0131nda \u00e7\u0131x\u0131\u015f\u0131 zaman\u0131 deyib.<\/p>\n<p><img src=\"https:\/\/cdn.oxu.az\/uploads\/W1siZiIsIjIwMjQvMDQvMjYvMTAvMzUvMzQvZGI3OWUzNmQtNWU5Ny00ZjZmLWIyYzYtZTFhZDhmMzEzZmEzLzVuNXdHMmxGTGZuUHRZSURGelNUSlVST1NJbFdrR0hERjdva1B0QWwuanBnIl0sWyJwIiwiZW5jb2RlIiwianBnIiwiLXF1YWxpdHkgODAiXSxbInAiLCJ0aHVtYiIsIjU5MHg1OTBcdTAwM2UiXV0?sha=6740cd41b9b3e63e\" alt=\"\" \/>Bu sah\u0259d\u0259 d\u00f6vl\u0259tin apard\u0131\u011f\u0131 siyas\u0259tl\u0259 b\u00f6y\u00fck u\u011furlar\u0131n \u0259ld\u0259 edildiyini xat\u0131rladan deputat bildirib ki, h\u0259l\u0259 d\u0259 bu m\u0259s\u0259l\u0259l\u0259rl\u0259 ba\u011fl\u0131 onlarla m\u0259ktub daxil olur:<\/p>\n<p>\u201cT\u0259klif edir\u0259m ki, bu q\u0259bild\u0259n olan probleml\u0259r Ombudsman institutu t\u0259r\u0259find\u0259n n\u0259zar\u0259t\u0259 g\u00f6t\u00fcr\u00fcls\u00fcn\u201d.<\/p>\n","protected":false},"excerpt":{"rendered":"<p>\u201cAz\u0259rbaycanda \u0259lilliyin t\u0259yin edilm\u0259si il\u0259 ba\u011fl\u0131 h\u0259l\u0259 d\u0259 m\u00fc\u0259yy\u0259n bo\u015fluq v\u0259 probleml\u0259r var\u201d. \u201cReport\u201d\u00a0x\u0259b\u0259r verir ki, bu fikirl\u0259ri deputat Jal\u0259 \u018fliyeva parlamentin \u018fm\u0259k v\u0259 sosial siyas\u0259t komit\u0259sinin bug\u00fcnk\u00fc iclas\u0131nda \u00e7\u0131x\u0131\u015f\u0131 zaman\u0131 deyib. Bu sah\u0259d\u0259 d\u00f6vl\u0259tin apard\u0131\u011f\u0131 siyas\u0259tl\u0259 b\u00f6y\u00fck u\u011furlar\u0131n \u0259ld\u0259 edildiyini xat\u0131rladan deputat bildirib ki, h\u0259l\u0259 d\u0259 bu m\u0259s\u0259l\u0259l\u0259rl\u0259 ba\u011fl\u0131 onlarla m\u0259ktub daxil olur: \u201cT\u0259klif edir\u0259m ki, bu q\u0259bild\u0259n olan probleml\u0259r Ombudsman institutu t\u0259r\u0259find\u0259n n\u0259zar\u0259t\u0259 g\u00f6t\u00fcr\u00fcls\u00fcn\u201d.<\/p>\n","protected":false},"author":2,"featured_media":715809,"comment_status":"closed","ping_status":"closed","sticky":false,"template":"","format":"standard","meta":{"om_disable_all_campaigns":false,"_monsterinsights_skip_tracking":false,"_monsterinsights_sitenote_active":false,"_monsterinsights_sitenote_note":"","_monsterinsights_sitenote_category":0},"categories":[1],"tags":[],"aioseo_notices":[],"gutentor_comment":0,"rttpg_featured_image_url":{"full":["https:\/\/arantv.az\/wp-content\/uploads\/2024\/04\/e0e37f40-c7e4-366d-82f5-abca644f634c_850.jpg",620,413,false],"landscape":["https:\/\/arantv.az\/wp-content\/uploads\/2024\/04\/e0e37f40-c7e4-366d-82f5-abca644f634c_850.jpg",620,413,false],"portraits":["https:\/\/arantv.az\/wp-content\/uploads\/2024\/04\/e0e37f40-c7e4-366d-82f5-abca644f634c_850.jpg",620,413,false],"thumbnail":["https:\/\/arantv.az\/wp-content\/uploads\/2024\/04\/e0e37f40-c7e4-366d-82f5-abca644f634c_850-500x280.jpg",500,280,true],"medium":["https:\/\/arantv.az\/wp-content\/uploads\/2024\/04\/e0e37f40-c7e4-366d-82f5-abca644f634c_850-548x365.jpg",548,365,true],"large":["https:\/\/arantv.az\/wp-content\/uploads\/2024\/04\/e0e37f40-c7e4-366d-82f5-abca644f634c_850.jpg",620,413,false],"1536x1536":["https:\/\/arantv.az\/wp-content\/uploads\/2024\/04\/e0e37f40-c7e4-366d-82f5-abca644f634c_850.jpg",620,413,false],"2048x2048":["https:\/\/arantv.az\/wp-content\/uploads\/2024\/04\/e0e37f40-c7e4-366d-82f5-abca644f634c_850.jpg",620,413,false],"post-thumbnail":["https:\/\/arantv.az\/wp-content\/uploads\/2024\/04\/e0e37f40-c7e4-366d-82f5-abca644f634c_850-240x172.jpg",240,172,true],"advps-thumb-one":["https:\/\/arantv.az\/wp-content\/uploads\/2024\/04\/e0e37f40-c7e4-366d-82f5-abca644f634c_850.jpg",620,413,false]},"rttpg_author":{"display_name":"V\u00fcsal Rafiqo\u011flu","author_link":"https:\/\/arantv.az\/?author=2"},"rttpg_comment":0,"rttpg_category":"<a href=\"https:\/\/arantv.az\/?cat=1\" rel=\"category\">C\u0259miyy\u0259t<\/a>","rttpg_excerpt":"\u201cAz\u0259rbaycanda \u0259lilliyin t\u0259yin edilm\u0259si il\u0259 ba\u011fl\u0131 h\u0259l\u0259 d\u0259 m\u00fc\u0259yy\u0259n bo\u015fluq v\u0259 probleml\u0259r var\u201d. \u201cReport\u201d\u00a0x\u0259b\u0259r verir ki, bu fikirl\u0259ri deputat Jal\u0259 \u018fliyeva parlamentin \u018fm\u0259k v\u0259 sosial siyas\u0259t komit\u0259sinin bug\u00fcnk\u00fc iclas\u0131nda \u00e7\u0131x\u0131\u015f\u0131 zaman\u0131 deyib. Bu sah\u0259d\u0259 d\u00f6vl\u0259tin apard\u0131\u011f\u0131 siyas\u0259tl\u0259 b\u00f6y\u00fck u\u011furlar\u0131n \u0259ld\u0259 edildiyini xat\u0131rladan deputat bildirib ki, h\u0259l\u0259 d\u0259 bu m\u0259s\u0259l\u0259l\u0259rl\u0259 ba\u011fl\u0131 onlarla m\u0259ktub daxil olur: \u201cT\u0259klif&hellip;","_links":{"self":[{"href":"https:\/\/arantv.az\/index.php?rest_route=\/wp\/v2\/posts\/715808"}],"collection":[{"href":"https:\/\/arantv.az\/index.php?rest_route=\/wp\/v2\/posts"}],"about":[{"href":"https:\/\/arantv.az\/index.php?rest_route=\/wp\/v2\/types\/post"}],"author":[{"embeddable":true,"href":"https:\/\/arantv.az\/index.php?rest_route=\/wp\/v2\/users\/2"}],"replies":[{"embeddable":true,"href":"https:\/\/arantv.az\/index.php?rest_route=%2Fwp%2Fv2%2Fcomments&post=715808"}],"version-history":[{"count":0,"href":"https:\/\/arantv.az\/index.php?rest_route=\/wp\/v2\/posts\/715808\/revisions"}],"wp:featuredmedia":[{"embeddable":true,"href":"https:\/\/arantv.az\/index.php?rest_route=\/wp\/v2\/media\/715809"}],"wp:attachment":[{"href":"https:\/\/arantv.az\/index.php?rest_route=%2Fwp%2Fv2%2Fmedia&parent=715808"}],"wp:term":[{"taxonomy":"category","embeddable":true,"href":"https:\/\/arantv.az\/index.php?rest_route=%2Fwp%2Fv2%2Fcategories&post=715808"},{"taxonomy":"post_tag","embeddable":true,"href":"https:\/\/arantv.az\/index.php?rest_route=%2Fwp%2Fv2%2Ftags&post=715808"}],"curies":[{"name":"wp","href":"https:\/\/api.w.org\/{rel}","templated":true}]}}