{"id":715818,"date":"2024-04-26T13:17:44","date_gmt":"2024-04-26T09:17:44","guid":{"rendered":"https:\/\/arantv.az\/?p=715818"},"modified":"2024-04-26T13:17:44","modified_gmt":"2024-04-26T09:17:44","slug":"erm%c9%99nistan-v%c9%99-az%c9%99rbaycan-xin-r%c9%99hb%c9%99rl%c9%99rinin-qazaxistanda-gorusu-bas-tuta-bil%c9%99r","status":"publish","type":"post","link":"https:\/\/arantv.az\/?p=715818","title":{"rendered":"Erm\u0259nistan v\u0259 Az\u0259rbaycan X\u0130N r\u0259hb\u0259rl\u0259rinin Qazax\u0131standa g\u00f6r\u00fc\u015f\u00fc ba\u015f tuta bil\u0259r"},"content":{"rendered":"<p>\u201cErm\u0259nistan v\u0259 Az\u0259rbaycan\u0131n xarici i\u015fl\u0259r nazirl\u0259ri aras\u0131nda Qazax\u0131stan\u0131n t\u0259klifi il\u0259 g\u00f6r\u00fc\u015f\u00fcn t\u0259\u015fkili n\u0259z\u0259rd\u0259n ke\u00e7irilir, lakin d\u0259qiq tarix h\u0259l\u0259 raz\u0131la\u015fd\u0131r\u0131lmay\u0131b\u201d.<\/p>\n<p>Bunu Erm\u0259nistan\u0131n Xarici \u0130\u015fl\u0259r Nazirliyinin m\u0259tbuat katibi Ani Badalyan bildirib.<\/p>\n<p>O qeyd edib ki, Erm\u0259nistan C\u0259nubi Qafqazda davaml\u0131 s\u00fclh\u00fcn \u0259ld\u0259 edilm\u0259sin\u0259 y\u00f6n\u0259lmi\u015f vasit\u0259\u00e7ilik s\u0259yl\u0259rini v\u0259 ist\u0259nil\u0259n dan\u0131\u015f\u0131q platformalar\u0131n\u0131 d\u0259st\u0259kl\u0259yir.<\/p>\n<p>\u201cQazax\u0131stan t\u0259r\u0259finin t\u0259klifi il\u0259 Erm\u0259nistan v\u0259 Az\u0259rbaycan xarici i\u015fl\u0259r nazirl\u0259rinin m\u00fcmk\u00fcn g\u00f6r\u00fc\u015f\u00fcn\u00fcn tarixi bar\u0259d\u0259 raz\u0131l\u0131\u011fa g\u0259l\u0259n kimi m\u0259lumat ver\u0259c\u0259yik\u201d, &#8211; Erm\u0259nistan X\u0130N s\u00f6z\u00e7\u00fcs\u00fc qeyd edib.<\/p>\n<p>M\u0259nb\u0259: Armenpress<\/p>\n","protected":false},"excerpt":{"rendered":"<p>\u201cErm\u0259nistan v\u0259 Az\u0259rbaycan\u0131n xarici i\u015fl\u0259r nazirl\u0259ri aras\u0131nda Qazax\u0131stan\u0131n t\u0259klifi il\u0259 g\u00f6r\u00fc\u015f\u00fcn t\u0259\u015fkili n\u0259z\u0259rd\u0259n ke\u00e7irilir, lakin d\u0259qiq tarix h\u0259l\u0259 raz\u0131la\u015fd\u0131r\u0131lmay\u0131b\u201d. Bunu Erm\u0259nistan\u0131n Xarici \u0130\u015fl\u0259r Nazirliyinin m\u0259tbuat katibi Ani Badalyan bildirib. O qeyd edib ki, Erm\u0259nistan C\u0259nubi Qafqazda davaml\u0131 s\u00fclh\u00fcn \u0259ld\u0259 edilm\u0259sin\u0259 y\u00f6n\u0259lmi\u015f vasit\u0259\u00e7ilik s\u0259yl\u0259rini v\u0259 ist\u0259nil\u0259n dan\u0131\u015f\u0131q platformalar\u0131n\u0131 d\u0259st\u0259kl\u0259yir. \u201cQazax\u0131stan t\u0259r\u0259finin t\u0259klifi il\u0259 Erm\u0259nistan v\u0259 Az\u0259rbaycan xarici i\u015fl\u0259r nazirl\u0259rinin m\u00fcmk\u00fcn g\u00f6r\u00fc\u015f\u00fcn\u00fcn tarixi bar\u0259d\u0259 raz\u0131l\u0131\u011fa g\u0259l\u0259n kimi m\u0259lumat ver\u0259c\u0259yik\u201d, &#8211; Erm\u0259nistan X\u0130N s\u00f6z\u00e7\u00fcs\u00fc qeyd edib. M\u0259nb\u0259: Armenpress<\/p>\n","protected":false},"author":2,"featured_media":715819,"comment_status":"closed","ping_status":"closed","sticky":false,"template":"","format":"standard","meta":{"om_disable_all_campaigns":false,"_monsterinsights_skip_tracking":false,"_monsterinsights_sitenote_active":false,"_monsterinsights_sitenote_note":"","_monsterinsights_sitenote_category":0},"categories":[4],"tags":[],"aioseo_notices":[],"gutentor_comment":0,"rttpg_featured_image_url":{"full":["https:\/\/arantv.az\/wp-content\/uploads\/2024\/04\/440341118_422391377169598_3143803106814036227_n.jpg",620,413,false],"landscape":["https:\/\/arantv.az\/wp-content\/uploads\/2024\/04\/440341118_422391377169598_3143803106814036227_n.jpg",620,413,false],"portraits":["https:\/\/arantv.az\/wp-content\/uploads\/2024\/04\/440341118_422391377169598_3143803106814036227_n.jpg",620,413,false],"thumbnail":["https:\/\/arantv.az\/wp-content\/uploads\/2024\/04\/440341118_422391377169598_3143803106814036227_n-500x280.jpg",500,280,true],"medium":["https:\/\/arantv.az\/wp-content\/uploads\/2024\/04\/440341118_422391377169598_3143803106814036227_n-548x365.jpg",548,365,true],"large":["https:\/\/arantv.az\/wp-content\/uploads\/2024\/04\/440341118_422391377169598_3143803106814036227_n.jpg",620,413,false],"1536x1536":["https:\/\/arantv.az\/wp-content\/uploads\/2024\/04\/440341118_422391377169598_3143803106814036227_n.jpg",620,413,false],"2048x2048":["https:\/\/arantv.az\/wp-content\/uploads\/2024\/04\/440341118_422391377169598_3143803106814036227_n.jpg",620,413,false],"post-thumbnail":["https:\/\/arantv.az\/wp-content\/uploads\/2024\/04\/440341118_422391377169598_3143803106814036227_n-240x172.jpg",240,172,true],"advps-thumb-one":["https:\/\/arantv.az\/wp-content\/uploads\/2024\/04\/440341118_422391377169598_3143803106814036227_n.jpg",620,413,false]},"rttpg_author":{"display_name":"V\u00fcsal Rafiqo\u011flu","author_link":"https:\/\/arantv.az\/?author=2"},"rttpg_comment":0,"rttpg_category":"<a href=\"https:\/\/arantv.az\/?cat=4\" rel=\"category\">Siyas\u0259t<\/a>","rttpg_excerpt":"\u201cErm\u0259nistan v\u0259 Az\u0259rbaycan\u0131n xarici i\u015fl\u0259r nazirl\u0259ri aras\u0131nda Qazax\u0131stan\u0131n t\u0259klifi il\u0259 g\u00f6r\u00fc\u015f\u00fcn t\u0259\u015fkili n\u0259z\u0259rd\u0259n ke\u00e7irilir, lakin d\u0259qiq tarix h\u0259l\u0259 raz\u0131la\u015fd\u0131r\u0131lmay\u0131b\u201d. Bunu Erm\u0259nistan\u0131n Xarici \u0130\u015fl\u0259r Nazirliyinin m\u0259tbuat katibi Ani Badalyan bildirib. O qeyd edib ki, Erm\u0259nistan C\u0259nubi Qafqazda davaml\u0131 s\u00fclh\u00fcn \u0259ld\u0259 edilm\u0259sin\u0259 y\u00f6n\u0259lmi\u015f vasit\u0259\u00e7ilik s\u0259yl\u0259rini v\u0259 ist\u0259nil\u0259n dan\u0131\u015f\u0131q platformalar\u0131n\u0131 d\u0259st\u0259kl\u0259yir. \u201cQazax\u0131stan t\u0259r\u0259finin t\u0259klifi il\u0259 Erm\u0259nistan v\u0259 Az\u0259rbaycan&hellip;","_links":{"self":[{"href":"https:\/\/arantv.az\/index.php?rest_route=\/wp\/v2\/posts\/715818"}],"collection":[{"href":"https:\/\/arantv.az\/index.php?rest_route=\/wp\/v2\/posts"}],"about":[{"href":"https:\/\/arantv.az\/index.php?rest_route=\/wp\/v2\/types\/post"}],"author":[{"embeddable":true,"href":"https:\/\/arantv.az\/index.php?rest_route=\/wp\/v2\/users\/2"}],"replies":[{"embeddable":true,"href":"https:\/\/arantv.az\/index.php?rest_route=%2Fwp%2Fv2%2Fcomments&post=715818"}],"version-history":[{"count":0,"href":"https:\/\/arantv.az\/index.php?rest_route=\/wp\/v2\/posts\/715818\/revisions"}],"wp:featuredmedia":[{"embeddable":true,"href":"https:\/\/arantv.az\/index.php?rest_route=\/wp\/v2\/media\/715819"}],"wp:attachment":[{"href":"https:\/\/arantv.az\/index.php?rest_route=%2Fwp%2Fv2%2Fmedia&parent=715818"}],"wp:term":[{"taxonomy":"category","embeddable":true,"href":"https:\/\/arantv.az\/index.php?rest_route=%2Fwp%2Fv2%2Fcategories&post=715818"},{"taxonomy":"post_tag","embeddable":true,"href":"https:\/\/arantv.az\/index.php?rest_route=%2Fwp%2Fv2%2Ftags&post=715818"}],"curies":[{"name":"wp","href":"https:\/\/api.w.org\/{rel}","templated":true}]}}