{"id":715831,"date":"2024-04-26T13:21:10","date_gmt":"2024-04-26T09:21:10","guid":{"rendered":"https:\/\/arantv.az\/?p=715831"},"modified":"2024-04-26T13:21:10","modified_gmt":"2024-04-26T09:21:10","slug":"niim-%c9%99haliy%c9%99-muraci%c9%99t-etdi-video","status":"publish","type":"post","link":"https:\/\/arantv.az\/?p=715831","title":{"rendered":"N\u0130\u0130M \u0259haliy\u0259 m\u00fcraci\u0259t etdi &#8211; V\u0130DEO"},"content":{"rendered":"<article class=\"news\">\n<div class=\"news-inner\">\n<p>Daxili \u0130\u015fl\u0259r Nazirliyinin N\u0259qliyyat\u0131 \u0130ntellektual \u0130dar\u0259etm\u0259 M\u0259rk\u0259zi \u0259haliy\u0259 m\u00fcraci\u0259t edib.<\/p>\n<p>Bu bar\u0259d\u0259\u00a0<strong>Oxu.Az<\/strong>-a m\u0259rk\u0259zind\u0259n bildirilib.<\/p>\n<p>\u201cT\u0259\u0259ss\u00fcf ki, paytaxt \u0259razisind\u0259 bir \u00e7ox hallarda piyadalar yax\u0131nla\u015fmaqda olan n\u0259qliyyat vasit\u0259l\u0259rinin qar\u015f\u0131s\u0131na \u00e7\u0131x\u0131rlar, yeralt\u0131 v\u0259 yer\u00fcst\u00fc ke\u00e7idl\u0259rd\u0259n istifad\u0259 etmirl\u0259r, avtomobilin tam dayanma\u011f\u0131na \u0259min olmadan yolu ke\u00e7m\u0259y\u0259 \u00e7al\u0131\u015f\u0131rlar.<\/p>\n<p>\u018fn ac\u0131nacaql\u0131 v\u0259ziyy\u0259t is\u0259, x\u00fcsusil\u0259 d\u0259 ax\u015fam saatlar\u0131nda piyadalar\u0131n \u00e7oxzolaql\u0131 v\u0259\u00a0 h\u0259r\u0259k\u0259tin intensiv oldu\u011fu k\u00fc\u00e7\u0259 v\u0259 prospektl\u0259rd\u0259 yolu ke\u00e7m\u0259si il\u0259 ba\u011fl\u0131d\u0131r. T\u0259bii ki, b\u0259z\u0259n sonu faci\u0259 il\u0259 n\u0259tic\u0259l\u0259n\u0259n bel\u0259 yol-n\u0259qliyyat hadis\u0259l\u0259ri yollarda s\u0131xl\u0131\u011f\u0131n yaranmas\u0131na da s\u0259b\u0259b olur.<\/p>\n<p>N\u0259qliyyat\u0131 \u0130ntellektual \u0130dar\u0259etm\u0259 M\u0259rk\u0259zi olaraq h\u0259m s\u00fcr\u00fcc\u00fcl\u0259rin, h\u0259m d\u0259 piyadalar\u0131n n\u0259z\u0259rl\u0259rin\u0259 \u00e7atd\u0131rmaq ist\u0259yirik ki, piyadalar yolu ke\u00e7\u0259rk\u0259n diqq\u0259tli olmal\u0131, s\u00fcr\u00fcc\u00fcl\u0259r is\u0259 s\u00fcr\u0259t h\u0259ddin\u0259 v\u0259 yol ni\u015fanlar\u0131n\u0131n t\u0259l\u0259bl\u0259rin\u0259 \u0259m\u0259l etm\u0259li, \u00fcmumilikd\u0259 is\u0259 h\u0259r iki t\u0259r\u0259f h\u0259r an, h\u0259r yerd\u0259 ehtiyat\u0131 \u0259ld\u0259n verm\u0259m\u0259lidirl\u0259r\u201d, &#8211; dey\u0259 qurumdan bildirilib.<\/p>\n<div>\n<div><iframe loading=\"lazy\" src=\"https:\/\/baku.tv\/embed\/134650\" width=\"560\" height=\"315\" frameborder=\"0\" allowfullscreen=\"allowfullscreen\" data-mce-fragment=\"1\"><\/iframe><\/div>\n<\/div>\n<\/div>\n<\/article>\n","protected":false},"excerpt":{"rendered":"<p>Daxili \u0130\u015fl\u0259r Nazirliyinin N\u0259qliyyat\u0131 \u0130ntellektual \u0130dar\u0259etm\u0259 M\u0259rk\u0259zi \u0259haliy\u0259 m\u00fcraci\u0259t edib. Bu bar\u0259d\u0259\u00a0Oxu.Az-a m\u0259rk\u0259zind\u0259n bildirilib. \u201cT\u0259\u0259ss\u00fcf ki, paytaxt \u0259razisind\u0259 bir \u00e7ox hallarda piyadalar yax\u0131nla\u015fmaqda olan n\u0259qliyyat vasit\u0259l\u0259rinin qar\u015f\u0131s\u0131na \u00e7\u0131x\u0131rlar, yeralt\u0131 v\u0259 yer\u00fcst\u00fc ke\u00e7idl\u0259rd\u0259n istifad\u0259 etmirl\u0259r, avtomobilin tam dayanma\u011f\u0131na \u0259min olmadan yolu ke\u00e7m\u0259y\u0259 \u00e7al\u0131\u015f\u0131rlar. \u018fn ac\u0131nacaql\u0131 v\u0259ziyy\u0259t is\u0259, x\u00fcsusil\u0259 d\u0259 ax\u015fam saatlar\u0131nda piyadalar\u0131n \u00e7oxzolaql\u0131 v\u0259\u00a0 h\u0259r\u0259k\u0259tin intensiv oldu\u011fu k\u00fc\u00e7\u0259 v\u0259 prospektl\u0259rd\u0259 yolu ke\u00e7m\u0259si il\u0259 ba\u011fl\u0131d\u0131r. T\u0259bii ki, b\u0259z\u0259n sonu faci\u0259 il\u0259 n\u0259tic\u0259l\u0259n\u0259n bel\u0259 yol-n\u0259qliyyat hadis\u0259l\u0259ri yollarda s\u0131xl\u0131\u011f\u0131n yaranmas\u0131na da s\u0259b\u0259b olur. N\u0259qliyyat\u0131 \u0130ntellektual \u0130dar\u0259etm\u0259 M\u0259rk\u0259zi olaraq h\u0259m s\u00fcr\u00fcc\u00fcl\u0259rin, h\u0259m d\u0259 piyadalar\u0131n n\u0259z\u0259rl\u0259rin\u0259&hellip;<\/p>\n","protected":false},"author":2,"featured_media":715832,"comment_status":"closed","ping_status":"closed","sticky":false,"template":"","format":"standard","meta":{"om_disable_all_campaigns":false,"_monsterinsights_skip_tracking":false,"_monsterinsights_sitenote_active":false,"_monsterinsights_sitenote_note":"","_monsterinsights_sitenote_category":0},"categories":[1],"tags":[],"aioseo_notices":[],"gutentor_comment":0,"rttpg_featured_image_url":{"full":["https:\/\/arantv.az\/wp-content\/uploads\/2024\/04\/438064943_7149645845161781_2956706679579351069_n.jpg",620,413,false],"landscape":["https:\/\/arantv.az\/wp-content\/uploads\/2024\/04\/438064943_7149645845161781_2956706679579351069_n.jpg",620,413,false],"portraits":["https:\/\/arantv.az\/wp-content\/uploads\/2024\/04\/438064943_7149645845161781_2956706679579351069_n.jpg",620,413,false],"thumbnail":["https:\/\/arantv.az\/wp-content\/uploads\/2024\/04\/438064943_7149645845161781_2956706679579351069_n-500x280.jpg",500,280,true],"medium":["https:\/\/arantv.az\/wp-content\/uploads\/2024\/04\/438064943_7149645845161781_2956706679579351069_n-548x365.jpg",548,365,true],"large":["https:\/\/arantv.az\/wp-content\/uploads\/2024\/04\/438064943_7149645845161781_2956706679579351069_n.jpg",620,413,false],"1536x1536":["https:\/\/arantv.az\/wp-content\/uploads\/2024\/04\/438064943_7149645845161781_2956706679579351069_n.jpg",620,413,false],"2048x2048":["https:\/\/arantv.az\/wp-content\/uploads\/2024\/04\/438064943_7149645845161781_2956706679579351069_n.jpg",620,413,false],"post-thumbnail":["https:\/\/arantv.az\/wp-content\/uploads\/2024\/04\/438064943_7149645845161781_2956706679579351069_n-240x172.jpg",240,172,true],"advps-thumb-one":["https:\/\/arantv.az\/wp-content\/uploads\/2024\/04\/438064943_7149645845161781_2956706679579351069_n.jpg",620,413,false]},"rttpg_author":{"display_name":"V\u00fcsal Rafiqo\u011flu","author_link":"https:\/\/arantv.az\/?author=2"},"rttpg_comment":0,"rttpg_category":"<a href=\"https:\/\/arantv.az\/?cat=1\" rel=\"category\">C\u0259miyy\u0259t<\/a>","rttpg_excerpt":"Daxili \u0130\u015fl\u0259r Nazirliyinin N\u0259qliyyat\u0131 \u0130ntellektual \u0130dar\u0259etm\u0259 M\u0259rk\u0259zi \u0259haliy\u0259 m\u00fcraci\u0259t edib. Bu bar\u0259d\u0259\u00a0Oxu.Az-a m\u0259rk\u0259zind\u0259n bildirilib. \u201cT\u0259\u0259ss\u00fcf ki, paytaxt \u0259razisind\u0259 bir \u00e7ox hallarda piyadalar yax\u0131nla\u015fmaqda olan n\u0259qliyyat vasit\u0259l\u0259rinin qar\u015f\u0131s\u0131na \u00e7\u0131x\u0131rlar, yeralt\u0131 v\u0259 yer\u00fcst\u00fc ke\u00e7idl\u0259rd\u0259n istifad\u0259 etmirl\u0259r, avtomobilin tam dayanma\u011f\u0131na \u0259min olmadan yolu ke\u00e7m\u0259y\u0259 \u00e7al\u0131\u015f\u0131rlar. \u018fn ac\u0131nacaql\u0131 v\u0259ziyy\u0259t is\u0259, x\u00fcsusil\u0259 d\u0259 ax\u015fam saatlar\u0131nda piyadalar\u0131n \u00e7oxzolaql\u0131 v\u0259\u00a0 h\u0259r\u0259k\u0259tin intensiv&hellip;","_links":{"self":[{"href":"https:\/\/arantv.az\/index.php?rest_route=\/wp\/v2\/posts\/715831"}],"collection":[{"href":"https:\/\/arantv.az\/index.php?rest_route=\/wp\/v2\/posts"}],"about":[{"href":"https:\/\/arantv.az\/index.php?rest_route=\/wp\/v2\/types\/post"}],"author":[{"embeddable":true,"href":"https:\/\/arantv.az\/index.php?rest_route=\/wp\/v2\/users\/2"}],"replies":[{"embeddable":true,"href":"https:\/\/arantv.az\/index.php?rest_route=%2Fwp%2Fv2%2Fcomments&post=715831"}],"version-history":[{"count":0,"href":"https:\/\/arantv.az\/index.php?rest_route=\/wp\/v2\/posts\/715831\/revisions"}],"wp:featuredmedia":[{"embeddable":true,"href":"https:\/\/arantv.az\/index.php?rest_route=\/wp\/v2\/media\/715832"}],"wp:attachment":[{"href":"https:\/\/arantv.az\/index.php?rest_route=%2Fwp%2Fv2%2Fmedia&parent=715831"}],"wp:term":[{"taxonomy":"category","embeddable":true,"href":"https:\/\/arantv.az\/index.php?rest_route=%2Fwp%2Fv2%2Fcategories&post=715831"},{"taxonomy":"post_tag","embeddable":true,"href":"https:\/\/arantv.az\/index.php?rest_route=%2Fwp%2Fv2%2Ftags&post=715831"}],"curies":[{"name":"wp","href":"https:\/\/api.w.org\/{rel}","templated":true}]}}