{"id":715837,"date":"2024-04-26T13:23:22","date_gmt":"2024-04-26T09:23:22","guid":{"rendered":"https:\/\/arantv.az\/?p=715837"},"modified":"2024-04-26T13:23:22","modified_gmt":"2024-04-26T09:23:22","slug":"icma-avropa-parlamentinin-az%c9%99rbaycana-qarsi-sanksiyalar-t%c9%99tbiq-etm%c9%99y%c9%99-cagiran-q%c9%99tnam%c9%99sini-pisl%c9%99yib","status":"publish","type":"post","link":"https:\/\/arantv.az\/?p=715837","title":{"rendered":"\u0130cma Avropa Parlamentinin Az\u0259rbaycana qar\u015f\u0131 sanksiyalar t\u0259tbiq etm\u0259y\u0259 \u00e7a\u011f\u0131ran q\u0259tnam\u0259sini pisl\u0259yib"},"content":{"rendered":"<p>Q\u0259rbi Az\u0259rbaycan \u0130cmas\u0131 Avropa Parlamentinin Avropa \u0130ttifaq\u0131n\u0131 Az\u0259rbaycana qar\u015f\u0131 sanksiyalar t\u0259tbiq etm\u0259y\u0259 \u00e7a\u011f\u0131ran q\u0259tnam\u0259sini pisl\u0259yib.<\/p>\n<p><strong>ARANTV.AZ<\/strong>\u00a0x\u0259b\u0259r verir ki, b\u0259yanatda deyilir:<\/p>\n<p>\u201cEyni m\u0259rk\u0259zd\u0259n idar\u0259 olunan m\u0259lum b\u0259dxah xarici dair\u0259l\u0259r son g\u00fcnl\u0259r \u201cinsan h\u00fcquqlar\u0131\u201d b\u0259han\u0259si il\u0259 Az\u0259rbaycana qar\u015f\u0131 s\u0259lib y\u00fcr\u00fc\u015fl\u0259rini intensivl\u0259\u015fdirmi\u015fdir. AB\u015e konqresind\u0259 v\u0259 d\u00f6vl\u0259t departamenti t\u0259r\u0259find\u0259n bu h\u0259ft\u0259 at\u0131lm\u0131\u015f anti-Az\u0259rbaycan add\u0131mlar\u0131n ard\u0131nca Avropa Parlamenti 25 aprel tarixind\u0259 q\u0259r\u0259z v\u0259 b\u00f6htan dolu akt q\u0259bul etmi\u015fdir. Guya az\u0259rbaycanl\u0131lar\u0131n insan h\u00fcquqlar\u0131n\u0131n qeydin\u0259 qalan iki\u00fczl\u00fc Avropa parlamentaril\u0259ri s\u00f6z\u00fcged\u0259n q\u0259tnam\u0259 il\u0259 Avropa \u0130ttifaq\u0131n\u0131 Az\u0259rbaycana qar\u015f\u0131 sanksiyalar t\u0259tbiq etm\u0259y\u0259 \u00e7a\u011f\u0131rm\u0131\u015fd\u0131r.<\/p>\n<p>G\u00f6r\u0259s\u0259n \u00f6t\u0259n 30 ild\u0259 Erm\u0259nistan Az\u0259rbaycan \u0259razil\u0259rini i\u015f\u011fal edib y\u00fcz minl\u0259rl\u0259 az\u0259rbaycanl\u0131n\u0131 etnik t\u0259mizl\u0259m\u0259y\u0259 m\u0259ruz qoyanda, 30 min\u0259 yax\u0131n az\u0259rbaycanl\u0131n\u0131 q\u0259tl\u0259 yetir\u0259nd\u0259 onlar\u0131n h\u00fcquqlar\u0131 Avropa Parlamentinin yad\u0131na niy\u0259 d\u00fc\u015fm\u00fcrd\u00fc? Erm\u0259nistan\u0131n \u00f6z \u0259razisind\u0259n qovdu\u011fu 300 min az\u0259rbaycanl\u0131n\u0131n \u00f6z evin\u0259 qay\u0131tmas\u0131na imkan verm\u0259m\u0259si v\u0259 Q\u0259rbi Az\u0259rbaycan \u0130cmas\u0131n\u0131n dialoq \u00e7a\u011f\u0131r\u0131\u015f\u0131na m\u0259h\u0259l qoymamas\u0131 Avropa Parlamentini niy\u0259 he\u00e7 narahat etmir?<\/p>\n<p>B\u00fct\u00fcn bunlar onu s\u00fcbut edir ki, Avropa Parlamentinin son add\u0131mlar\u0131n\u0131n \u0259sl s\u0259b\u0259bi insan h\u00fcquqlar\u0131 deyil, Az\u0259rbaycan\u0131n \u00f6z \u0259razi b\u00fct\u00f6vl\u00fcy\u00fcn\u00fc b\u0259rpa etm\u0259sini h\u0259zm ed\u0259 bilm\u0259m\u0259sidir.<\/p>\n<p>\u018fg\u0259r Avropa Parlamenti sanksiyalar yolu il\u0259 insan h\u00fcquqlar\u0131n\u0131 t\u0259\u015fviq etm\u0259k ist\u0259yirdis\u0259, onda milyondan art\u0131q az\u0259rbaycanl\u0131n\u0131n t\u0259m\u0259l h\u00fcququnu pozmu\u015f Erm\u0259nistana qar\u015f\u0131 sanksiyalar t\u0259tbiq etm\u0259y\u0259 \u00e7al\u0131\u015fmal\u0131 idi. Q\u0259rbi Az\u0259rbaycan \u0130cmas\u0131 Avropa Parlamentind\u0259n ayr\u0131-se\u00e7kilik siyas\u0259tind\u0259n, regionda v\u0259ziyy\u0259ti g\u0259rginl\u0259\u015fdir\u0259n add\u0131mlardan v\u0259 insan h\u00fcquqlar\u0131 kimi ali d\u0259y\u0259rd\u0259n sui-istifad\u0259 c\u0259hdl\u0259rind\u0259n \u0259l \u00e7\u0259km\u0259yi v\u0259 Erm\u0259nistandan qovulmu\u015f az\u0259rbaycanl\u0131lar\u0131n qay\u0131d\u0131\u015f h\u00fcququna h\u00f6rm\u0259t etm\u0259yi t\u0259l\u0259b edir\u201d.<\/p>\n","protected":false},"excerpt":{"rendered":"<p>Q\u0259rbi Az\u0259rbaycan \u0130cmas\u0131 Avropa Parlamentinin Avropa \u0130ttifaq\u0131n\u0131 Az\u0259rbaycana qar\u015f\u0131 sanksiyalar t\u0259tbiq etm\u0259y\u0259 \u00e7a\u011f\u0131ran q\u0259tnam\u0259sini pisl\u0259yib. ARANTV.AZ\u00a0x\u0259b\u0259r verir ki, b\u0259yanatda deyilir: \u201cEyni m\u0259rk\u0259zd\u0259n idar\u0259 olunan m\u0259lum b\u0259dxah xarici dair\u0259l\u0259r son g\u00fcnl\u0259r \u201cinsan h\u00fcquqlar\u0131\u201d b\u0259han\u0259si il\u0259 Az\u0259rbaycana qar\u015f\u0131 s\u0259lib y\u00fcr\u00fc\u015fl\u0259rini intensivl\u0259\u015fdirmi\u015fdir. AB\u015e konqresind\u0259 v\u0259 d\u00f6vl\u0259t departamenti t\u0259r\u0259find\u0259n bu h\u0259ft\u0259 at\u0131lm\u0131\u015f anti-Az\u0259rbaycan add\u0131mlar\u0131n ard\u0131nca Avropa Parlamenti 25 aprel tarixind\u0259 q\u0259r\u0259z v\u0259 b\u00f6htan dolu akt q\u0259bul etmi\u015fdir. Guya az\u0259rbaycanl\u0131lar\u0131n insan h\u00fcquqlar\u0131n\u0131n qeydin\u0259 qalan iki\u00fczl\u00fc Avropa parlamentaril\u0259ri s\u00f6z\u00fcged\u0259n q\u0259tnam\u0259 il\u0259 Avropa \u0130ttifaq\u0131n\u0131 Az\u0259rbaycana qar\u015f\u0131 sanksiyalar t\u0259tbiq etm\u0259y\u0259 \u00e7a\u011f\u0131rm\u0131\u015fd\u0131r. G\u00f6r\u0259s\u0259n \u00f6t\u0259n 30 ild\u0259 Erm\u0259nistan Az\u0259rbaycan \u0259razil\u0259rini&hellip;<\/p>\n","protected":false},"author":2,"featured_media":715393,"comment_status":"closed","ping_status":"closed","sticky":false,"template":"","format":"standard","meta":{"om_disable_all_campaigns":false,"_monsterinsights_skip_tracking":false,"_monsterinsights_sitenote_active":false,"_monsterinsights_sitenote_note":"","_monsterinsights_sitenote_category":0},"categories":[4],"tags":[],"aioseo_notices":[],"gutentor_comment":0,"rttpg_featured_image_url":{"full":["https:\/\/arantv.az\/wp-content\/uploads\/2024\/04\/qerbi_azerbaycan_icmasi1696528551.jpg",800,533,false],"landscape":["https:\/\/arantv.az\/wp-content\/uploads\/2024\/04\/qerbi_azerbaycan_icmasi1696528551.jpg",800,533,false],"portraits":["https:\/\/arantv.az\/wp-content\/uploads\/2024\/04\/qerbi_azerbaycan_icmasi1696528551.jpg",800,533,false],"thumbnail":["https:\/\/arantv.az\/wp-content\/uploads\/2024\/04\/qerbi_azerbaycan_icmasi1696528551-500x280.jpg",500,280,true],"medium":["https:\/\/arantv.az\/wp-content\/uploads\/2024\/04\/qerbi_azerbaycan_icmasi1696528551-548x365.jpg",548,365,true],"large":["https:\/\/arantv.az\/wp-content\/uploads\/2024\/04\/qerbi_azerbaycan_icmasi1696528551.jpg",640,426,false],"1536x1536":["https:\/\/arantv.az\/wp-content\/uploads\/2024\/04\/qerbi_azerbaycan_icmasi1696528551.jpg",800,533,false],"2048x2048":["https:\/\/arantv.az\/wp-content\/uploads\/2024\/04\/qerbi_azerbaycan_icmasi1696528551.jpg",800,533,false],"post-thumbnail":["https:\/\/arantv.az\/wp-content\/uploads\/2024\/04\/qerbi_azerbaycan_icmasi1696528551-240x172.jpg",240,172,true],"advps-thumb-one":["https:\/\/arantv.az\/wp-content\/uploads\/2024\/04\/qerbi_azerbaycan_icmasi1696528551.jpg",800,533,false]},"rttpg_author":{"display_name":"V\u00fcsal Rafiqo\u011flu","author_link":"https:\/\/arantv.az\/?author=2"},"rttpg_comment":0,"rttpg_category":"<a href=\"https:\/\/arantv.az\/?cat=4\" rel=\"category\">Siyas\u0259t<\/a>","rttpg_excerpt":"Q\u0259rbi Az\u0259rbaycan \u0130cmas\u0131 Avropa Parlamentinin Avropa \u0130ttifaq\u0131n\u0131 Az\u0259rbaycana qar\u015f\u0131 sanksiyalar t\u0259tbiq etm\u0259y\u0259 \u00e7a\u011f\u0131ran q\u0259tnam\u0259sini pisl\u0259yib. ARANTV.AZ\u00a0x\u0259b\u0259r verir ki, b\u0259yanatda deyilir: \u201cEyni m\u0259rk\u0259zd\u0259n idar\u0259 olunan m\u0259lum b\u0259dxah xarici dair\u0259l\u0259r son g\u00fcnl\u0259r \u201cinsan h\u00fcquqlar\u0131\u201d b\u0259han\u0259si il\u0259 Az\u0259rbaycana qar\u015f\u0131 s\u0259lib y\u00fcr\u00fc\u015fl\u0259rini intensivl\u0259\u015fdirmi\u015fdir. AB\u015e konqresind\u0259 v\u0259 d\u00f6vl\u0259t departamenti t\u0259r\u0259find\u0259n bu h\u0259ft\u0259 at\u0131lm\u0131\u015f anti-Az\u0259rbaycan add\u0131mlar\u0131n ard\u0131nca Avropa Parlamenti 25 aprel&hellip;","_links":{"self":[{"href":"https:\/\/arantv.az\/index.php?rest_route=\/wp\/v2\/posts\/715837"}],"collection":[{"href":"https:\/\/arantv.az\/index.php?rest_route=\/wp\/v2\/posts"}],"about":[{"href":"https:\/\/arantv.az\/index.php?rest_route=\/wp\/v2\/types\/post"}],"author":[{"embeddable":true,"href":"https:\/\/arantv.az\/index.php?rest_route=\/wp\/v2\/users\/2"}],"replies":[{"embeddable":true,"href":"https:\/\/arantv.az\/index.php?rest_route=%2Fwp%2Fv2%2Fcomments&post=715837"}],"version-history":[{"count":0,"href":"https:\/\/arantv.az\/index.php?rest_route=\/wp\/v2\/posts\/715837\/revisions"}],"wp:featuredmedia":[{"embeddable":true,"href":"https:\/\/arantv.az\/index.php?rest_route=\/wp\/v2\/media\/715393"}],"wp:attachment":[{"href":"https:\/\/arantv.az\/index.php?rest_route=%2Fwp%2Fv2%2Fmedia&parent=715837"}],"wp:term":[{"taxonomy":"category","embeddable":true,"href":"https:\/\/arantv.az\/index.php?rest_route=%2Fwp%2Fv2%2Fcategories&post=715837"},{"taxonomy":"post_tag","embeddable":true,"href":"https:\/\/arantv.az\/index.php?rest_route=%2Fwp%2Fv2%2Ftags&post=715837"}],"curies":[{"name":"wp","href":"https:\/\/api.w.org\/{rel}","templated":true}]}}