{"id":715840,"date":"2024-04-26T13:28:26","date_gmt":"2024-04-26T09:28:26","guid":{"rendered":"https:\/\/arantv.az\/?p=715840"},"modified":"2024-04-26T13:28:26","modified_gmt":"2024-04-26T09:28:26","slug":"dostluq-qarsiliqli-anlasma-m%c9%99qs%c9%99dyonluluk","status":"publish","type":"post","link":"https:\/\/arantv.az\/?p=715840","title":{"rendered":"Dostluq, qar\u015f\u0131l\u0131ql\u0131 anla\u015fma, m\u0259qs\u0259dy\u00f6nl\u00fcl\u00fck"},"content":{"rendered":"<p><strong>F\u0259q\u0259t \u015eadlinskaya<\/strong><\/p>\n<p><strong>YAP B\u0259rd\u0259 rayon t\u0259\u015fkilat\u0131n\u0131n s\u0259dri<\/strong><\/p>\n<p>D\u00f6vl\u0259t ba\u015f\u00e7\u0131s\u0131 \u0130lham \u018fliyev bu g\u00fcnl\u0259rd\u0259 Rusiya Federasiyas\u0131na i\u015fg\u00fczar s\u0259f\u0259r etdi. H\u0259r bir s\u0259f\u0259r \u0259laq\u0259l\u0259rin inki\u015faf\u0131nda yeni m\u0259rh\u0259l\u0259nin ba\u015flan\u011f\u0131c\u0131 olmaqla yana\u015f\u0131, mahiyy\u0259ti il\u0259 diqq\u0259td\u0259 olur. Bel\u0259 ki, c\u0259nab \u0130lham \u018fliyev s\u00f6z\u00fcged\u0259n s\u0259f\u0259r \u00e7\u0259r\u00e7iv\u0259sind\u0259 Baykal-Amur Magistral\u0131n\u0131n 50 illik yubileyi m\u00fcnasib\u0259til\u0259 d\u0259mir yolu sah\u0259sinin veteranlar\u0131 v\u0259 i\u015f\u00e7il\u0259ri il\u0259 birg\u0259 g\u00f6r\u00fc\u015f\u00fcnd\u0259 i\u015ftirak etdi. \u0130st\u0259r Rusiya Prezidenti il\u0259 t\u0259kb\u0259t\u0259k, ist\u0259rs\u0259 d\u0259 qeyd etdiyimiz g\u00f6r\u00fc\u015fd\u0259 iki \u00f6lk\u0259 aras\u0131nda \u0259laq\u0259l\u0259rin g\u00fcnd\u0259liyin\u0259 diqq\u0259t yetirildi. Bir daha qeyd edildi ki, \u0259laq\u0259l\u0259rin b\u00fct\u00fcn sah\u0259l\u0259rd\u0259 u\u011furlu inki\u015faf\u0131 \u00fc\u00e7\u00fcn imkanlar m\u00f6vcuddur. Rusiya-Az\u0259rbaycan m\u00fcnasib\u0259tl\u0259ri dostluq, qar\u015f\u0131l\u0131ql\u0131 anla\u015fma, qar\u015f\u0131l\u0131ql\u0131 d\u0259st\u0259k v\u0259 m\u0259qs\u0259dy\u00f6nl\u00fcl\u00fck kimi m\u00f6hk\u0259m t\u0259m\u0259l\u0259 \u0259saslan\u0131r.<\/p>\n<p>\u201cBAM-\u0131n tikintisin\u0259 ba\u015flanmas\u0131n\u0131n yar\u0131m\u0259srlik yubileyi m\u00fcnasib\u0259til\u0259 Az\u0259rbaycan Prezidenti \u0130lham Heyd\u0259r o\u011flu \u018fliyevi \u015f\u0259xs\u0259n t\u0259brik etm\u0259kd\u0259n \u00e7ox m\u0259mnunam. Onun atas\u0131, &#8211; bunu b\u00fct\u00fcn BAM in\u015faat\u00e7\u0131lar\u0131 yax\u015f\u0131 bilir, &#8211; Heyd\u0259r \u018flirza o\u011flu BAM-\u0131n tarixind\u0259 m\u00fcst\u0259sna, b\u00f6y\u00fck rol oynay\u0131b. Heyd\u0259r \u018flirza o\u011flu SSR\u0130 Nazirl\u0259r Soveti s\u0259drinin birinci m\u00fcavini v\u0259zif\u0259sind\u0259 Baykal-Amur Magistral\u0131n\u0131n tikintisin\u0259 r\u0259hb\u0259rlik edir v\u0259 bu \u00e7\u0259tin layih\u0259nin h\u0259yata ke\u00e7irilm\u0259si \u00fc\u00e7\u00fcn \u0259lind\u0259n g\u0259l\u0259ni \u0259sirg\u0259mirdi\u201d s\u00f6yl\u0259y\u0259n Rusiya Prezidenti Vladimir Putin onu da \u0259lav\u0259 etdi ki, bu i\u015fd\u0259 ona b\u00f6y\u00fck bilik v\u0259 t\u0259cr\u00fcb\u0259, idar\u0259\u00e7ilik istedad\u0131, \u0259n m\u00fcr\u0259kk\u0259b probleml\u0259ri h\u0259ll etm\u0259k bacar\u0131\u011f\u0131 v\u0259 \u0259lb\u0259tt\u0259 ki, x\u00fcsusi \u015f\u0259xsi keyfiyy\u0259tl\u0259r, ilk n\u00f6vb\u0259d\u0259, \u00e7al\u0131\u015fd\u0131\u011f\u0131 insanlara qay\u011f\u0131ke\u015f, h\u00f6rm\u0259tli m\u00fcnasib\u0259t k\u00f6m\u0259k etdi v\u0259 o, bu n\u0259h\u0259ng probleml\u0259ri h\u0259ll ed\u0259 bildi. Ulu \u00d6nd\u0259r BAM-\u0131n obyektl\u0259rind\u0259 olmu\u015f, in\u015faat\u00e7\u0131lar, yeni q\u0259s\u0259b\u0259 v\u0259 \u015f\u0259h\u0259rl\u0259rin sakinl\u0259ri il\u0259 s\u00f6hb\u0259t etmi\u015fdi. Rahatl\u0131qla ona yax\u0131nla\u015fa, probleml\u0259rini dan\u0131\u015fa, cari m\u0259s\u0259l\u0259l\u0259ri m\u00fczakir\u0259 ed\u0259 bil\u0259rdin.<\/p>\n<p>Rusiya r\u0259hb\u0259rliyinin, h\u0259m\u00e7inin ictimaiyy\u0259tinin Heyd\u0259r \u018fliyevin xatir\u0259sin\u0259 g\u00f6st\u0259rdikl\u0259ri ehtiram\u0131 Az\u0259rbaycan xalq\u0131n\u0131n y\u00fcks\u0259k qiym\u0259tl\u0259ndirdiyini bildir\u0259n c\u0259nab \u0130lham \u018fliyev\u00a0 qeyd etdi ki, \u00a0Ulu \u00d6nd\u0259r Heyd\u0259r\u00a0 \u018fliyev vaxtil\u0259 \u00dcmumittifaq tikintisi adland\u0131r\u0131lan n\u0259h\u0259ng layih\u0259nin h\u0259yata ke\u00e7irilm\u0259sind\u0259 f\u0259al i\u015ftirak edib v\u0259 onun realla\u015fd\u0131r\u0131lmas\u0131na \u00f6z t\u00f6hf\u0259sini verib. Tarixin m\u00fcxt\u0259lif m\u0259qamlar\u0131 \u00f6lk\u0259l\u0259rimizi, xalqlar\u0131m\u0131z\u0131 daha da yax\u0131nla\u015fd\u0131r\u0131r, m\u00fcnasib\u0259tl\u0259rimizin g\u0259l\u0259c\u0259kd\u0259 d\u0259 ard\u0131c\u0131l inki\u015faf\u0131na t\u00f6hf\u0259 verir. Art\u0131q iki ild\u0259n \u00e7oxdur ki, 2022-ci ilin fevral\u0131nda Kremld\u0259 imzalanm\u0131\u015f \u0259sas siyasi s\u0259n\u0259d olan, g\u0259l\u0259c\u0259kd\u0259 m\u00fcnasib\u0259tl\u0259rimizin ard\u0131c\u0131l inki\u015faf\u0131n\u0131 m\u00fc\u0259yy\u0259n ed\u0259n m\u00fctt\u0259fiqlik qar\u015f\u0131l\u0131ql\u0131 f\u0259aliyy\u0259ti haqq\u0131nda B\u0259yannam\u0259 \u00e7\u0259r\u00e7iv\u0259sind\u0259 i\u015fl\u0259yirik. G\u00fcnd\u0259lik kifay\u0259t q\u0259d\u0259r geni\u015fdir. G\u00fcnd\u0259likd\u0259 n\u0259qliyyat komponenti d\u0259 var. \u00d6lk\u0259l\u0259rimizi v\u0259 t\u0259r\u0259fda\u015flar\u0131m\u0131z\u0131 birl\u0259\u015fdir\u0259n \u201c\u015eimal-C\u0259nub\u201d beyn\u0259lxalq n\u0259qliyyat d\u0259hlizi y\u00fck da\u015f\u0131malar\u0131n\u0131n t\u0259hl\u00fck\u0259sizliyi bax\u0131m\u0131ndan v\u0259 bir \u00e7ox \u00f6lk\u0259l\u0259r aras\u0131nda ticari m\u00fcnasib\u0259tl\u0259ri stimulla\u015fd\u0131rmaq \u00fc\u00e7\u00fcn qlobal \u0259h\u0259miyy\u0259t\u0259 malikdir.<\/p>\n<p>C\u0259nab \u0130lham \u018fliyev qeyd etdi ki, regional t\u0259hl\u00fck\u0259sizlik m\u0259s\u0259l\u0259l\u0259ri h\u0259mi\u015f\u0259 aktuald\u0131r. Rusiya Qafqazda v\u0259 daha geni\u015f co\u011frafiyada regional t\u0259hl\u00fck\u0259sizlik \u00fczr\u0259 \u0259sas \u00f6lk\u0259dir. \u00d6lk\u0259l\u0259rimiz aras\u0131nda \u0259m\u0259kda\u015fl\u0131qdan, qar\u015f\u0131l\u0131ql\u0131 f\u0259aliyy\u0259td\u0259n \u00e7ox \u015fey as\u0131l\u0131d\u0131r. Qar\u015f\u0131l\u0131ql\u0131 f\u0259aliyy\u0259t v\u0259 qar\u015f\u0131l\u0131ql\u0131 maraqlar ruhunda etimad t\u0259dbirl\u0259rinin, \u0259m\u0259kda\u015fl\u0131\u011f\u0131n, qar\u015f\u0131l\u0131ql\u0131 anla\u015fman\u0131n m\u00f6hk\u0259ml\u0259ndirilm\u0259sin\u0259 v\u0259 b\u00fct\u00fcn m\u0259s\u0259l\u0259l\u0259rin nizamlanmas\u0131na \u00e7al\u0131\u015f\u0131r\u0131q. Ulu \u00d6nd\u0259r Heyd\u0259r \u018fliyev amili d\u00f6vl\u0259tl\u0259raras\u0131 m\u00fcnasib\u0259tl\u0259rimizd\u0259 h\u0259mi\u015f\u0259 m\u00fch\u00fcm rol oynay\u0131b v\u0259 oynayacaqd\u0131r. 2000-ci ill\u0259rin \u0259vv\u0259ll\u0259rind\u0259 \u00f6lk\u0259l\u0259rimiz aras\u0131ndak\u0131 dostluq v\u0259 mehriban qon\u015fuluq m\u00fcnasib\u0259tl\u0259rinin \u0259sas\u0131n\u0131 m\u0259hz Vladimir Putin v\u0259 Heyd\u0259r \u018fliyev qoyublar. Ulu \u00d6nd\u0259r sovet d\u00f6vl\u0259tinin h\u0259yata ke\u00e7ir\u0259 bil\u0259c\u0259yi tikintinin miqyas\u0131ndan deyil, ilk n\u00f6vb\u0259d\u0259, \u0259n \u00e7\u0259tin \u015f\u0259raitd\u0259, b\u0259z\u0259n daim donu\u015fluq i\u00e7ind\u0259 olan ke\u00e7ilm\u0259z me\u015f\u0259l\u0259rd\u0259, yolsuzluq \u015f\u0259raitind\u0259 h\u0259yatlar\u0131n\u0131 risk\u0259 atan BAM-\u00e7\u0131lar\u0131n f\u0259dakarl\u0131\u011f\u0131ndan t\u0259sirl\u0259nmi\u015fdi.<\/p>\n<p>Vaxtil\u0259 Az\u0259rbaycan v\u0259 Rusiyan\u0131n vahid ittifaqda yer almas\u0131 \u00f6lk\u0259l\u0259rimiz aras\u0131nda m\u00fcnasib\u0259tl\u0259rin \u00f6z\u00fcn\u0259m\u0259xsus xarakterini formala\u015fd\u0131r\u0131b. M\u00fcst\u0259qillik ill\u0259rind\u0259 \u0259laq\u0259l\u0259r daha da inki\u015faf etdi. M\u00fcst\u0259qil Az\u0259rbaycan v\u0259 Rusiya aras\u0131nda diplomatik \u0259laq\u0259l\u0259r 1992-ci il aprelin 4-d\u0259 quruldu. 1992-ci il sentyabr\u0131n 25-d\u0259 Rusiyan\u0131n Az\u0259rbaycanda s\u0259firliyi f\u0259aliyy\u0259t\u0259 ba\u015flad\u0131. \u00dcmummilli Lider Heyd\u0259r \u018fliyevin Az\u0259rbaycanda siyasi hakimiyy\u0259t\u0259 qay\u0131d\u0131\u015f\u0131ndan sonra \u00f6lk\u0259l\u0259rimiz aras\u0131nda m\u00fcnasib\u0259tl\u0259rin \u0259n y\u00fcks\u0259k s\u0259viyy\u0259d\u0259 inki\u015faf etdirilm\u0259sin\u0259 ba\u015flan\u0131ld\u0131. Prezident \u0130lham \u018fliyev d\u0259 Rusiya il\u0259 ikit\u0259r\u0259fli \u0259laq\u0259l\u0259rin geni\u015fl\u0259ndirilm\u0259sini vacib amil kimi diqq\u0259t m\u0259rk\u0259zind\u0259 saxlay\u0131r. Az\u0259rbaycan Prezidentinin 2004-c\u00fc ilin \u0259vv\u0259ll\u0259rind\u0259 Rusiyaya ilk r\u0259smi s\u0259f\u0259ri bu bax\u0131mdan \u0259lam\u0259tdar oldu. D\u00f6vl\u0259timizin ba\u015f\u00e7\u0131s\u0131n\u0131n Rusiyaya ard\u0131c\u0131l r\u0259smi s\u0259f\u0259rl\u0259ri Az\u0259rbaycan\u0131n \u015fimal qon\u015fumuzla dostluq v\u0259 t\u0259r\u0259fda\u015fl\u0131q \u0259laq\u0259l\u0259rinin inki\u015faf\u0131na verdiyi \u00f6n\u0259mi t\u0259sdiql\u0259yir. 2022-ci il fevral\u0131n 22-d\u0259 Moskvada Az\u0259rbaycan v\u0259 Rusiya prezidentl\u0259ri t\u0259r\u0259find\u0259n imzalanan \u201cAz\u0259rbaycan Respublikas\u0131 il\u0259 Rusiya Federasiyas\u0131 aras\u0131nda m\u00fctt\u0259fiqlik qar\u015f\u0131l\u0131ql\u0131 f\u0259aliyy\u0259ti haqq\u0131nda\u201d B\u0259yannam\u0259 xalqlar\u0131m\u0131z aras\u0131nda tarixi dostluq v\u0259 mehriban qon\u015fuluq \u0259n\u0259n\u0259l\u0259rin\u0259, d\u0259rin m\u0259d\u0259ni v\u0259 humanitar \u0259laq\u0259l\u0259r\u0259 \u0259saslanaraq, d\u00f6vl\u0259tl\u0259raras\u0131 m\u00fcnasib\u0259tl\u0259rimizi keyfiyy\u0259tc\u0259 yeni &#8211; m\u00fctt\u0259fiqlik s\u0259viyy\u0259sin\u0259 qald\u0131rd\u0131. Az\u0259rbaycan-Rusiya \u0259laq\u0259l\u0259rinin inki\u015faf\u0131 \u00fc\u00e7\u00fcn m\u00f6hk\u0259m h\u00fcquqi baza m\u00f6vcuddur.<\/p>\n","protected":false},"excerpt":{"rendered":"<p>F\u0259q\u0259t \u015eadlinskaya YAP B\u0259rd\u0259 rayon t\u0259\u015fkilat\u0131n\u0131n s\u0259dri D\u00f6vl\u0259t ba\u015f\u00e7\u0131s\u0131 \u0130lham \u018fliyev bu g\u00fcnl\u0259rd\u0259 Rusiya Federasiyas\u0131na i\u015fg\u00fczar s\u0259f\u0259r etdi. H\u0259r bir s\u0259f\u0259r \u0259laq\u0259l\u0259rin inki\u015faf\u0131nda yeni m\u0259rh\u0259l\u0259nin ba\u015flan\u011f\u0131c\u0131 olmaqla yana\u015f\u0131, mahiyy\u0259ti il\u0259 diqq\u0259td\u0259 olur. Bel\u0259 ki, c\u0259nab \u0130lham \u018fliyev s\u00f6z\u00fcged\u0259n s\u0259f\u0259r \u00e7\u0259r\u00e7iv\u0259sind\u0259 Baykal-Amur Magistral\u0131n\u0131n 50 illik yubileyi m\u00fcnasib\u0259til\u0259 d\u0259mir yolu sah\u0259sinin veteranlar\u0131 v\u0259 i\u015f\u00e7il\u0259ri il\u0259 birg\u0259 g\u00f6r\u00fc\u015f\u00fcnd\u0259 i\u015ftirak etdi. \u0130st\u0259r Rusiya Prezidenti il\u0259 t\u0259kb\u0259t\u0259k, ist\u0259rs\u0259 d\u0259 qeyd etdiyimiz g\u00f6r\u00fc\u015fd\u0259 iki \u00f6lk\u0259 aras\u0131nda \u0259laq\u0259l\u0259rin g\u00fcnd\u0259liyin\u0259 diqq\u0259t yetirildi. Bir daha qeyd edildi ki, \u0259laq\u0259l\u0259rin b\u00fct\u00fcn sah\u0259l\u0259rd\u0259 u\u011furlu inki\u015faf\u0131 \u00fc\u00e7\u00fcn imkanlar m\u00f6vcuddur. Rusiya-Az\u0259rbaycan m\u00fcnasib\u0259tl\u0259ri dostluq,&hellip;<\/p>\n","protected":false},"author":2,"featured_media":519015,"comment_status":"closed","ping_status":"closed","sticky":false,"template":"","format":"standard","meta":{"om_disable_all_campaigns":false,"_monsterinsights_skip_tracking":false,"_monsterinsights_sitenote_active":false,"_monsterinsights_sitenote_note":"","_monsterinsights_sitenote_category":0},"categories":[2],"tags":[],"aioseo_notices":[],"gutentor_comment":0,"rttpg_featured_image_url":{"full":["https:\/\/arantv.az\/wp-content\/uploads\/2022\/10\/thumb.jpg",360,300,false],"landscape":["https:\/\/arantv.az\/wp-content\/uploads\/2022\/10\/thumb.jpg",360,300,false],"portraits":["https:\/\/arantv.az\/wp-content\/uploads\/2022\/10\/thumb.jpg",360,300,false],"thumbnail":["https:\/\/arantv.az\/wp-content\/uploads\/2022\/10\/thumb-360x280.jpg",360,280,true],"medium":["https:\/\/arantv.az\/wp-content\/uploads\/2022\/10\/thumb.jpg",360,300,false],"large":["https:\/\/arantv.az\/wp-content\/uploads\/2022\/10\/thumb.jpg",360,300,false],"1536x1536":["https:\/\/arantv.az\/wp-content\/uploads\/2022\/10\/thumb.jpg",360,300,false],"2048x2048":["https:\/\/arantv.az\/wp-content\/uploads\/2022\/10\/thumb.jpg",360,300,false],"post-thumbnail":["https:\/\/arantv.az\/wp-content\/uploads\/2022\/10\/thumb-240x172.jpg",240,172,true],"advps-thumb-one":["https:\/\/arantv.az\/wp-content\/uploads\/2022\/10\/thumb.jpg",360,300,false]},"rttpg_author":{"display_name":"V\u00fcsal Rafiqo\u011flu","author_link":"https:\/\/arantv.az\/?author=2"},"rttpg_comment":0,"rttpg_category":"<a href=\"https:\/\/arantv.az\/?cat=2\" rel=\"category\">Region X\u0259b\u0259rl\u0259ri<\/a>","rttpg_excerpt":"F\u0259q\u0259t \u015eadlinskaya YAP B\u0259rd\u0259 rayon t\u0259\u015fkilat\u0131n\u0131n s\u0259dri D\u00f6vl\u0259t ba\u015f\u00e7\u0131s\u0131 \u0130lham \u018fliyev bu g\u00fcnl\u0259rd\u0259 Rusiya Federasiyas\u0131na i\u015fg\u00fczar s\u0259f\u0259r etdi. H\u0259r bir s\u0259f\u0259r \u0259laq\u0259l\u0259rin inki\u015faf\u0131nda yeni m\u0259rh\u0259l\u0259nin ba\u015flan\u011f\u0131c\u0131 olmaqla yana\u015f\u0131, mahiyy\u0259ti il\u0259 diqq\u0259td\u0259 olur. Bel\u0259 ki, c\u0259nab \u0130lham \u018fliyev s\u00f6z\u00fcged\u0259n s\u0259f\u0259r \u00e7\u0259r\u00e7iv\u0259sind\u0259 Baykal-Amur Magistral\u0131n\u0131n 50 illik yubileyi m\u00fcnasib\u0259til\u0259 d\u0259mir yolu sah\u0259sinin veteranlar\u0131 v\u0259 i\u015f\u00e7il\u0259ri il\u0259 birg\u0259 g\u00f6r\u00fc\u015f\u00fcnd\u0259&hellip;","_links":{"self":[{"href":"https:\/\/arantv.az\/index.php?rest_route=\/wp\/v2\/posts\/715840"}],"collection":[{"href":"https:\/\/arantv.az\/index.php?rest_route=\/wp\/v2\/posts"}],"about":[{"href":"https:\/\/arantv.az\/index.php?rest_route=\/wp\/v2\/types\/post"}],"author":[{"embeddable":true,"href":"https:\/\/arantv.az\/index.php?rest_route=\/wp\/v2\/users\/2"}],"replies":[{"embeddable":true,"href":"https:\/\/arantv.az\/index.php?rest_route=%2Fwp%2Fv2%2Fcomments&post=715840"}],"version-history":[{"count":0,"href":"https:\/\/arantv.az\/index.php?rest_route=\/wp\/v2\/posts\/715840\/revisions"}],"wp:featuredmedia":[{"embeddable":true,"href":"https:\/\/arantv.az\/index.php?rest_route=\/wp\/v2\/media\/519015"}],"wp:attachment":[{"href":"https:\/\/arantv.az\/index.php?rest_route=%2Fwp%2Fv2%2Fmedia&parent=715840"}],"wp:term":[{"taxonomy":"category","embeddable":true,"href":"https:\/\/arantv.az\/index.php?rest_route=%2Fwp%2Fv2%2Fcategories&post=715840"},{"taxonomy":"post_tag","embeddable":true,"href":"https:\/\/arantv.az\/index.php?rest_route=%2Fwp%2Fv2%2Ftags&post=715840"}],"curies":[{"name":"wp","href":"https:\/\/api.w.org\/{rel}","templated":true}]}}