{"id":715850,"date":"2024-04-26T13:50:50","date_gmt":"2024-04-26T09:50:50","guid":{"rendered":"https:\/\/arantv.az\/?p=715850"},"modified":"2024-04-26T13:50:50","modified_gmt":"2024-04-26T09:50:50","slug":"v%c9%99kil-erm%c9%99nistan-az%c9%99rbaycan-%c9%99razisinin-besd%c9%99birini-isgal-etdikd%c9%99n-sonra-bu-%c9%99razil%c9%99r%c9%99-iddia-edib","status":"publish","type":"post","link":"https:\/\/arantv.az\/?p=715850","title":{"rendered":"V\u0259kil: \u201cErm\u0259nistan Az\u0259rbaycan \u0259razisinin be\u015fd\u0259birini i\u015f\u011fal etdikd\u0259n sonra bu \u0259razil\u0259r\u0259 iddia edib\u201d"},"content":{"rendered":"<p>\u201cBa\u015fqa bir d\u00f6vl\u0259tin \u0259razisinin be\u015fd\u0259birini z\u0259bt etmi\u015f Erm\u0259nistan k\u00fctl\u0259vi q\u0259tll\u0259r, etnik t\u0259mizl\u0259m\u0259l\u0259r t\u00f6r\u0259dib, milyonlarla insan\u0131 do\u011fma evind\u0259n did\u0259rgin sal\u0131b, daha sonra is\u0259 he\u00e7 bir \u0259sas olmadan bu \u0259razil\u0259r\u0259 iddia edib\u201d.<\/p>\n<p>\u201cReport\u201d x\u0259b\u0259r verir ki, bunu Beyn\u0259lxalq M\u0259hk\u0259m\u0259d\u0259 Az\u0259rbaycan\u0131n h\u00fcquq m\u00fcdafi\u0259 hey\u0259tinin \u00fczv\u00fc, h\u00fcquq\u015f\u00fcnas Stefan Talmon \u201cAz\u0259rbaycan Erm\u0259nistana qar\u015f\u0131\u201d i\u015fi \u00fczr\u0259 Erm\u0259nistan\u0131n ilkin etirazlar\u0131 \u0259sas\u0131nda ke\u00e7iril\u0259n dinl\u0259m\u0259d\u0259 Az\u0259rbaycan\u0131n \u015fifahi arqumentini t\u0259qdim ed\u0259rk\u0259n deyib.<\/p>\n<p>\u201cBa\u015fqa bir d\u00f6vl\u0259tin \u0259razisinin be\u015fd\u0259birini i\u015f\u011fal alt\u0131nda saxlam\u0131\u015f, 23 min\u0259 yax\u0131n v\u0259t\u0259nda\u015f\u0131n\u0131 q\u0259tl\u0259 yetirmi\u015f, 3 900-\u0259 yax\u0131n insan\u0131n itkin d\u00fc\u015fd\u00fcy\u00fc v\u0259ziyy\u0259t yaradaraq, b\u00fct\u00f6v bir regionu etnik t\u0259mizl\u0259m\u0259y\u0259 m\u0259ruz qoymu\u015f, 1 milyon insan\u0131 \u00f6z yurd-yuvas\u0131ndan did\u0259rgin salm\u0131\u015f, onlar\u0131 m\u00fclkiyy\u0259tl\u0259rind\u0259n m\u0259hrum etmi\u015f, m\u0259d\u0259ni irsini m\u0259hv etmi\u015f, t\u0259bii s\u0259rv\u0259tl\u0259ri talam\u0131\u015f bir d\u00f6vl\u0259t ona qar\u015f\u0131 he\u00e7 bir iddian\u0131n qald\u0131r\u0131lmayaca\u011f\u0131n\u0131 nec\u0259 d\u00fc\u015f\u00fcn\u0259 bil\u0259r? Bu, qeyri-m\u00fcmk\u00fcnd\u00fcr, amma Erm\u0259nistan\u0131n son bir ne\u00e7\u0259 g\u00fcnd\u0259 etdiyi m\u0259hz budur\u201d, &#8211; o vur\u011fulay\u0131b.<\/p>\n","protected":false},"excerpt":{"rendered":"<p>\u201cBa\u015fqa bir d\u00f6vl\u0259tin \u0259razisinin be\u015fd\u0259birini z\u0259bt etmi\u015f Erm\u0259nistan k\u00fctl\u0259vi q\u0259tll\u0259r, etnik t\u0259mizl\u0259m\u0259l\u0259r t\u00f6r\u0259dib, milyonlarla insan\u0131 do\u011fma evind\u0259n did\u0259rgin sal\u0131b, daha sonra is\u0259 he\u00e7 bir \u0259sas olmadan bu \u0259razil\u0259r\u0259 iddia edib\u201d. \u201cReport\u201d x\u0259b\u0259r verir ki, bunu Beyn\u0259lxalq M\u0259hk\u0259m\u0259d\u0259 Az\u0259rbaycan\u0131n h\u00fcquq m\u00fcdafi\u0259 hey\u0259tinin \u00fczv\u00fc, h\u00fcquq\u015f\u00fcnas Stefan Talmon \u201cAz\u0259rbaycan Erm\u0259nistana qar\u015f\u0131\u201d i\u015fi \u00fczr\u0259 Erm\u0259nistan\u0131n ilkin etirazlar\u0131 \u0259sas\u0131nda ke\u00e7iril\u0259n dinl\u0259m\u0259d\u0259 Az\u0259rbaycan\u0131n \u015fifahi arqumentini t\u0259qdim ed\u0259rk\u0259n deyib. \u201cBa\u015fqa bir d\u00f6vl\u0259tin \u0259razisinin be\u015fd\u0259birini i\u015f\u011fal alt\u0131nda saxlam\u0131\u015f, 23 min\u0259 yax\u0131n v\u0259t\u0259nda\u015f\u0131n\u0131 q\u0259tl\u0259 yetirmi\u015f, 3 900-\u0259 yax\u0131n insan\u0131n itkin d\u00fc\u015fd\u00fcy\u00fc v\u0259ziyy\u0259t yaradaraq, b\u00fct\u00f6v bir regionu etnik t\u0259mizl\u0259m\u0259y\u0259 m\u0259ruz&hellip;<\/p>\n","protected":false},"author":2,"featured_media":715851,"comment_status":"closed","ping_status":"closed","sticky":false,"template":"","format":"standard","meta":{"om_disable_all_campaigns":false,"_monsterinsights_skip_tracking":false,"_monsterinsights_sitenote_active":false,"_monsterinsights_sitenote_note":"","_monsterinsights_sitenote_category":0},"categories":[4],"tags":[],"aioseo_notices":[],"gutentor_comment":0,"rttpg_featured_image_url":{"full":["https:\/\/arantv.az\/wp-content\/uploads\/2024\/04\/e53c46a7-04c1-31b6-ad9a-25b9ab4b0c4f_850.jpg",620,413,false],"landscape":["https:\/\/arantv.az\/wp-content\/uploads\/2024\/04\/e53c46a7-04c1-31b6-ad9a-25b9ab4b0c4f_850.jpg",620,413,false],"portraits":["https:\/\/arantv.az\/wp-content\/uploads\/2024\/04\/e53c46a7-04c1-31b6-ad9a-25b9ab4b0c4f_850.jpg",620,413,false],"thumbnail":["https:\/\/arantv.az\/wp-content\/uploads\/2024\/04\/e53c46a7-04c1-31b6-ad9a-25b9ab4b0c4f_850-500x280.jpg",500,280,true],"medium":["https:\/\/arantv.az\/wp-content\/uploads\/2024\/04\/e53c46a7-04c1-31b6-ad9a-25b9ab4b0c4f_850-548x365.jpg",548,365,true],"large":["https:\/\/arantv.az\/wp-content\/uploads\/2024\/04\/e53c46a7-04c1-31b6-ad9a-25b9ab4b0c4f_850.jpg",620,413,false],"1536x1536":["https:\/\/arantv.az\/wp-content\/uploads\/2024\/04\/e53c46a7-04c1-31b6-ad9a-25b9ab4b0c4f_850.jpg",620,413,false],"2048x2048":["https:\/\/arantv.az\/wp-content\/uploads\/2024\/04\/e53c46a7-04c1-31b6-ad9a-25b9ab4b0c4f_850.jpg",620,413,false],"post-thumbnail":["https:\/\/arantv.az\/wp-content\/uploads\/2024\/04\/e53c46a7-04c1-31b6-ad9a-25b9ab4b0c4f_850-240x172.jpg",240,172,true],"advps-thumb-one":["https:\/\/arantv.az\/wp-content\/uploads\/2024\/04\/e53c46a7-04c1-31b6-ad9a-25b9ab4b0c4f_850.jpg",620,413,false]},"rttpg_author":{"display_name":"V\u00fcsal Rafiqo\u011flu","author_link":"https:\/\/arantv.az\/?author=2"},"rttpg_comment":0,"rttpg_category":"<a href=\"https:\/\/arantv.az\/?cat=4\" rel=\"category\">Siyas\u0259t<\/a>","rttpg_excerpt":"\u201cBa\u015fqa bir d\u00f6vl\u0259tin \u0259razisinin be\u015fd\u0259birini z\u0259bt etmi\u015f Erm\u0259nistan k\u00fctl\u0259vi q\u0259tll\u0259r, etnik t\u0259mizl\u0259m\u0259l\u0259r t\u00f6r\u0259dib, milyonlarla insan\u0131 do\u011fma evind\u0259n did\u0259rgin sal\u0131b, daha sonra is\u0259 he\u00e7 bir \u0259sas olmadan bu \u0259razil\u0259r\u0259 iddia edib\u201d. \u201cReport\u201d x\u0259b\u0259r verir ki, bunu Beyn\u0259lxalq M\u0259hk\u0259m\u0259d\u0259 Az\u0259rbaycan\u0131n h\u00fcquq m\u00fcdafi\u0259 hey\u0259tinin \u00fczv\u00fc, h\u00fcquq\u015f\u00fcnas Stefan Talmon \u201cAz\u0259rbaycan Erm\u0259nistana qar\u015f\u0131\u201d i\u015fi \u00fczr\u0259 Erm\u0259nistan\u0131n ilkin etirazlar\u0131 \u0259sas\u0131nda ke\u00e7iril\u0259n&hellip;","_links":{"self":[{"href":"https:\/\/arantv.az\/index.php?rest_route=\/wp\/v2\/posts\/715850"}],"collection":[{"href":"https:\/\/arantv.az\/index.php?rest_route=\/wp\/v2\/posts"}],"about":[{"href":"https:\/\/arantv.az\/index.php?rest_route=\/wp\/v2\/types\/post"}],"author":[{"embeddable":true,"href":"https:\/\/arantv.az\/index.php?rest_route=\/wp\/v2\/users\/2"}],"replies":[{"embeddable":true,"href":"https:\/\/arantv.az\/index.php?rest_route=%2Fwp%2Fv2%2Fcomments&post=715850"}],"version-history":[{"count":0,"href":"https:\/\/arantv.az\/index.php?rest_route=\/wp\/v2\/posts\/715850\/revisions"}],"wp:featuredmedia":[{"embeddable":true,"href":"https:\/\/arantv.az\/index.php?rest_route=\/wp\/v2\/media\/715851"}],"wp:attachment":[{"href":"https:\/\/arantv.az\/index.php?rest_route=%2Fwp%2Fv2%2Fmedia&parent=715850"}],"wp:term":[{"taxonomy":"category","embeddable":true,"href":"https:\/\/arantv.az\/index.php?rest_route=%2Fwp%2Fv2%2Fcategories&post=715850"},{"taxonomy":"post_tag","embeddable":true,"href":"https:\/\/arantv.az\/index.php?rest_route=%2Fwp%2Fv2%2Ftags&post=715850"}],"curies":[{"name":"wp","href":"https:\/\/api.w.org\/{rel}","templated":true}]}}