{"id":715856,"date":"2024-04-26T13:52:25","date_gmt":"2024-04-26T09:52:25","guid":{"rendered":"https:\/\/arantv.az\/?p=715856"},"modified":"2024-04-26T13:52:25","modified_gmt":"2024-04-26T09:52:25","slug":"almaniya-kansleri-az%c9%99rbaycan-prezidentini-qarsilayib","status":"publish","type":"post","link":"https:\/\/arantv.az\/?p=715856","title":{"rendered":"Almaniya Kansleri Az\u0259rbaycan Prezidentini qar\u015f\u0131lay\u0131b"},"content":{"rendered":"<p>Almaniyada i\u015fg\u00fczar s\u0259f\u0259rd\u0259 olan Az\u0259rbaycan Prezidenti\u00a0<strong>\u0130lham \u018fliyev<\/strong>\u00a0Kanslerin Aparat\u0131na g\u0259lib.<\/p>\n<p>Bu bar\u0259d\u0259 \u201cReport\u201dun Berlin\u0259 ezam olunmu\u015f \u0259m\u0259kda\u015f\u0131 x\u0259b\u0259r verir.<\/p>\n<p>Az\u0259rbaycan Prezidentini Almaniya Kansleri Olaf \u015eolts qar\u015f\u0131lay\u0131b.<\/p>\n","protected":false},"excerpt":{"rendered":"<p>Almaniyada i\u015fg\u00fczar s\u0259f\u0259rd\u0259 olan Az\u0259rbaycan Prezidenti\u00a0\u0130lham \u018fliyev\u00a0Kanslerin Aparat\u0131na g\u0259lib. Bu bar\u0259d\u0259 \u201cReport\u201dun Berlin\u0259 ezam olunmu\u015f \u0259m\u0259kda\u015f\u0131 x\u0259b\u0259r verir. Az\u0259rbaycan Prezidentini Almaniya Kansleri Olaf \u015eolts qar\u015f\u0131lay\u0131b.<\/p>\n","protected":false},"author":2,"featured_media":715857,"comment_status":"closed","ping_status":"closed","sticky":false,"template":"","format":"standard","meta":{"om_disable_all_campaigns":false,"_monsterinsights_skip_tracking":false,"_monsterinsights_sitenote_active":false,"_monsterinsights_sitenote_note":"","_monsterinsights_sitenote_category":0},"categories":[4],"tags":[],"aioseo_notices":[],"gutentor_comment":0,"rttpg_featured_image_url":{"full":["https:\/\/arantv.az\/wp-content\/uploads\/2024\/04\/032000017625.jpg",620,413,false],"landscape":["https:\/\/arantv.az\/wp-content\/uploads\/2024\/04\/032000017625.jpg",620,413,false],"portraits":["https:\/\/arantv.az\/wp-content\/uploads\/2024\/04\/032000017625.jpg",620,413,false],"thumbnail":["https:\/\/arantv.az\/wp-content\/uploads\/2024\/04\/032000017625-500x280.jpg",500,280,true],"medium":["https:\/\/arantv.az\/wp-content\/uploads\/2024\/04\/032000017625-548x365.jpg",548,365,true],"large":["https:\/\/arantv.az\/wp-content\/uploads\/2024\/04\/032000017625.jpg",620,413,false],"1536x1536":["https:\/\/arantv.az\/wp-content\/uploads\/2024\/04\/032000017625.jpg",620,413,false],"2048x2048":["https:\/\/arantv.az\/wp-content\/uploads\/2024\/04\/032000017625.jpg",620,413,false],"post-thumbnail":["https:\/\/arantv.az\/wp-content\/uploads\/2024\/04\/032000017625-240x172.jpg",240,172,true],"advps-thumb-one":["https:\/\/arantv.az\/wp-content\/uploads\/2024\/04\/032000017625.jpg",620,413,false]},"rttpg_author":{"display_name":"V\u00fcsal Rafiqo\u011flu","author_link":"https:\/\/arantv.az\/?author=2"},"rttpg_comment":0,"rttpg_category":"<a href=\"https:\/\/arantv.az\/?cat=4\" rel=\"category\">Siyas\u0259t<\/a>","rttpg_excerpt":"Almaniyada i\u015fg\u00fczar s\u0259f\u0259rd\u0259 olan Az\u0259rbaycan Prezidenti\u00a0\u0130lham \u018fliyev\u00a0Kanslerin Aparat\u0131na g\u0259lib. Bu bar\u0259d\u0259 \u201cReport\u201dun Berlin\u0259 ezam olunmu\u015f \u0259m\u0259kda\u015f\u0131 x\u0259b\u0259r verir. Az\u0259rbaycan Prezidentini Almaniya Kansleri Olaf \u015eolts qar\u015f\u0131lay\u0131b.","_links":{"self":[{"href":"https:\/\/arantv.az\/index.php?rest_route=\/wp\/v2\/posts\/715856"}],"collection":[{"href":"https:\/\/arantv.az\/index.php?rest_route=\/wp\/v2\/posts"}],"about":[{"href":"https:\/\/arantv.az\/index.php?rest_route=\/wp\/v2\/types\/post"}],"author":[{"embeddable":true,"href":"https:\/\/arantv.az\/index.php?rest_route=\/wp\/v2\/users\/2"}],"replies":[{"embeddable":true,"href":"https:\/\/arantv.az\/index.php?rest_route=%2Fwp%2Fv2%2Fcomments&post=715856"}],"version-history":[{"count":0,"href":"https:\/\/arantv.az\/index.php?rest_route=\/wp\/v2\/posts\/715856\/revisions"}],"wp:featuredmedia":[{"embeddable":true,"href":"https:\/\/arantv.az\/index.php?rest_route=\/wp\/v2\/media\/715857"}],"wp:attachment":[{"href":"https:\/\/arantv.az\/index.php?rest_route=%2Fwp%2Fv2%2Fmedia&parent=715856"}],"wp:term":[{"taxonomy":"category","embeddable":true,"href":"https:\/\/arantv.az\/index.php?rest_route=%2Fwp%2Fv2%2Fcategories&post=715856"},{"taxonomy":"post_tag","embeddable":true,"href":"https:\/\/arantv.az\/index.php?rest_route=%2Fwp%2Fv2%2Ftags&post=715856"}],"curies":[{"name":"wp","href":"https:\/\/api.w.org\/{rel}","templated":true}]}}