{"id":715866,"date":"2024-04-26T13:55:16","date_gmt":"2024-04-26T09:55:16","guid":{"rendered":"https:\/\/arantv.az\/?p=715866"},"modified":"2024-04-26T13:55:16","modified_gmt":"2024-04-26T09:55:16","slug":"v%c9%99kil-az%c9%99rbaycanin-iddiasi-erm%c9%99nistanin-30-illik-etnik-t%c9%99mizl%c9%99m%c9%99-kampaniyasina-%c9%99saslanir","status":"publish","type":"post","link":"https:\/\/arantv.az\/?p=715866","title":{"rendered":"V\u0259kil: \u201cAz\u0259rbaycan\u0131n iddias\u0131 Erm\u0259nistan\u0131n 30 illik etnik t\u0259mizl\u0259m\u0259 kampaniyas\u0131na \u0259saslan\u0131r\u201d"},"content":{"rendered":"<p>\u201cAz\u0259rbaycan\u0131n Beyn\u0259lxalq M\u0259hk\u0259m\u0259y\u0259 m\u00fcraci\u0259tind\u0259 \u0259sas diqq\u0259t Erm\u0259nistan\u0131n 30 illik etnik t\u0259mizl\u0259m\u0259 v\u0259 m\u0259d\u0259niyy\u0259ti m\u0259hvetm\u0259 kampaniyas\u0131na aiddir. Buraya h\u0259m az\u0259rbaycanl\u0131lar\u0131n zorla kollektiv \u015f\u0259kild\u0259 qovulmas\u0131, daimi ya\u015fay\u0131\u015f yerl\u0259rind\u0259n k\u00f6\u00e7\u00fcr\u00fclm\u0259si, h\u0259m d\u0259 onlar\u0131n geri qay\u0131tmas\u0131n\u0131n qar\u015f\u0131s\u0131n\u0131 almaq \u00fc\u00e7\u00fcn sonrak\u0131 t\u0259dbirl\u0259r daxildir\u201d.<\/p>\n<p>\u201cReport\u201d x\u0259b\u0259r verir ki, bunu Beyn\u0259lxalq M\u0259hk\u0259m\u0259d\u0259 Az\u0259rbaycan\u0131n h\u00fcquq-m\u00fcdafi\u0259 hey\u0259tinin \u00fczv\u00fc, h\u00fcquq\u015f\u00fcnas Von Lou (Vaughan Lowe) \u201cAz\u0259rbaycan Erm\u0259nistana qar\u015f\u0131\u201d i\u015fi \u00fczr\u0259 Erm\u0259nistan\u0131n ilkin etirazlar\u0131 \u0259sas\u0131nda ke\u00e7iril\u0259n dinl\u0259m\u0259d\u0259 Az\u0259rbaycan\u0131n \u015fifahi arqumentini t\u0259qdim ed\u0259rk\u0259n deyib.<\/p>\n<p>\u201cAz\u0259rbaycan Erm\u0259nistan\u0131n 30 illik kampaniyan\u0131n \u00e7oxsayl\u0131 elementl\u0259rind\u0259n biri kimi \u0259vv\u0259ll\u0259r i\u015f\u011fal olunmu\u015f \u0259razil\u0259rd\u0259 mina v\u0259 mina t\u0259l\u0259l\u0259ri qura\u015fd\u0131rmas\u0131n\u0131, el\u0259c\u0259 d\u0259 \u0259traf m\u00fchit\u0259 ziyan vurmas\u0131n\u0131, t\u0259bii ehtiyatlar\u0131n m\u0259hv v\u0259 talan edilm\u0259sini s\u00fcbut kimi t\u0259qdim edib. Bu, Az\u0259rbaycan\u0131n 8 dekabr 2020-ci il tarixli m\u0259ktubunda, Az\u0259rbaycan\u0131n 2021-ci ilin sentyabr\u0131nda m\u0259hk\u0259m\u0259y\u0259 t\u0259qdimat\u0131nda, Az\u0259rbaycan\u0131n 2023-c\u00fc ilin yanvar\u0131nda t\u0259qdim etdiyi t\u0259qdimatda v\u0259 bu h\u0259ft\u0259 t\u0259qdim olunan t\u0259qdimatlarda \u00e7ox ayd\u0131n \u015f\u0259kild\u0259 \u00f6z \u0259ksini tap\u0131b\u201d, &#8211; o vur\u011fulay\u0131b.<\/p>\n<p>V\u0259kilin s\u00f6zl\u0259rin\u0259 g\u00f6r\u0259, birincisi, Az\u0259rbaycan \u0259sas g\u00f6t\u00fcrd\u00fcy\u00fc faktlar\u0131, ikincisi, bu faktlarda g\u00f6st\u0259ril\u0259n h\u0259r\u0259k\u0259tl\u0259rl\u0259 \u0130rqi Ayr\u0131-se\u00e7kiliyin B\u00fct\u00fcn Formalar\u0131n\u0131n L\u0259\u011fv Edilm\u0259si haqq\u0131nda Beyn\u0259lxalq Konvensiyan\u0131n (CERD) m\u00fcdd\u0259alar\u0131n\u0131n pozuldu\u011funu a\u00e7\u0131q \u015f\u0259kild\u0259 b\u0259yan edib.<\/p>\n<p>V\u0259kil \u0259lav\u0259 edib ki, Az\u0259rbaycan t\u0259r\u0259finin iddias\u0131nda, Erm\u0259nistan\u0131n iddia etdiyi kimi, he\u00e7 bir d\u0259yi\u015fiklik yoxdur.<\/p>\n","protected":false},"excerpt":{"rendered":"<p>\u201cAz\u0259rbaycan\u0131n Beyn\u0259lxalq M\u0259hk\u0259m\u0259y\u0259 m\u00fcraci\u0259tind\u0259 \u0259sas diqq\u0259t Erm\u0259nistan\u0131n 30 illik etnik t\u0259mizl\u0259m\u0259 v\u0259 m\u0259d\u0259niyy\u0259ti m\u0259hvetm\u0259 kampaniyas\u0131na aiddir. Buraya h\u0259m az\u0259rbaycanl\u0131lar\u0131n zorla kollektiv \u015f\u0259kild\u0259 qovulmas\u0131, daimi ya\u015fay\u0131\u015f yerl\u0259rind\u0259n k\u00f6\u00e7\u00fcr\u00fclm\u0259si, h\u0259m d\u0259 onlar\u0131n geri qay\u0131tmas\u0131n\u0131n qar\u015f\u0131s\u0131n\u0131 almaq \u00fc\u00e7\u00fcn sonrak\u0131 t\u0259dbirl\u0259r daxildir\u201d. \u201cReport\u201d x\u0259b\u0259r verir ki, bunu Beyn\u0259lxalq M\u0259hk\u0259m\u0259d\u0259 Az\u0259rbaycan\u0131n h\u00fcquq-m\u00fcdafi\u0259 hey\u0259tinin \u00fczv\u00fc, h\u00fcquq\u015f\u00fcnas Von Lou (Vaughan Lowe) \u201cAz\u0259rbaycan Erm\u0259nistana qar\u015f\u0131\u201d i\u015fi \u00fczr\u0259 Erm\u0259nistan\u0131n ilkin etirazlar\u0131 \u0259sas\u0131nda ke\u00e7iril\u0259n dinl\u0259m\u0259d\u0259 Az\u0259rbaycan\u0131n \u015fifahi arqumentini t\u0259qdim ed\u0259rk\u0259n deyib. \u201cAz\u0259rbaycan Erm\u0259nistan\u0131n 30 illik kampaniyan\u0131n \u00e7oxsayl\u0131 elementl\u0259rind\u0259n biri kimi \u0259vv\u0259ll\u0259r i\u015f\u011fal olunmu\u015f \u0259razil\u0259rd\u0259 mina v\u0259 mina t\u0259l\u0259l\u0259ri qura\u015fd\u0131rmas\u0131n\u0131, el\u0259c\u0259&hellip;<\/p>\n","protected":false},"author":2,"featured_media":715867,"comment_status":"closed","ping_status":"closed","sticky":false,"template":"","format":"standard","meta":{"om_disable_all_campaigns":false,"_monsterinsights_skip_tracking":false,"_monsterinsights_sitenote_active":false,"_monsterinsights_sitenote_note":"","_monsterinsights_sitenote_category":0},"categories":[4],"tags":[],"aioseo_notices":[],"gutentor_comment":0,"rttpg_featured_image_url":{"full":["https:\/\/arantv.az\/wp-content\/uploads\/2024\/04\/2f0b920f-cc7a-3c94-ae00-34c869ff94e4_850.jpg",620,413,false],"landscape":["https:\/\/arantv.az\/wp-content\/uploads\/2024\/04\/2f0b920f-cc7a-3c94-ae00-34c869ff94e4_850.jpg",620,413,false],"portraits":["https:\/\/arantv.az\/wp-content\/uploads\/2024\/04\/2f0b920f-cc7a-3c94-ae00-34c869ff94e4_850.jpg",620,413,false],"thumbnail":["https:\/\/arantv.az\/wp-content\/uploads\/2024\/04\/2f0b920f-cc7a-3c94-ae00-34c869ff94e4_850-500x280.jpg",500,280,true],"medium":["https:\/\/arantv.az\/wp-content\/uploads\/2024\/04\/2f0b920f-cc7a-3c94-ae00-34c869ff94e4_850-548x365.jpg",548,365,true],"large":["https:\/\/arantv.az\/wp-content\/uploads\/2024\/04\/2f0b920f-cc7a-3c94-ae00-34c869ff94e4_850.jpg",620,413,false],"1536x1536":["https:\/\/arantv.az\/wp-content\/uploads\/2024\/04\/2f0b920f-cc7a-3c94-ae00-34c869ff94e4_850.jpg",620,413,false],"2048x2048":["https:\/\/arantv.az\/wp-content\/uploads\/2024\/04\/2f0b920f-cc7a-3c94-ae00-34c869ff94e4_850.jpg",620,413,false],"post-thumbnail":["https:\/\/arantv.az\/wp-content\/uploads\/2024\/04\/2f0b920f-cc7a-3c94-ae00-34c869ff94e4_850-240x172.jpg",240,172,true],"advps-thumb-one":["https:\/\/arantv.az\/wp-content\/uploads\/2024\/04\/2f0b920f-cc7a-3c94-ae00-34c869ff94e4_850.jpg",620,413,false]},"rttpg_author":{"display_name":"V\u00fcsal Rafiqo\u011flu","author_link":"https:\/\/arantv.az\/?author=2"},"rttpg_comment":0,"rttpg_category":"<a href=\"https:\/\/arantv.az\/?cat=4\" rel=\"category\">Siyas\u0259t<\/a>","rttpg_excerpt":"\u201cAz\u0259rbaycan\u0131n Beyn\u0259lxalq M\u0259hk\u0259m\u0259y\u0259 m\u00fcraci\u0259tind\u0259 \u0259sas diqq\u0259t Erm\u0259nistan\u0131n 30 illik etnik t\u0259mizl\u0259m\u0259 v\u0259 m\u0259d\u0259niyy\u0259ti m\u0259hvetm\u0259 kampaniyas\u0131na aiddir. Buraya h\u0259m az\u0259rbaycanl\u0131lar\u0131n zorla kollektiv \u015f\u0259kild\u0259 qovulmas\u0131, daimi ya\u015fay\u0131\u015f yerl\u0259rind\u0259n k\u00f6\u00e7\u00fcr\u00fclm\u0259si, h\u0259m d\u0259 onlar\u0131n geri qay\u0131tmas\u0131n\u0131n qar\u015f\u0131s\u0131n\u0131 almaq \u00fc\u00e7\u00fcn sonrak\u0131 t\u0259dbirl\u0259r daxildir\u201d. \u201cReport\u201d x\u0259b\u0259r verir ki, bunu Beyn\u0259lxalq M\u0259hk\u0259m\u0259d\u0259 Az\u0259rbaycan\u0131n h\u00fcquq-m\u00fcdafi\u0259 hey\u0259tinin \u00fczv\u00fc, h\u00fcquq\u015f\u00fcnas Von Lou (Vaughan Lowe) \u201cAz\u0259rbaycan&hellip;","_links":{"self":[{"href":"https:\/\/arantv.az\/index.php?rest_route=\/wp\/v2\/posts\/715866"}],"collection":[{"href":"https:\/\/arantv.az\/index.php?rest_route=\/wp\/v2\/posts"}],"about":[{"href":"https:\/\/arantv.az\/index.php?rest_route=\/wp\/v2\/types\/post"}],"author":[{"embeddable":true,"href":"https:\/\/arantv.az\/index.php?rest_route=\/wp\/v2\/users\/2"}],"replies":[{"embeddable":true,"href":"https:\/\/arantv.az\/index.php?rest_route=%2Fwp%2Fv2%2Fcomments&post=715866"}],"version-history":[{"count":0,"href":"https:\/\/arantv.az\/index.php?rest_route=\/wp\/v2\/posts\/715866\/revisions"}],"wp:featuredmedia":[{"embeddable":true,"href":"https:\/\/arantv.az\/index.php?rest_route=\/wp\/v2\/media\/715867"}],"wp:attachment":[{"href":"https:\/\/arantv.az\/index.php?rest_route=%2Fwp%2Fv2%2Fmedia&parent=715866"}],"wp:term":[{"taxonomy":"category","embeddable":true,"href":"https:\/\/arantv.az\/index.php?rest_route=%2Fwp%2Fv2%2Fcategories&post=715866"},{"taxonomy":"post_tag","embeddable":true,"href":"https:\/\/arantv.az\/index.php?rest_route=%2Fwp%2Fv2%2Ftags&post=715866"}],"curies":[{"name":"wp","href":"https:\/\/api.w.org\/{rel}","templated":true}]}}