{"id":715883,"date":"2024-04-26T17:15:38","date_gmt":"2024-04-26T13:15:38","guid":{"rendered":"https:\/\/arantv.az\/?p=715883"},"modified":"2024-04-26T17:15:38","modified_gmt":"2024-04-26T13:15:38","slug":"ilham-%c9%99liyevin-berlind%c9%99-almaniyanin-xarici-isl%c9%99r-naziri-il%c9%99-gorusu-olub-yenil%c9%99nib-foto","status":"publish","type":"post","link":"https:\/\/arantv.az\/?p=715883","title":{"rendered":"\u0130lham \u018fliyevin Berlind\u0259 Almaniyan\u0131n xarici i\u015fl\u0259r naziri il\u0259 g\u00f6r\u00fc\u015f\u00fc olub &#8211; YEN\u0130L\u018fN\u0130B + FOTO"},"content":{"rendered":"<p>Az\u0259rbaycan Respublikas\u0131n\u0131n Prezidenti\u00a0<strong>\u0130lham \u018fliyevin<\/strong>\u00a0Berlind\u0259 Almaniya Federativ Respublikas\u0131n\u0131n xarici i\u015fl\u0259r naziri Annalena Berbok il\u0259 g\u00f6r\u00fc\u015f\u00fc olub.<\/p>\n<p>Bununla ba\u011fl\u0131\u00a0<a href=\"https:\/\/azertag.az\/xeber\/prezident_ilham_eliyevin_berlinde_almaniyanin_xarici_isler_naziri_ile_gorusu_olub__yenilenib-2976897\" target=\"_blank\" rel=\"noopener\">AZ\u018fRTAC<\/a>\u00a0m\u0259lumat yay\u0131b.<\/p>\n<p>&nbsp;<\/p>\n<div class=\"gallery\">\n<div class=\"gallery-i\"><img src=\"https:\/\/cdn.oxu.az\/uploads\/W1siZiIsIjIwMjQvMDQvMjYvMTcvMDcvMjgvMDdjZDIxODYtM2NmZC00YTVhLWE0MDQtNWFhODQ1NTg3N2Y3LzEwLmpwZyJdLFsicCIsImVuY29kZSIsImpwZyIsIi1xdWFsaXR5IDgwIl0sWyJwIiwidGh1bWIiLCI1OTB4NTkwXHUwMDNlIl1d?sha=498ecbf045414ca0\" alt=\"\" \/><\/p>\n<div class=\"gallery-i-caption\"><\/div>\n<\/div>\n<\/div>\n<p><strong>16:48<\/strong><\/p>\n<p>Almaniyada i\u015fg\u00fczar s\u0259f\u0259rd\u0259 olan Az\u0259rbaycan Prezidenti\u00a0<strong>\u0130lham \u018fliyevin<\/strong>\u00a0bu \u00f6lk\u0259nin xarici i\u015fl\u0259r naziri Annalena Berbok il\u0259 g\u00f6r\u00fc\u015f\u00fc ke\u00e7irilir.<\/p>\n<p>Bu bar\u0259d\u0259 \u201cReport\u201dun Berlin\u0259 ezam edilmi\u015f m\u00fcxbiri x\u0259b\u0259r verib.<\/p>\n","protected":false},"excerpt":{"rendered":"<p>Az\u0259rbaycan Respublikas\u0131n\u0131n Prezidenti\u00a0\u0130lham \u018fliyevin\u00a0Berlind\u0259 Almaniya Federativ Respublikas\u0131n\u0131n xarici i\u015fl\u0259r naziri Annalena Berbok il\u0259 g\u00f6r\u00fc\u015f\u00fc olub. Bununla ba\u011fl\u0131\u00a0AZ\u018fRTAC\u00a0m\u0259lumat yay\u0131b. &nbsp; 16:48 Almaniyada i\u015fg\u00fczar s\u0259f\u0259rd\u0259 olan Az\u0259rbaycan Prezidenti\u00a0\u0130lham \u018fliyevin\u00a0bu \u00f6lk\u0259nin xarici i\u015fl\u0259r naziri Annalena Berbok il\u0259 g\u00f6r\u00fc\u015f\u00fc ke\u00e7irilir. Bu bar\u0259d\u0259 \u201cReport\u201dun Berlin\u0259 ezam edilmi\u015f m\u00fcxbiri x\u0259b\u0259r verib.<\/p>\n","protected":false},"author":2,"featured_media":715884,"comment_status":"closed","ping_status":"closed","sticky":false,"template":"","format":"standard","meta":{"om_disable_all_campaigns":false,"_monsterinsights_skip_tracking":false,"_monsterinsights_sitenote_active":false,"_monsterinsights_sitenote_note":"","_monsterinsights_sitenote_category":0},"categories":[4],"tags":[],"aioseo_notices":[],"gutentor_comment":0,"rttpg_featured_image_url":{"full":["https:\/\/arantv.az\/wp-content\/uploads\/2024\/04\/FotoJet-63.jpg",620,413,false],"landscape":["https:\/\/arantv.az\/wp-content\/uploads\/2024\/04\/FotoJet-63.jpg",620,413,false],"portraits":["https:\/\/arantv.az\/wp-content\/uploads\/2024\/04\/FotoJet-63.jpg",620,413,false],"thumbnail":["https:\/\/arantv.az\/wp-content\/uploads\/2024\/04\/FotoJet-63-500x280.jpg",500,280,true],"medium":["https:\/\/arantv.az\/wp-content\/uploads\/2024\/04\/FotoJet-63-548x365.jpg",548,365,true],"large":["https:\/\/arantv.az\/wp-content\/uploads\/2024\/04\/FotoJet-63.jpg",620,413,false],"1536x1536":["https:\/\/arantv.az\/wp-content\/uploads\/2024\/04\/FotoJet-63.jpg",620,413,false],"2048x2048":["https:\/\/arantv.az\/wp-content\/uploads\/2024\/04\/FotoJet-63.jpg",620,413,false],"post-thumbnail":["https:\/\/arantv.az\/wp-content\/uploads\/2024\/04\/FotoJet-63-240x172.jpg",240,172,true],"advps-thumb-one":["https:\/\/arantv.az\/wp-content\/uploads\/2024\/04\/FotoJet-63.jpg",620,413,false]},"rttpg_author":{"display_name":"V\u00fcsal Rafiqo\u011flu","author_link":"https:\/\/arantv.az\/?author=2"},"rttpg_comment":0,"rttpg_category":"<a href=\"https:\/\/arantv.az\/?cat=4\" rel=\"category\">Siyas\u0259t<\/a>","rttpg_excerpt":"Az\u0259rbaycan Respublikas\u0131n\u0131n Prezidenti\u00a0\u0130lham \u018fliyevin\u00a0Berlind\u0259 Almaniya Federativ Respublikas\u0131n\u0131n xarici i\u015fl\u0259r naziri Annalena Berbok il\u0259 g\u00f6r\u00fc\u015f\u00fc olub. Bununla ba\u011fl\u0131\u00a0AZ\u018fRTAC\u00a0m\u0259lumat yay\u0131b. &nbsp; 16:48 Almaniyada i\u015fg\u00fczar s\u0259f\u0259rd\u0259 olan Az\u0259rbaycan Prezidenti\u00a0\u0130lham \u018fliyevin\u00a0bu \u00f6lk\u0259nin xarici i\u015fl\u0259r naziri Annalena Berbok il\u0259 g\u00f6r\u00fc\u015f\u00fc ke\u00e7irilir. Bu bar\u0259d\u0259 \u201cReport\u201dun Berlin\u0259 ezam edilmi\u015f m\u00fcxbiri x\u0259b\u0259r verib.","_links":{"self":[{"href":"https:\/\/arantv.az\/index.php?rest_route=\/wp\/v2\/posts\/715883"}],"collection":[{"href":"https:\/\/arantv.az\/index.php?rest_route=\/wp\/v2\/posts"}],"about":[{"href":"https:\/\/arantv.az\/index.php?rest_route=\/wp\/v2\/types\/post"}],"author":[{"embeddable":true,"href":"https:\/\/arantv.az\/index.php?rest_route=\/wp\/v2\/users\/2"}],"replies":[{"embeddable":true,"href":"https:\/\/arantv.az\/index.php?rest_route=%2Fwp%2Fv2%2Fcomments&post=715883"}],"version-history":[{"count":0,"href":"https:\/\/arantv.az\/index.php?rest_route=\/wp\/v2\/posts\/715883\/revisions"}],"wp:featuredmedia":[{"embeddable":true,"href":"https:\/\/arantv.az\/index.php?rest_route=\/wp\/v2\/media\/715884"}],"wp:attachment":[{"href":"https:\/\/arantv.az\/index.php?rest_route=%2Fwp%2Fv2%2Fmedia&parent=715883"}],"wp:term":[{"taxonomy":"category","embeddable":true,"href":"https:\/\/arantv.az\/index.php?rest_route=%2Fwp%2Fv2%2Fcategories&post=715883"},{"taxonomy":"post_tag","embeddable":true,"href":"https:\/\/arantv.az\/index.php?rest_route=%2Fwp%2Fv2%2Ftags&post=715883"}],"curies":[{"name":"wp","href":"https:\/\/api.w.org\/{rel}","templated":true}]}}