{"id":715891,"date":"2024-04-26T17:16:58","date_gmt":"2024-04-26T13:16:58","guid":{"rendered":"https:\/\/arantv.az\/?p=715891"},"modified":"2024-04-26T17:16:58","modified_gmt":"2024-04-26T13:16:58","slug":"avropa-parlamentind%c9%99-anti-az%c9%99rbaycan-cagirislar-sulh%c9%99-v%c9%99-demokratiyaya-saygisizliq-s%c9%99rh-foto","status":"publish","type":"post","link":"https:\/\/arantv.az\/?p=715891","title":{"rendered":"Avropa Parlamentind\u0259 anti-Az\u0259rbaycan \u00e7a\u011f\u0131r\u0131\u015flar: S\u00fclh\u0259 v\u0259 demokratiyaya say\u011f\u0131s\u0131zl\u0131q &#8211; \u015e\u018fRH + FOTO"},"content":{"rendered":"<p>Avropa Parlamenti (AP) Az\u0259rbaycana qar\u015f\u0131 daha bir s\u0259n\u0259d q\u0259bul etm\u0259kl\u0259 q\u0259r\u0259zli oldu\u011funu n\u00f6vb\u0259ti d\u0259f\u0259 ortaya qoydu, \u00f6z\u00fcn\u00fc if\u015fa etdi. Avropan\u0131n qanunverici orqan\u0131 aprelin 25-d\u0259 \u00e7\u0131xard\u0131\u011f\u0131 q\u0259tnam\u0259d\u0259 t\u0259r\u0259fda\u015flar\u0131n\u0131 Az\u0259rbaycanla energetika sah\u0259sind\u0259 \u0259m\u0259kda\u015fl\u0131\u011f\u0131 dayand\u0131rma\u011fa, r\u0259smi Bak\u0131 il\u0259 yeni m\u00fcqavil\u0259l\u0259ri imzalamama\u011fa \u00e7a\u011f\u0131r\u0131b.<\/p>\n<p>\u0130nsan h\u00fcquqlar\u0131n\u0131n qorunmas\u0131 demokratiyan\u0131n vacib prinsipl\u0259rind\u0259ndir. Ancaq ondan ba\u015fqa d\u00f6vl\u0259tl\u0259r\u0259 qar\u015f\u0131 al\u0259t kimi sui-istifad\u0259 c\u0259hdl\u0259ri demokratik d\u0259y\u0259rl\u0259r\u0259 h\u00f6rm\u0259tsizlikdir.<\/p>\n<p>Vaxt\u0131 il\u0259 Erm\u0259nistanda da ox\u015far \u00e7a\u011f\u0131r\u0131\u015flar s\u0259sl\u0259ndirilirdi. Lakin aprelin 25-d\u0259 bu \u00f6lk\u0259 parlamentinin s\u0259dri Alen Simonyan \u0130r\u0259van\u0131n Bak\u0131 il\u0259 t\u0259bii qaz al\u0131\u015f\u0131 m\u0259s\u0259l\u0259sini m\u00fczakir\u0259 etm\u0259y\u0259 haz\u0131r oldu\u011funu bildirib: \u201cD\u00fc\u015f\u00fcn\u00fcr\u0259m ki, Erm\u0259nistan Az\u0259rbaycandan t\u0259bii qaz alarsa, bu, m\u00fcsb\u0259t hal olar. Bu m\u0259s\u0259l\u0259ni m\u00fczakir\u0259 etm\u0259liyik\u201d.<\/p>\n<p>Avropa Parlamentind\u0259ki q\u0259r\u0259zli \u00e7a\u011f\u0131r\u0131\u015f\u0131 Fransa Prezidenti Emmanuel Makronun \u00f6t\u0259n aylarda Az\u0259rbaycandan mavi yanaca\u011f\u0131n Avropaya n\u0259qlin\u0259 qar\u015f\u0131 \u00e7\u0131x\u0131\u015f\u0131n\u0131n davam\u0131 kimi d\u0259 d\u0259y\u0259rl\u0259ndirm\u0259k olar.<\/p>\n<p><img src=\"https:\/\/cdn.oxu.az\/uploads\/W1siZiIsIjIwMjQvMDQvMjYvMTQvNDIvNDQvOGVlOTZiZDEtODA0Mi00NjdhLTgzNmItZDNkNWU1Y2NkYjcxLzQ2MWQ3MjRkLTA5NzktM2Y2Ny1iYzQ1LWVjODVjNzFjYTBhZi5qcGVnIl0sWyJwIiwiZW5jb2RlIiwianBnIiwiLXF1YWxpdHkgODAiXSxbInAiLCJ0aHVtYiIsIjU5MHg1OTBcdTAwM2UiXV0?sha=4f39489d6d7f799e\" alt=\"\" \/><\/p>\n<p>Amma reall\u0131q he\u00e7 d\u0259 avroparlamentaril\u0259rin d\u00fc\u015f\u00fcnd\u00fcy\u00fc kimi deyil. A\u0130-y\u0259 \u00fczv d\u00f6vl\u0259tl\u0259r v\u0259 potensial \u00fczvl\u0259r Bak\u0131 il\u0259 iqtisadi \u0259m\u0259kda\u015fl\u0131\u011f\u0131 davam etdirib, geni\u015fl\u0259ndirirl\u0259r. M\u0259s\u0259l\u0259n, Albaniya 2026-c\u0131 ild\u0259 Az\u0259rbaycan t\u0259bii qaz\u0131ndan \u00f6z ehtiyaclar\u0131n\u0131 \u00f6d\u0259m\u0259k \u00fc\u00e7\u00fcn istifad\u0259 etm\u0259yi planla\u015fd\u0131r\u0131r.<\/p>\n<p>M\u0259lumata g\u00f6r\u0259, Trans-Adriatik Boru K\u0259m\u0259ri (TAP) kimi m\u00f6vcud infrastruktur vasit\u0259sil\u0259 Albaniya enerji m\u0259nb\u0259l\u0259rini \u015fax\u0259l\u0259ndirir v\u0259 hidroenergetikadan as\u0131l\u0131l\u0131\u011f\u0131n\u0131 azald\u0131r. TAP-\u0131n Albaniyada \u0259sas rolu Az\u0259rbaycan qaz\u0131n\u0131n Avropa bazarlar\u0131na, o c\u00fcml\u0259d\u0259n \u0130taliyaya tranzitin\u0259 d\u0259st\u0259k olmaqd\u0131r.<\/p>\n<p>Az\u0259rbaycan t\u0259bii qaz\u0131n\u0131n Albaniyaya illik t\u0259dar\u00fck\u00fc t\u0259xmin\u0259n 200 milyon kubmetr h\u0259cmind\u0259 g\u00f6zl\u0259nilir. Bu, Trans-Adriatik Qaz Boru K\u0259m\u0259rinin \u00f6t\u00fcr\u00fcc\u00fcl\u00fck qabiliyy\u0259tinin 1,2 milyard kubmetr\u0259 q\u0259d\u0259r geni\u015fl\u0259ndirilm\u0259sinin birinci m\u0259rh\u0259l\u0259sinin d\u00f6vr\u00fcn\u0259 t\u0259sad\u00fcf ed\u0259c\u0259k ki, bunun da 1 milyard kubmetri \u0130taliya \u00fc\u00e7\u00fcn n\u0259z\u0259rd\u0259 tutulub.<\/p>\n<p>Bununla da Albaniya \u0130taliya, Yunan\u0131stan, Bolqar\u0131stan, Rum\u0131niya, G\u00fcrc\u00fcstan, T\u00fcrkiy\u0259, Macar\u0131stan v\u0259 Serbiyadan sonra Az\u0259rbaycandan t\u0259bii qaz t\u0259dar\u00fck ed\u0259n doqquzuncu \u00f6lk\u0259 olacaq. Onlar\u0131n siyah\u0131s\u0131n\u0131n artaca\u011f\u0131 da istisna olunmur. \u00c7\u00fcnki Bosniya v\u0259 Herseqovina, Monteneqro, Xorvatiya, Slovakiya v\u0259 \u015eimali Makedoniya da Az\u0259rbaycanla bu istiqam\u0259td\u0259 \u0259m\u0259kda\u015fl\u0131q etm\u0259k ist\u0259dikl\u0259rini a\u00e7\u0131qlay\u0131blar.<\/p>\n<p><img src=\"https:\/\/cdn.oxu.az\/uploads\/W1siZiIsIjIwMjQvMDQvMjYvMTQvNDIvNDQvZGUyM2UxMDItNGI3MS00ZmIwLTkxZjYtNDYwODVmMjZiYzc5Lzc1ZjMyYzk0LWJmZWYtMzg5NC04YmUyLTEwMmYxNzYxNDU3MS5qcGciXSxbInAiLCJlbmNvZGUiLCJqcGciLCItcXVhbGl0eSA4MCJdLFsicCIsInRodW1iIiwiNTkweDU5MFx1MDAzZSJdXQ?sha=3bd22563a6171217\" alt=\"\" \/><\/p>\n<p>Yeri g\u0259lmi\u015fk\u0259n, Az\u0259rbaycan 2021-ci ild\u0259 Avropaya 8 milyard kubmetr, 2023-c\u00fc ild\u0259 is\u0259 11,8 milyard kubmetr, \u00fcmumilikd\u0259, \u00f6t\u0259n il \u0259rzind\u0259 23,8 milyard kubmetr qaz ixrac edib.<\/p>\n<p>Az\u0259rbaycanla Avropa \u0130ttifaq\u0131 aras\u0131nda \u0259ld\u0259 edil\u0259n raz\u0131la\u015fmaya \u0259sas\u0259n, 2027-ci il\u0259 q\u0259d\u0259r Avropaya t\u0259bii qaz t\u0259dar\u00fck\u00fcn\u00fcn 20 milyard kubmetr\u0259 \u00e7atd\u0131r\u0131lmas\u0131 planla\u015fd\u0131r\u0131l\u0131r.<\/p>\n<p>Qeyd ed\u0259k ki, Az\u0259rbaycan\u0131n t\u0259sdiq edilmi\u015f t\u0259bii qaz ehtiyatlar\u0131 2,6 trilyon kubmetrdir. \u00d6lk\u0259nin \u201cBab\u0259k\u201d, \u201cAb\u015feron\u201d, \u201c\u00dcmid\u201d v\u0259 \u201cQaraba\u011f\u201d kimi daha bir ne\u00e7\u0259 perspektivli qaz yataqlar\u0131 m\u00f6vcuddur.<\/p>\n<p>G\u00f6r\u00fcnd\u00fcy\u00fc kimi, Az\u0259rbaycan Avropan\u0131n energetika t\u0259hl\u00fck\u0259sizliyi v\u0259 t\u0259chizat\u0131n\u0131n t\u0259minind\u0259 rol oynay\u0131r.<\/p>\n<p>Bu q\u0259tnam\u0259 q\u0259bul edil\u0259rk\u0259n Az\u0259rbaycan \u0259leyhin\u0259 \u00e7\u0131x\u0131\u015f ed\u0259nl\u0259r d\u0259 d\u0259yi\u015fm\u0259yibl\u0259r. \u00c7exiyal\u0131 deputat Market Qreqorova, yaxud bu \u00f6lk\u0259nin ba\u015fqa bir n\u00fcmay\u0259nd\u0259si Mixael \u015eoydrova \u0259n\u0259n\u0259vi amplualar\u0131ndan \u0259l \u00e7\u0259km\u0259yibl\u0259r. M.\u015eoydrova 2017-ci ilin may\u0131nda Az\u0259rbaycan v\u0259 T\u00fcrkiy\u0259d\u0259 K\u0130V-in m\u00f6vcud v\u0259ziyy\u0259ti il\u0259 ba\u011fl\u0131 \u00e7\u0131x\u0131\u015f\u0131nda qeyri-obyektivliyi il\u0259 yadda qalm\u0131\u015fd\u0131.<\/p>\n<p><img src=\"https:\/\/cdn.oxu.az\/uploads\/W1siZiIsIjIwMjQvMDQvMjYvMTQvNDIvNDQvOTg0ZTZjOWYtYTBhMy00MjgwLWJkNjMtMDVjMzQzYTdkOTA4LzA2MDg5MTQ3LWM3ZTMtM2M1OC1hOTBmLTdjMzBhODhhZDdmNS5qcGciXSxbInAiLCJlbmNvZGUiLCJqcGciLCItcXVhbGl0eSA4MCJdLFsicCIsInRodW1iIiwiNTkweDU5MFx1MDAzZSJdXQ?sha=cc46e6df926a0daa\" alt=\"\" \/><\/p>\n<p>Avropa Parlamenti bu il mart\u0131n 13-d\u0259 q\u0259bul etdiyi q\u0259tnam\u0259 il\u0259 d\u0259 q\u0259r\u0259zli oldu\u011funu gizl\u0259d\u0259 bilm\u0259mi\u015fdi. Qurumda \u201cAvropa \u0130ttifaq\u0131 v\u0259 Erm\u0259nistan aras\u0131nda daha yax\u0131n \u0259laq\u0259l\u0259r v\u0259 Az\u0259rbaycanla Erm\u0259nistan aras\u0131nda s\u00fclh sazi\u015fin\u0259 ehtiyac\u201d m\u00f6vzusu m\u00fczakir\u0259 olunub. Avropa demokratiyas\u0131n\u0131n t\u0259r\u0259nn\u00fcm\u00e7\u00fcs\u00fc say\u0131lan parlamentin q\u0259tnam\u0259sind\u0259 Az\u0259rbaycan \u0259razi b\u00fct\u00f6vl\u00fcy\u00fc v\u0259 suverenliyin\u0259 qar\u015f\u0131 \u00e7a\u011f\u0131r\u0131\u015flar yer al\u0131b. T\u0259\u0259ss\u00fcf ki, parlamentaril\u0259r ittifaq \u0259razisind\u0259 insan h\u00fcquqlar\u0131n\u0131n pozulmas\u0131 sah\u0259sind\u0259 \u00e7oxsayl\u0131 probleml\u0259ri nadir hallarda m\u00fczakir\u0259 edirl\u0259r. Ancaq son alt\u0131 ayda Avropa Parlamenti Az\u0259rbaycanla ba\u011fl\u0131 \u00fc\u00e7 d\u0259f\u0259 q\u0259tnam\u0259 q\u0259bul edib. AP b\u0259hs etdiyimiz iki s\u0259n\u0259dd\u0259n \u0259vv\u0259l, \u00f6t\u0259n il oktyabr\u0131n 4-d\u0259 Az\u0259rbaycana qar\u015f\u0131 sanksiyalar\u0131n t\u0259tbiqin\u0259 \u00e7a\u011f\u0131ran q\u0259tnam\u0259 \u00e7\u0131xar\u0131b.<\/p>\n<p>Xarici \u0130\u015fl\u0259r Nazirliyi Avropa Parlamentini bir daha Az\u0259rbaycan\u0131n daxili i\u015fl\u0259rin\u0259 v\u0259 m\u0259hk\u0259m\u0259 prosesl\u0259rin\u0259 m\u00fcdaxil\u0259ni dayand\u0131rma\u011fa \u00e7a\u011f\u0131r\u0131b. R\u0259smi Bak\u0131 b\u0259yan edib ki, Avropadak\u0131 bir s\u0131ra q\u00fcvv\u0259l\u0259rin Az\u0259rbaycanla m\u00fcnasib\u0259tl\u0259rin daha da pisl\u0259\u015fm\u0259sin\u0259 y\u00f6n\u0259lmi\u015f a\u00e7\u0131q siyasi sifari\u015find\u0259n ba\u015fqa bir \u015fey deyil: \u201cBundan \u0259lav\u0259, Az\u0259rbaycana qar\u015f\u0131 sanksiya \u00e7a\u011f\u0131r\u0131\u015flar\u0131 yaln\u0131z Az\u0259rbaycan v\u0259 Avropa \u0130ttifaq\u0131 aras\u0131nda m\u00fcnasib\u0259tl\u0259ri m\u00fcr\u0259kk\u0259bl\u0259\u015fdirir\u201d.<\/p>\n<p><img src=\"https:\/\/cdn.oxu.az\/uploads\/W1siZiIsIjIwMjQvMDQvMjYvMTQvNDIvNDQvZTkyNjNhMGEtODRkYi00MWI1LWJhYjctZGE2ODE1N2NlYzc3L19ST00xMTAwICgyKS5qcGciXSxbInAiLCJlbmNvZGUiLCJqcGciLCItcXVhbGl0eSA4MCJdLFsicCIsInRodW1iIiwiNTkweDU5MFx1MDAzZSJdXQ?sha=048828deda1bd46a\" alt=\"\" \/><\/p>\n<p>\u018frazi b\u00fct\u00f6vl\u00fcy\u00fc v\u0259 suverenliyini t\u0259min etdikd\u0259n sonra Avropa Parlamentind\u0259 Az\u0259rbaycana qar\u015f\u0131 h\u00fccum, q\u0259r\u0259zli m\u00f6vqeyin s\u0259rgil\u0259nm\u0259si t\u0259\u0259ss\u00fcf v\u0259 t\u0259\u0259cc\u00fcb do\u011furur. Bel\u0259 q\u0259na\u0259t\u0259 g\u0259lm\u0259k olar ki, onlar Az\u0259rbaycan torpaqlar\u0131n\u0131n Erm\u0259nistan\u0131n i\u015f\u011fal\u0131 alt\u0131nda qalmas\u0131n\u0131 m\u00fcdafi\u0259 edirmi\u015fl\u0259r. R\u0259smi Bak\u0131n\u0131n torpaqlar\u0131n\u0131 azad etm\u0259si is\u0259 onlar\u0131 q\u0131c\u0131qland\u0131r\u0131b. Bu deputatlar saxta, q\u0259r\u0259zli \u00e7\u0131x\u0131\u015flar\u0131 v\u0259 adi se\u00e7icil\u0259rinin reall\u0131qdan x\u0259b\u0259rsizliyind\u0259n sui-istifad\u0259 ed\u0259r\u0259k bu add\u0131mlar\u0131 at\u0131r.<\/p>\n<p>He\u00e7 \u015f\u00fcbh\u0259siz, bu sayaq \u00e7\u0131x\u0131\u015f, \u00e7a\u011f\u0131r\u0131\u015f v\u0259 s\u0259n\u0259dl\u0259rin q\u0259bulu C\u0259nubi Qafqazda Az\u0259rbaycanla Erm\u0259nistan m\u00fcnasib\u0259tl\u0259rinin normalla\u015fmas\u0131na da ziyan vurur, t\u0259r\u0259fl\u0259r aras\u0131nda etimad m\u00fchitinin yaranmas\u0131na x\u0259l\u0259l g\u0259tirir. Parlamentin q\u0259bul etdiyi q\u0259rar v\u0259 \u00e7a\u011f\u0131r\u0131\u015flar\u0131n icras\u0131 m\u0259cburi deyil. Avropa Parlamentinin bel\u0259 davran\u0131\u015f\u0131, \u00e7\u0131x\u0131\u015flar\u0131 m\u00fcst\u0259qilliyini, \u0259razi b\u00fct\u00f6vl\u00fcy\u00fc v\u0259 suverenliyini qoruyan d\u00f6vl\u0259tl\u0259r\u0259 qar\u015f\u0131 siyasi d\u0259y\u0259n\u0259k kimi istifad\u0259 edilir.<\/p>\n<p><strong>\u201cReport\u201d \u0130nformasiya Agentliyi<\/strong><\/p>\n","protected":false},"excerpt":{"rendered":"<p>Avropa Parlamenti (AP) Az\u0259rbaycana qar\u015f\u0131 daha bir s\u0259n\u0259d q\u0259bul etm\u0259kl\u0259 q\u0259r\u0259zli oldu\u011funu n\u00f6vb\u0259ti d\u0259f\u0259 ortaya qoydu, \u00f6z\u00fcn\u00fc if\u015fa etdi. Avropan\u0131n qanunverici orqan\u0131 aprelin 25-d\u0259 \u00e7\u0131xard\u0131\u011f\u0131 q\u0259tnam\u0259d\u0259 t\u0259r\u0259fda\u015flar\u0131n\u0131 Az\u0259rbaycanla energetika sah\u0259sind\u0259 \u0259m\u0259kda\u015fl\u0131\u011f\u0131 dayand\u0131rma\u011fa, r\u0259smi Bak\u0131 il\u0259 yeni m\u00fcqavil\u0259l\u0259ri imzalamama\u011fa \u00e7a\u011f\u0131r\u0131b. \u0130nsan h\u00fcquqlar\u0131n\u0131n qorunmas\u0131 demokratiyan\u0131n vacib prinsipl\u0259rind\u0259ndir. Ancaq ondan ba\u015fqa d\u00f6vl\u0259tl\u0259r\u0259 qar\u015f\u0131 al\u0259t kimi sui-istifad\u0259 c\u0259hdl\u0259ri demokratik d\u0259y\u0259rl\u0259r\u0259 h\u00f6rm\u0259tsizlikdir. Vaxt\u0131 il\u0259 Erm\u0259nistanda da ox\u015far \u00e7a\u011f\u0131r\u0131\u015flar s\u0259sl\u0259ndirilirdi. Lakin aprelin 25-d\u0259 bu \u00f6lk\u0259 parlamentinin s\u0259dri Alen Simonyan \u0130r\u0259van\u0131n Bak\u0131 il\u0259 t\u0259bii qaz al\u0131\u015f\u0131 m\u0259s\u0259l\u0259sini m\u00fczakir\u0259 etm\u0259y\u0259 haz\u0131r oldu\u011funu bildirib: \u201cD\u00fc\u015f\u00fcn\u00fcr\u0259m ki, Erm\u0259nistan Az\u0259rbaycandan t\u0259bii&hellip;<\/p>\n","protected":false},"author":2,"featured_media":715892,"comment_status":"closed","ping_status":"closed","sticky":false,"template":"","format":"standard","meta":{"om_disable_all_campaigns":false,"_monsterinsights_skip_tracking":false,"_monsterinsights_sitenote_active":false,"_monsterinsights_sitenote_note":"","_monsterinsights_sitenote_category":0},"categories":[4],"tags":[],"aioseo_notices":[],"gutentor_comment":0,"rttpg_featured_image_url":{"full":["https:\/\/arantv.az\/wp-content\/uploads\/2024\/04\/c86c0a25-12e0-3105-81c1-f2d53242ef31_850.jpg",620,413,false],"landscape":["https:\/\/arantv.az\/wp-content\/uploads\/2024\/04\/c86c0a25-12e0-3105-81c1-f2d53242ef31_850.jpg",620,413,false],"portraits":["https:\/\/arantv.az\/wp-content\/uploads\/2024\/04\/c86c0a25-12e0-3105-81c1-f2d53242ef31_850.jpg",620,413,false],"thumbnail":["https:\/\/arantv.az\/wp-content\/uploads\/2024\/04\/c86c0a25-12e0-3105-81c1-f2d53242ef31_850-500x280.jpg",500,280,true],"medium":["https:\/\/arantv.az\/wp-content\/uploads\/2024\/04\/c86c0a25-12e0-3105-81c1-f2d53242ef31_850-548x365.jpg",548,365,true],"large":["https:\/\/arantv.az\/wp-content\/uploads\/2024\/04\/c86c0a25-12e0-3105-81c1-f2d53242ef31_850.jpg",620,413,false],"1536x1536":["https:\/\/arantv.az\/wp-content\/uploads\/2024\/04\/c86c0a25-12e0-3105-81c1-f2d53242ef31_850.jpg",620,413,false],"2048x2048":["https:\/\/arantv.az\/wp-content\/uploads\/2024\/04\/c86c0a25-12e0-3105-81c1-f2d53242ef31_850.jpg",620,413,false],"post-thumbnail":["https:\/\/arantv.az\/wp-content\/uploads\/2024\/04\/c86c0a25-12e0-3105-81c1-f2d53242ef31_850-240x172.jpg",240,172,true],"advps-thumb-one":["https:\/\/arantv.az\/wp-content\/uploads\/2024\/04\/c86c0a25-12e0-3105-81c1-f2d53242ef31_850.jpg",620,413,false]},"rttpg_author":{"display_name":"V\u00fcsal Rafiqo\u011flu","author_link":"https:\/\/arantv.az\/?author=2"},"rttpg_comment":0,"rttpg_category":"<a href=\"https:\/\/arantv.az\/?cat=4\" rel=\"category\">Siyas\u0259t<\/a>","rttpg_excerpt":"Avropa Parlamenti (AP) Az\u0259rbaycana qar\u015f\u0131 daha bir s\u0259n\u0259d q\u0259bul etm\u0259kl\u0259 q\u0259r\u0259zli oldu\u011funu n\u00f6vb\u0259ti d\u0259f\u0259 ortaya qoydu, \u00f6z\u00fcn\u00fc if\u015fa etdi. Avropan\u0131n qanunverici orqan\u0131 aprelin 25-d\u0259 \u00e7\u0131xard\u0131\u011f\u0131 q\u0259tnam\u0259d\u0259 t\u0259r\u0259fda\u015flar\u0131n\u0131 Az\u0259rbaycanla energetika sah\u0259sind\u0259 \u0259m\u0259kda\u015fl\u0131\u011f\u0131 dayand\u0131rma\u011fa, r\u0259smi Bak\u0131 il\u0259 yeni m\u00fcqavil\u0259l\u0259ri imzalamama\u011fa \u00e7a\u011f\u0131r\u0131b. \u0130nsan h\u00fcquqlar\u0131n\u0131n qorunmas\u0131 demokratiyan\u0131n vacib prinsipl\u0259rind\u0259ndir. Ancaq ondan ba\u015fqa d\u00f6vl\u0259tl\u0259r\u0259 qar\u015f\u0131 al\u0259t kimi sui-istifad\u0259 c\u0259hdl\u0259ri demokratik&hellip;","_links":{"self":[{"href":"https:\/\/arantv.az\/index.php?rest_route=\/wp\/v2\/posts\/715891"}],"collection":[{"href":"https:\/\/arantv.az\/index.php?rest_route=\/wp\/v2\/posts"}],"about":[{"href":"https:\/\/arantv.az\/index.php?rest_route=\/wp\/v2\/types\/post"}],"author":[{"embeddable":true,"href":"https:\/\/arantv.az\/index.php?rest_route=\/wp\/v2\/users\/2"}],"replies":[{"embeddable":true,"href":"https:\/\/arantv.az\/index.php?rest_route=%2Fwp%2Fv2%2Fcomments&post=715891"}],"version-history":[{"count":0,"href":"https:\/\/arantv.az\/index.php?rest_route=\/wp\/v2\/posts\/715891\/revisions"}],"wp:featuredmedia":[{"embeddable":true,"href":"https:\/\/arantv.az\/index.php?rest_route=\/wp\/v2\/media\/715892"}],"wp:attachment":[{"href":"https:\/\/arantv.az\/index.php?rest_route=%2Fwp%2Fv2%2Fmedia&parent=715891"}],"wp:term":[{"taxonomy":"category","embeddable":true,"href":"https:\/\/arantv.az\/index.php?rest_route=%2Fwp%2Fv2%2Fcategories&post=715891"},{"taxonomy":"post_tag","embeddable":true,"href":"https:\/\/arantv.az\/index.php?rest_route=%2Fwp%2Fv2%2Ftags&post=715891"}],"curies":[{"name":"wp","href":"https:\/\/api.w.org\/{rel}","templated":true}]}}