{"id":715908,"date":"2024-04-26T17:21:10","date_gmt":"2024-04-26T13:21:10","guid":{"rendered":"https:\/\/arantv.az\/?p=715908"},"modified":"2024-04-26T17:21:10","modified_gmt":"2024-04-26T13:21:10","slug":"%c9%99liyevin-almaniya-s%c9%99f%c9%99ri-genisl%c9%99n%c9%99n-imkanlar-cin-qutbu-t%c9%99hlil","status":"publish","type":"post","link":"https:\/\/arantv.az\/?p=715908","title":{"rendered":"\u018fliyevin Almaniya s\u0259f\u0259ri: Geni\u015fl\u0259n\u0259n imkanlar, \u00c7in \u201cq\u00fctb\u00fc\u201d &#8211; T\u018fHL\u0130L"},"content":{"rendered":"<p>Prezident\u00a0<strong>\u0130lham \u018fliyevin<\/strong>\u00a0Almaniyaya s\u0259f\u0259ri \u00fc\u00e7 istiqam\u0259td\u0259 Az\u0259rbaycan\u0131n strateji imkanlar\u0131n\u0131 y\u00fcks\u0259ldir.<\/p>\n<p>Birincisi, Az\u0259rbaycan noyabrda m\u00f6t\u0259b\u0259r COP29 t\u0259dbirin\u0259 ev sahibliyi ed\u0259c\u0259k ki, bu da beyn\u0259lxalq siyas\u0259td\u0259 yeni trend olan ya\u015f\u0131l enerji \u00fczr\u0259 Bak\u0131n\u0131n qiym\u0259tini art\u0131racaq.<\/p>\n<p>\u0130lham \u018fliyevin s\u0259f\u0259r zaman\u0131 Berlind\u0259 ke\u00e7iril\u0259n \u201c15-ci Petersberq \u0130qlim Dialoqu\u201dnun Y\u00fcks\u0259ks\u0259viyy\u0259li Seqmentind\u0259 i\u015ftirak\u0131, b\u0259yanatlar\u0131 Bak\u0131n\u0131n h\u0259min istiqam\u0259td\u0259ki m\u00f6vqel\u0259rini yerb\u0259y\u0259r edir.<\/p>\n<p>\u0130kincisi, Az\u0259rbaycan Avropa \u0130ttifaq\u0131n\u0131n \u00fczv\u00fc olan Fransan\u0131n ambisiyalar\u0131n\u0131 Almaniya kart\u0131 il\u0259 m\u0259har\u0259tl\u0259 vurur. B\u00f6y\u00fck ehtimalla \u018fliyev bunun epizodik bir s\u0259hn\u0259l\u0259ri deyil, uzunm\u00fcdd\u0259tli h\u0259d\u0259fl\u0259ri \u0259hat\u0259 etm\u0259sini dan\u0131\u015f\u0131qlar masas\u0131nda qeyd edir.<\/p>\n<p>\u00dc\u00e7\u00fcnc\u00fcs\u00fc, Almaniyan\u0131n C\u0259nubi Qafqazda Az\u0259rbaycan\u0131n formala\u015fd\u0131rd\u0131\u011f\u0131 geostrateji portfel\u0259 investisiya qoymas\u0131 \u00fc\u00e7\u00fcn bir xeyli imkanlar a\u00e7\u0131l\u0131r.<\/p>\n<p>\u018fliyevin F\u00fczuli aeroportundan birba\u015fa Almaniyaya getm\u0259si azad olunmu\u015f \u0259razil\u0259rd\u0259 t\u0259hl\u00fck\u0259sizlik m\u00fchitinin investisiya \u00fc\u00e7\u00fcn d\u0259 b\u00f6y\u00fck qarantiya oldu\u011fu mesaj\u0131n\u0131 verir.<\/p>\n<p>Bel\u0259likl\u0259, \u0130lham \u018fliyevin s\u0259f\u0259ri bir s\u0131ra m\u0259qs\u0259dl\u0259ri ayd\u0131nla\u015fd\u0131r\u0131r v\u0259 h\u0259min m\u0259ramlara Berlinin m\u0259suliyy\u0259t d\u0259r\u0259c\u0259si y\u00fckl\u0259nir.<\/p>\n<p>Bel\u0259 ki, Almaniya Az\u0259rbaycan-Erm\u0259nistan m\u00fcnasib\u0259tl\u0259rinin normalla\u015fmas\u0131na m\u00fcnasib\u0259td\u0259 neytral statuslu m\u00fc\u015fahid\u0259\u00e7i potensial\u0131n\u0131 qoruyub-saxlamal\u0131d\u0131r.<\/p>\n<p>Berlin bu tempini saxlasa, o, Bak\u0131-\u0130r\u0259van dan\u0131\u015f\u0131qlar\u0131n\u0131n vasit\u0259\u00e7isi olmaq roluna yiy\u0259l\u0259n\u0259 bil\u0259r. Bu is\u0259 Az\u0259rbaycan-Erm\u0259nistan g\u00fcnd\u0259liyin\u0259 barmaq etm\u0259k ist\u0259y\u0259n Fransan\u0131n avtomatik olaraq q\u0259r\u0259zli vasit\u0259\u00e7ilik s\u0259yl\u0259rinin \u00fcz\u0259rind\u0259n x\u0259tt \u00e7\u0259k\u0259c\u0259k.<\/p>\n<p>\u0130lham \u018fliyevin Almaniyaya s\u0259f\u0259rini \u0259n geni\u015f bax\u0131\u015f buca\u011f\u0131 il\u0259 izah etm\u0259k \u00fc\u00e7\u00fcn is\u0259 Berlinin geosiyas\u0259tin\u0259 d\u0259 diqq\u0259t etm\u0259k faydal\u0131 olard\u0131.<\/p>\n<p>Almaniya h\u0259r n\u0259 q\u0259d\u0259r NATO \u00fczv\u00fc olsa da, o, Rusiya-Ukrayna m\u00fcharib\u0259si fonunda Q\u0259rbl\u0259 Moskvan\u0131n q\u0131z\u011f\u0131n temperamenti aras\u0131nda s\u0131x\u0131l\u0131r.<\/p>\n<p>Buna g\u00f6r\u0259 d\u0259 Almaniya Avropa \u0130ttifaq\u0131nda t\u0259hl\u00fck\u0259sizlik \u00e7a\u011f\u0131r\u0131\u015flar\u0131na \u0259n h\u0259ssas \u00f6lk\u0259l\u0259rd\u0259n biri olaraq qalmaqdad\u0131r. Berlin s\u0131x\u0131\u015fmamaq \u00fc\u00e7\u00fcn alternativ bir q\u00fctb\u0259 meyil edir &#8211; bu, Berlinin \u00c7inl\u0259 \u0259laq\u0259dar siyas\u0259tind\u0259 daha ayd\u0131n n\u0259z\u0259r\u0259 \u00e7arp\u0131r.<\/p>\n<p>Almaniya indi \u00c7inl\u0259 \u00e7ox\u015fax\u0259li v\u0259 intensiv xarakterli pozitiv \u0259laq\u0259l\u0259rd\u0259 maraql\u0131 g\u00f6r\u00fcn\u00fcr. Bel\u0259c\u0259, Almaniya Avropa \u0130ttifaq\u0131n\u0131n \u00c7inl\u0259 olan r\u0259qab\u0259t s\u0259hn\u0259sini \u0259n s\u0259m\u0259r\u0259li \u0259m\u0259kda\u015fl\u0131q sistemi il\u0259 \u0259v\u0259zl\u0259m\u0259kd\u0259 maraql\u0131d\u0131r.<\/p>\n<p>Berlinl\u0259 Pekin aras\u0131ndak\u0131 bu t\u0259\u015f\u0259bb\u00fcsl\u0259r Beyn\u0259lxalq Transx\u0259z\u0259r N\u0259qliyyat D\u0259hlizin\u0259 (Orta D\u0259hliz) iki \u00f6lk\u0259nin strateji diqq\u0259tini art\u0131r\u0131r.<\/p>\n<p>\u00c7ind\u0259n ba\u015flayan, Qazax\u0131stan, Az\u0259rbaycan, G\u00fcrc\u00fcstan, T\u00fcrkiy\u0259 \u00fcz\u0259rind\u0259n Avropaya uzanacaq bu n\u0259qliyyat yoluna Almaniyan\u0131n s\u0259rmay\u0259l\u0259rind\u0259n k\u0259narda qalmayaca\u011f\u0131 g\u00f6z \u00f6n\u00fcnd\u0259 canlana bil\u0259r. Buna g\u00f6r\u0259 d\u0259 \u0130lham \u018fliyevin s\u0259f\u0259ri mahiyy\u0259t etibar\u0131 il\u0259 bel\u0259 geni\u015f radiusa da n\u0259z\u0259r salma\u011f\u0131 aktual edir.<\/p>\n<p>Bu bax\u0131mdan s\u00f6yl\u0259m\u0259k olar ki, Az\u0259rbaycan t\u0259hl\u00fck\u0259sizlik \u00e7a\u011f\u0131r\u0131\u015flar\u0131 namin\u0259 bir xeyli manevr\u0259 ehtiyac duyan Almaniyan\u0131n beyn\u0259lxalq siyas\u0259td\u0259ki trayektoriyas\u0131n\u0131 izl\u0259yir.<\/p>\n<p>Bu, beyn\u0259lxalq arenalarda, o c\u00fcml\u0259d\u0259n Avropa \u0130ttifaq\u0131 daxilind\u0259 Almaniyan\u0131n Az\u0259rbaycana siyasi d\u0259st\u0259yini art\u0131ran m\u0259qamlara g\u0259tirib \u00e7\u0131xaracaq.<\/p>\n<p>Almaniya is\u0259 Qafqazda yaranm\u0131\u015f reall\u0131qlar\u0131n iqtisadi blokunda \u00f6z\u00fcn\u00fcn indeksl\u0259rini y\u00fcks\u0259ltm\u0259yin m\u0259nal\u0131 bir gedi\u015fat olaca\u011f\u0131n\u0131 diqq\u0259td\u0259 saxlayacaq.<\/p>\n","protected":false},"excerpt":{"rendered":"<p>Prezident\u00a0\u0130lham \u018fliyevin\u00a0Almaniyaya s\u0259f\u0259ri \u00fc\u00e7 istiqam\u0259td\u0259 Az\u0259rbaycan\u0131n strateji imkanlar\u0131n\u0131 y\u00fcks\u0259ldir. Birincisi, Az\u0259rbaycan noyabrda m\u00f6t\u0259b\u0259r COP29 t\u0259dbirin\u0259 ev sahibliyi ed\u0259c\u0259k ki, bu da beyn\u0259lxalq siyas\u0259td\u0259 yeni trend olan ya\u015f\u0131l enerji \u00fczr\u0259 Bak\u0131n\u0131n qiym\u0259tini art\u0131racaq. \u0130lham \u018fliyevin s\u0259f\u0259r zaman\u0131 Berlind\u0259 ke\u00e7iril\u0259n \u201c15-ci Petersberq \u0130qlim Dialoqu\u201dnun Y\u00fcks\u0259ks\u0259viyy\u0259li Seqmentind\u0259 i\u015ftirak\u0131, b\u0259yanatlar\u0131 Bak\u0131n\u0131n h\u0259min istiqam\u0259td\u0259ki m\u00f6vqel\u0259rini yerb\u0259y\u0259r edir. \u0130kincisi, Az\u0259rbaycan Avropa \u0130ttifaq\u0131n\u0131n \u00fczv\u00fc olan Fransan\u0131n ambisiyalar\u0131n\u0131 Almaniya kart\u0131 il\u0259 m\u0259har\u0259tl\u0259 vurur. B\u00f6y\u00fck ehtimalla \u018fliyev bunun epizodik bir s\u0259hn\u0259l\u0259ri deyil, uzunm\u00fcdd\u0259tli h\u0259d\u0259fl\u0259ri \u0259hat\u0259 etm\u0259sini dan\u0131\u015f\u0131qlar masas\u0131nda qeyd edir. \u00dc\u00e7\u00fcnc\u00fcs\u00fc, Almaniyan\u0131n C\u0259nubi Qafqazda Az\u0259rbaycan\u0131n formala\u015fd\u0131rd\u0131\u011f\u0131 geostrateji portfel\u0259 investisiya&hellip;<\/p>\n","protected":false},"author":2,"featured_media":715909,"comment_status":"closed","ping_status":"closed","sticky":false,"template":"","format":"standard","meta":{"om_disable_all_campaigns":false,"_monsterinsights_skip_tracking":false,"_monsterinsights_sitenote_active":false,"_monsterinsights_sitenote_note":"","_monsterinsights_sitenote_category":0},"categories":[4],"tags":[],"aioseo_notices":[],"gutentor_comment":0,"rttpg_featured_image_url":{"full":["https:\/\/arantv.az\/wp-content\/uploads\/2024\/04\/FotoJet-65.jpg",620,413,false],"landscape":["https:\/\/arantv.az\/wp-content\/uploads\/2024\/04\/FotoJet-65.jpg",620,413,false],"portraits":["https:\/\/arantv.az\/wp-content\/uploads\/2024\/04\/FotoJet-65.jpg",620,413,false],"thumbnail":["https:\/\/arantv.az\/wp-content\/uploads\/2024\/04\/FotoJet-65-500x280.jpg",500,280,true],"medium":["https:\/\/arantv.az\/wp-content\/uploads\/2024\/04\/FotoJet-65-548x365.jpg",548,365,true],"large":["https:\/\/arantv.az\/wp-content\/uploads\/2024\/04\/FotoJet-65.jpg",620,413,false],"1536x1536":["https:\/\/arantv.az\/wp-content\/uploads\/2024\/04\/FotoJet-65.jpg",620,413,false],"2048x2048":["https:\/\/arantv.az\/wp-content\/uploads\/2024\/04\/FotoJet-65.jpg",620,413,false],"post-thumbnail":["https:\/\/arantv.az\/wp-content\/uploads\/2024\/04\/FotoJet-65-240x172.jpg",240,172,true],"advps-thumb-one":["https:\/\/arantv.az\/wp-content\/uploads\/2024\/04\/FotoJet-65.jpg",620,413,false]},"rttpg_author":{"display_name":"V\u00fcsal Rafiqo\u011flu","author_link":"https:\/\/arantv.az\/?author=2"},"rttpg_comment":0,"rttpg_category":"<a href=\"https:\/\/arantv.az\/?cat=4\" rel=\"category\">Siyas\u0259t<\/a>","rttpg_excerpt":"Prezident\u00a0\u0130lham \u018fliyevin\u00a0Almaniyaya s\u0259f\u0259ri \u00fc\u00e7 istiqam\u0259td\u0259 Az\u0259rbaycan\u0131n strateji imkanlar\u0131n\u0131 y\u00fcks\u0259ldir. Birincisi, Az\u0259rbaycan noyabrda m\u00f6t\u0259b\u0259r COP29 t\u0259dbirin\u0259 ev sahibliyi ed\u0259c\u0259k ki, bu da beyn\u0259lxalq siyas\u0259td\u0259 yeni trend olan ya\u015f\u0131l enerji \u00fczr\u0259 Bak\u0131n\u0131n qiym\u0259tini art\u0131racaq. \u0130lham \u018fliyevin s\u0259f\u0259r zaman\u0131 Berlind\u0259 ke\u00e7iril\u0259n \u201c15-ci Petersberq \u0130qlim Dialoqu\u201dnun Y\u00fcks\u0259ks\u0259viyy\u0259li Seqmentind\u0259 i\u015ftirak\u0131, b\u0259yanatlar\u0131 Bak\u0131n\u0131n h\u0259min istiqam\u0259td\u0259ki m\u00f6vqel\u0259rini yerb\u0259y\u0259r edir. \u0130kincisi, Az\u0259rbaycan Avropa&hellip;","_links":{"self":[{"href":"https:\/\/arantv.az\/index.php?rest_route=\/wp\/v2\/posts\/715908"}],"collection":[{"href":"https:\/\/arantv.az\/index.php?rest_route=\/wp\/v2\/posts"}],"about":[{"href":"https:\/\/arantv.az\/index.php?rest_route=\/wp\/v2\/types\/post"}],"author":[{"embeddable":true,"href":"https:\/\/arantv.az\/index.php?rest_route=\/wp\/v2\/users\/2"}],"replies":[{"embeddable":true,"href":"https:\/\/arantv.az\/index.php?rest_route=%2Fwp%2Fv2%2Fcomments&post=715908"}],"version-history":[{"count":0,"href":"https:\/\/arantv.az\/index.php?rest_route=\/wp\/v2\/posts\/715908\/revisions"}],"wp:featuredmedia":[{"embeddable":true,"href":"https:\/\/arantv.az\/index.php?rest_route=\/wp\/v2\/media\/715909"}],"wp:attachment":[{"href":"https:\/\/arantv.az\/index.php?rest_route=%2Fwp%2Fv2%2Fmedia&parent=715908"}],"wp:term":[{"taxonomy":"category","embeddable":true,"href":"https:\/\/arantv.az\/index.php?rest_route=%2Fwp%2Fv2%2Fcategories&post=715908"},{"taxonomy":"post_tag","embeddable":true,"href":"https:\/\/arantv.az\/index.php?rest_route=%2Fwp%2Fv2%2Ftags&post=715908"}],"curies":[{"name":"wp","href":"https:\/\/api.w.org\/{rel}","templated":true}]}}