{"id":715912,"date":"2024-04-26T17:21:59","date_gmt":"2024-04-26T13:21:59","guid":{"rendered":"https:\/\/arantv.az\/?p=715912"},"modified":"2024-04-26T17:21:59","modified_gmt":"2024-04-26T13:21:59","slug":"az%c9%99rbaycan-prezidenti-biz-ist%c9%99nil%c9%99n-olk%c9%99-kimi-media-m%c9%99kanimizi-xarici-neqativ-t%c9%99sird%c9%99n-qorumaliyiq","status":"publish","type":"post","link":"https:\/\/arantv.az\/?p=715912","title":{"rendered":"Az\u0259rbaycan Prezidenti: \u201cBiz ist\u0259nil\u0259n \u00f6lk\u0259 kimi media m\u0259kan\u0131m\u0131z\u0131 xarici neqativ t\u0259sird\u0259n qorumal\u0131y\u0131q\u201d"},"content":{"rendered":"<p>\u201cBiz ist\u0259nil\u0259n \u00f6lk\u0259 kimi \u00f6z media m\u0259kan\u0131m\u0131z\u0131 xarici neqativ t\u0259sird\u0259n qorumal\u0131y\u0131q v\u0259 h\u0259r k\u0259s qanunlara \u0259m\u0259l etm\u0259lidir\u201d.<\/p>\n<p><a href=\"https:\/\/azertag.az\/xeber\/azerbaycan_prezidenti_biz_istenilen_olke_kimi_media_mekanimizi_xarici_neqativ_tesirden_qorumaliyiq-2976811\" target=\"_blank\" rel=\"noopener\">AZ\u018fRTAC<\/a>\u00a0x\u0259b\u0259r verir ki, bu fikri Az\u0259rbaycan Prezidenti\u00a0<strong>\u0130lham \u018fliyev<\/strong>\u00a0aprelin 26-da Berlind\u0259 Almaniyan\u0131n Kansleri Olaf \u015eolts il\u0259 birg\u0259 m\u0259tbuat konfrans\u0131nda deyib.<\/p>\n<p>\u201cAz\u0259rbaycanda azad c\u0259miyy\u0259t var, insanlar, o c\u00fcml\u0259d\u0259n media n\u00fcmay\u0259nd\u0259l\u0259ri tam azad v\u0259 s\u0259rb\u0259st \u015f\u0259kild\u0259 ya\u015fay\u0131rlar, qururlar, yarad\u0131rlar\u201d, &#8211; dey\u0259 d\u00f6vl\u0259timizin ba\u015f\u00e7\u0131s\u0131 bildirib.<\/p>\n","protected":false},"excerpt":{"rendered":"<p>\u201cBiz ist\u0259nil\u0259n \u00f6lk\u0259 kimi \u00f6z media m\u0259kan\u0131m\u0131z\u0131 xarici neqativ t\u0259sird\u0259n qorumal\u0131y\u0131q v\u0259 h\u0259r k\u0259s qanunlara \u0259m\u0259l etm\u0259lidir\u201d. AZ\u018fRTAC\u00a0x\u0259b\u0259r verir ki, bu fikri Az\u0259rbaycan Prezidenti\u00a0\u0130lham \u018fliyev\u00a0aprelin 26-da Berlind\u0259 Almaniyan\u0131n Kansleri Olaf \u015eolts il\u0259 birg\u0259 m\u0259tbuat konfrans\u0131nda deyib. \u201cAz\u0259rbaycanda azad c\u0259miyy\u0259t var, insanlar, o c\u00fcml\u0259d\u0259n media n\u00fcmay\u0259nd\u0259l\u0259ri tam azad v\u0259 s\u0259rb\u0259st \u015f\u0259kild\u0259 ya\u015fay\u0131rlar, qururlar, yarad\u0131rlar\u201d, &#8211; dey\u0259 d\u00f6vl\u0259timizin ba\u015f\u00e7\u0131s\u0131 bildirib.<\/p>\n","protected":false},"author":2,"featured_media":715913,"comment_status":"closed","ping_status":"closed","sticky":false,"template":"","format":"standard","meta":{"om_disable_all_campaigns":false,"_monsterinsights_skip_tracking":false,"_monsterinsights_sitenote_active":false,"_monsterinsights_sitenote_note":"","_monsterinsights_sitenote_category":0},"categories":[4],"tags":[],"aioseo_notices":[],"gutentor_comment":0,"rttpg_featured_image_url":{"full":["https:\/\/arantv.az\/wp-content\/uploads\/2024\/04\/9-6.jpg",620,413,false],"landscape":["https:\/\/arantv.az\/wp-content\/uploads\/2024\/04\/9-6.jpg",620,413,false],"portraits":["https:\/\/arantv.az\/wp-content\/uploads\/2024\/04\/9-6.jpg",620,413,false],"thumbnail":["https:\/\/arantv.az\/wp-content\/uploads\/2024\/04\/9-6-500x280.jpg",500,280,true],"medium":["https:\/\/arantv.az\/wp-content\/uploads\/2024\/04\/9-6-548x365.jpg",548,365,true],"large":["https:\/\/arantv.az\/wp-content\/uploads\/2024\/04\/9-6.jpg",620,413,false],"1536x1536":["https:\/\/arantv.az\/wp-content\/uploads\/2024\/04\/9-6.jpg",620,413,false],"2048x2048":["https:\/\/arantv.az\/wp-content\/uploads\/2024\/04\/9-6.jpg",620,413,false],"post-thumbnail":["https:\/\/arantv.az\/wp-content\/uploads\/2024\/04\/9-6-240x172.jpg",240,172,true],"advps-thumb-one":["https:\/\/arantv.az\/wp-content\/uploads\/2024\/04\/9-6.jpg",620,413,false]},"rttpg_author":{"display_name":"V\u00fcsal Rafiqo\u011flu","author_link":"https:\/\/arantv.az\/?author=2"},"rttpg_comment":0,"rttpg_category":"<a href=\"https:\/\/arantv.az\/?cat=4\" rel=\"category\">Siyas\u0259t<\/a>","rttpg_excerpt":"\u201cBiz ist\u0259nil\u0259n \u00f6lk\u0259 kimi \u00f6z media m\u0259kan\u0131m\u0131z\u0131 xarici neqativ t\u0259sird\u0259n qorumal\u0131y\u0131q v\u0259 h\u0259r k\u0259s qanunlara \u0259m\u0259l etm\u0259lidir\u201d. AZ\u018fRTAC\u00a0x\u0259b\u0259r verir ki, bu fikri Az\u0259rbaycan Prezidenti\u00a0\u0130lham \u018fliyev\u00a0aprelin 26-da Berlind\u0259 Almaniyan\u0131n Kansleri Olaf \u015eolts il\u0259 birg\u0259 m\u0259tbuat konfrans\u0131nda deyib. \u201cAz\u0259rbaycanda azad c\u0259miyy\u0259t var, insanlar, o c\u00fcml\u0259d\u0259n media n\u00fcmay\u0259nd\u0259l\u0259ri tam azad v\u0259 s\u0259rb\u0259st \u015f\u0259kild\u0259 ya\u015fay\u0131rlar, qururlar, yarad\u0131rlar\u201d, &#8211; dey\u0259&hellip;","_links":{"self":[{"href":"https:\/\/arantv.az\/index.php?rest_route=\/wp\/v2\/posts\/715912"}],"collection":[{"href":"https:\/\/arantv.az\/index.php?rest_route=\/wp\/v2\/posts"}],"about":[{"href":"https:\/\/arantv.az\/index.php?rest_route=\/wp\/v2\/types\/post"}],"author":[{"embeddable":true,"href":"https:\/\/arantv.az\/index.php?rest_route=\/wp\/v2\/users\/2"}],"replies":[{"embeddable":true,"href":"https:\/\/arantv.az\/index.php?rest_route=%2Fwp%2Fv2%2Fcomments&post=715912"}],"version-history":[{"count":0,"href":"https:\/\/arantv.az\/index.php?rest_route=\/wp\/v2\/posts\/715912\/revisions"}],"wp:featuredmedia":[{"embeddable":true,"href":"https:\/\/arantv.az\/index.php?rest_route=\/wp\/v2\/media\/715913"}],"wp:attachment":[{"href":"https:\/\/arantv.az\/index.php?rest_route=%2Fwp%2Fv2%2Fmedia&parent=715912"}],"wp:term":[{"taxonomy":"category","embeddable":true,"href":"https:\/\/arantv.az\/index.php?rest_route=%2Fwp%2Fv2%2Fcategories&post=715912"},{"taxonomy":"post_tag","embeddable":true,"href":"https:\/\/arantv.az\/index.php?rest_route=%2Fwp%2Fv2%2Ftags&post=715912"}],"curies":[{"name":"wp","href":"https:\/\/api.w.org\/{rel}","templated":true}]}}