{"id":715915,"date":"2024-04-26T17:22:49","date_gmt":"2024-04-26T13:22:49","guid":{"rendered":"https:\/\/arantv.az\/?p=715915"},"modified":"2024-04-26T17:22:49","modified_gmt":"2024-04-26T13:22:49","slug":"baydenin-xususi-numay%c9%99nd%c9%99sinin-muavini-az%c9%99rbaycan-cop29-la-bagli-cox-guclu-komandaya-malikdir-musahib%c9%99","status":"publish","type":"post","link":"https:\/\/arantv.az\/?p=715915","title":{"rendered":"Baydenin x\u00fcsusi n\u00fcmay\u0259nd\u0259sinin m\u00fcavini: \u201cAz\u0259rbaycan COP29-la ba\u011fl\u0131 \u00e7ox g\u00fccl\u00fc komandaya malikdir\u201d &#8211; M\u00dcSAH\u0130B\u018f"},"content":{"rendered":"<p>\u201cParis Sazi\u015fin\u0259 baxd\u0131qda g\u00f6r\u00fcr\u00fck ki, h\u0259d\u0259fl\u0259r temperatur art\u0131m\u0131n\u0131n t\u0259hl\u00fck\u0259siz temperatura q\u0259d\u0259r m\u0259hdudla\u015fd\u0131r\u0131lmas\u0131n\u0131, iqlimin t\u0259sirl\u0259rin\u0259 d\u00f6z\u00fcml\u00fcl\u00fcy\u00fc v\u0259 uy\u011funla\u015fman\u0131 t\u0259bli\u011f etm\u0259kdir\u201d.<\/p>\n<p>Bu s\u00f6zl\u0259ri AZ\u018fRTAC-\u0131n AB\u015e b\u00fcrosuna m\u00fcsahib\u0259 zaman\u0131 AB\u015e prezidentinin iqlim \u00fczr\u0259 x\u00fcsusi n\u00fcmay\u0259nd\u0259sinin m\u00fcavini Syu Biniaz deyib.<\/p>\n<p>H\u0259min m\u00fcsahib\u0259ni t\u0259qdim edirik:<\/p>\n<p><strong>&#8211; BMT-nin \u0130qlim D\u0259yi\u015fikliyi \u00fczr\u0259 \u00c7\u0259r\u00e7iv\u0259 Konvensiyas\u0131n\u0131n T\u0259r\u0259fl\u0259ri Konfrans\u0131n\u0131n 29-cu sessiyas\u0131, y\u0259ni COP29 bu il Az\u0259rbaycanda ke\u00e7iril\u0259c\u0259k. Bununla ba\u011fl\u0131 q\u0259rar COP28-in \u00f6t\u0259n il Dubayda ke\u00e7irilmi\u015f plenar iclas\u0131nda q\u0259bul olunub. Bu se\u00e7imi nec\u0259 qiym\u0259tl\u0259ndirirsiniz? COP29-dan g\u00f6zl\u0259ntil\u0259riniz n\u0259l\u0259rdir?<\/strong><\/p>\n<p>&#8211; Biz Az\u0259rbaycan\u0131n COP29-a ev sahibliyi etm\u0259k \u00fc\u00e7\u00fcn apar\u0131lan se\u00e7im prosesini d\u0259st\u0259kl\u0259dik v\u0259 haz\u0131rda COP komandas\u0131 il\u0259 i\u015fl\u0259m\u0259yi s\u0259birsizlikl\u0259 g\u00f6zl\u0259yirik. M\u0259n art\u0131q onlarla i\u015fl\u0259m\u0259y\u0259 ba\u015flam\u0131\u015fam. G\u00f6zl\u0259ntil\u0259r\u0259 g\u0259ldikd\u0259, bunu d\u00f6rd hiss\u0259y\u0259 b\u00f6lm\u0259k ist\u0259rdim. Birincisi, Dubayda ke\u00e7irilmi\u015f sonuncu COP t\u0259dbirinin \u0259ld\u0259 etdiyi n\u0259tic\u0259l\u0259r \u00e7ox g\u00fccl\u00fc oldu. Bu, Paris Sazi\u015fi \u0259sas\u0131nda Qlobal Anbar (Global Stocktake) yarad\u0131ld\u0131 v\u0259 bu istil\u0259\u015fm\u0259 il\u0259 ba\u011fl\u0131 1,5 d\u0259r\u0259c\u0259 m\u0259hdudla\u015fd\u0131rman\u0131 \u0259l\u00e7atan m\u0259saf\u0259d\u0259 saxlamaq v\u0259 iqlim t\u0259sirl\u0259rin\u0259 davaml\u0131l\u0131\u011f\u0131 v\u0259 uy\u011funla\u015fman\u0131 t\u0259\u015fviq etm\u0259k \u00fc\u00e7\u00fcn bir n\u00f6v yol x\u0259rit\u0259si kimi n\u0259z\u0259rd\u0259n ke\u00e7irildi. Bel\u0259likl\u0259, COP29 \u00fc\u00e7\u00fcn \u0259n vacib m\u0259s\u0259l\u0259l\u0259rd\u0259n biri bu q\u0259rar\u0131n icras\u0131 il\u0259 ba\u011fl\u0131 tempi q\u00fcvv\u0259d\u0259 saxlamaqd\u0131r. Biz Dubayda \u0259ld\u0259 olunmu\u015f q\u0259rar\u0131n masa \u00fcz\u0259rind\u0259 qalmas\u0131n\u0131 ist\u0259mirik. Bu istiqam\u0259td\u0259 add\u0131mlar COP \u00e7\u0259r\u00e7iv\u0259sind\u0259 raz\u0131la\u015fd\u0131r\u0131lm\u0131\u015f b\u0259zi q\u0259rarlarla ba\u011fl\u0131 yan t\u0259\u015f\u0259bb\u00fcs v\u0259 t\u0259dbirl\u0259rin ke\u00e7irilm\u0259si \u015f\u0259klind\u0259 at\u0131la bil\u0259r. Bu, birinci g\u00f6zl\u0259ntimizdir.<\/p>\n<p>\u0130kinci vacib m\u0259s\u0259l\u0259 is\u0259 COP29-da iqlim d\u0259yi\u015fikliyi il\u0259 m\u00fcbariz\u0259d\u0259 maliyy\u0259 \u00fczr\u0259 q\u0259rar q\u0259bul edilm\u0259sinin n\u0259z\u0259rd\u0259 tutulmas\u0131d\u0131r. \u0130ndiy\u0259d\u0259k 100 milyard dollar m\u0259bl\u0259\u011find\u0259 maliyy\u0259 toplanmas\u0131na dair h\u0259d\u0259f m\u00f6vcud idi v\u0259 bu h\u0259d\u0259f\u0259 \u0259sas\u0259n, inki\u015faf etmi\u015f \u00f6lk\u0259l\u0259r 2020-ci ild\u0259n ba\u015flayaraq h\u0259r il bu maliyy\u0259ni toplamaqla inki\u015faf etm\u0259kd\u0259 olan \u00f6lk\u0259l\u0259r\u0259 d\u0259st\u0259k bar\u0259d\u0259 raz\u0131l\u0131q vermi\u015fdil\u0259r. Bu h\u0259d\u0259f 2024-ci ild\u0259n sonra ba\u015fa \u00e7at\u0131r. Y\u0259ni raz\u0131la\u015fma 2024-c\u00fc il\u0259 kimi idi v\u0259 bu o dem\u0259kdir ki, 2025-ci ild\u0259n etibar\u0259n hans\u0131 add\u0131mlar at\u0131laca\u011f\u0131na dair bu il q\u0259rar verm\u0259k laz\u0131md\u0131r. Bel\u0259likl\u0259, COP-da h\u0259ll edilm\u0259si vacib olan m\u0259s\u0259l\u0259l\u0259rd\u0259n biri Yeni Kollektiv K\u0259miyy\u0259t M\u0259qs\u0259di (New Collective Quantified Goal &#8211; NCQG) adland\u0131rd\u0131\u011f\u0131m\u0131z yeni h\u0259d\u0259fin m\u00fc\u0259yy\u0259nl\u0259\u015fdirilm\u0259sidir.<\/p>\n<p>\u00dc\u00e7\u00fcnc\u00fc g\u00f6zl\u0259ntimiz Milli S\u0259viyy\u0259d\u0259 M\u00fc\u0259yy\u0259n Edilmi\u015f T\u00f6hf\u0259l\u0259r (National Determined Contributions &#8211; NDC) ba\u011fl\u0131d\u0131r. Milli S\u0259viyy\u0259d\u0259 M\u00fc\u0259yy\u0259n Edilmi\u015f T\u00f6hf\u0259l\u0259r Paris Sazi\u015finin onur\u011fa s\u00fctunudur. Burada t\u0259r\u0259fl\u0259r istixana qaz emissiyalar\u0131n\u0131n azald\u0131lmas\u0131 il\u0259 ba\u011fl\u0131 \u00f6hd\u0259likl\u0259rinin n\u0259d\u0259n ibar\u0259t olmas\u0131na dair q\u0259rar verirl\u0259r. Milli S\u0259viyy\u0259d\u0259 M\u00fc\u0259yy\u0259n Edilmi\u015f T\u00f6hf\u0259l\u0259rin n\u00f6vb\u0259ti y\u0131\u011f\u0131m\u0131 g\u0259l\u0259n ilin fevral\u0131nad\u0259kdir. Y\u0259ni bir ild\u0259n az vaxt qal\u0131b v\u0259 bu, Az\u0259rbaycan\u0131n COP-a s\u0259drlik etm\u0259sind\u0259n q\u0131sa m\u00fcdd\u0259t sonrad\u0131r. Bel\u0259likl\u0259, Bak\u0131da \u0259n vacib m\u0259s\u0259l\u0259l\u0259rd\u0259n biri odur ki, iddial\u0131 Milli S\u0259viyy\u0259d\u0259 M\u00fc\u0259yy\u0259n Edilmi\u015f T\u00f6hf\u0259l\u0259r paketinin \u0259ld\u0259 olunmas\u0131n\u0131n \u0259sas\u0131 qoyulsun. Az\u0259rbaycan art\u0131q 1,5 d\u0259r\u0259c\u0259 Selsi il\u0259 m\u0259hdudla\u015fd\u0131rmaya uy\u011funla\u015fd\u0131r\u0131lacaq g\u00fccl\u00fc Milli S\u0259viyy\u0259d\u0259 M\u00fc\u0259yy\u0259n Edilmi\u015f T\u00f6hf\u0259l\u0259r m\u00fc\u0259yy\u0259nl\u0259\u015fdir\u0259c\u0259yini elan edib. D\u00fc\u015f\u00fcn\u00fcr\u00fck ki, COP29-a s\u0259drlik ed\u0259n Az\u0259rbaycan\u0131n bu add\u0131m\u0131 dig\u0259r \u00f6lk\u0259l\u0259r \u00fc\u00e7\u00fcn \u00e7ox yax\u015f\u0131 n\u00fcmun\u0259 olacaq.<\/p>\n<p>Sonuncu, d\u00f6rd\u00fcnc\u00fc g\u00f6zl\u0259ntimiz \u0130kiillik \u015e\u0259ffafl\u0131q Hesabatlar\u0131 (Biennial Transparency Reports &#8211; BTR) il\u0259 ba\u011fl\u0131d\u0131r. Bu o dem\u0259kdir ki, Paris Sazi\u015fin\u0259 \u0259sas\u0259n, b\u00fct\u00fcn t\u0259r\u0259fl\u0259r istixana qaz emissiyalar\u0131na dair hesabatlar\u0131n t\u0259qdim edilm\u0259si \u00fc\u00e7\u00fcn \u00e7ox g\u00fccl\u00fc \u015f\u0259ffafl\u0131q sisteminin qurulmas\u0131na dair raz\u0131l\u0131\u011fa g\u0259libl\u0259r. Buraya, h\u0259m\u00e7inin, Milli S\u0259viyy\u0259d\u0259 M\u00fc\u0259yy\u0259n Edilmi\u015f T\u00f6hf\u0259l\u0259rin icras\u0131 v\u0259 emissiya \u00f6hd\u0259likl\u0259ri il\u0259 ba\u011fl\u0131 hesabat da daxildir. \u0130lk hesabat bu il dekabr\u0131n 31-d\u0259k haz\u0131r olmal\u0131d\u0131r. Bel\u0259likl\u0259, Az\u0259rbaycan s\u0259dr \u00f6lk\u0259 kimi m\u00fcmk\u00fcn q\u0259d\u0259r \u00e7ox \u00f6lk\u0259nin hesabatla ba\u011fl\u0131 m\u00fc\u0259yy\u0259nl\u0259\u015fdirilmi\u015f son tarix\u0259 \u0259m\u0259l etm\u0259l\u0259ri \u00fc\u00e7\u00fcn \u00e7al\u0131\u015f\u0131r. S\u0259hv etmir\u0259ms\u0259, may\u0131n ortalar\u0131nda Bak\u0131da bununla ba\u011fl\u0131 seminar ke\u00e7irilm\u0259lidir. Bununla yana\u015f\u0131, d\u00fc\u015f\u00fcn\u00fcr\u0259m ki, biz Az\u0259rbaycanla birlikd\u0259 Afrika qit\u0259si \u00fc\u00e7\u00fcn m\u00fc\u0259yy\u0259n i\u015fl\u0259r g\u00f6rm\u0259y\u0259 \u00e7al\u0131\u015faca\u011f\u0131q. Bilirsiniz ki, bu \u00f6lk\u0259l\u0259rin potensial\u0131n\u0131n art\u0131r\u0131lmas\u0131 \u00fc\u00e7\u00fcn \u00e7ox k\u00f6m\u0259y\u0259 ehtiyaclar\u0131 var. B\u00fct\u00fcn hallarda d\u00f6rd\u00fcnc\u00fc g\u00f6zl\u0259ntimiz odur ki, COP29 daha \u00e7ox \u00f6lk\u0259nin hesabatla ba\u011fl\u0131 m\u00fc\u0259yy\u0259nl\u0259\u015fdirilmi\u015f son tarix\u0259 \u0259m\u0259l etm\u0259sind\u0259 b\u00f6y\u00fck rol oynayacaq.<\/p>\n<p><strong>&#8211; Bu ilin fevral\u0131nda M\u00fcnhend\u0259 Az\u0259rbaycan Prezidenti \u0130lham \u018fliyevl\u0259 AB\u015e Prezidentinin iqlim m\u0259s\u0259l\u0259l\u0259ri \u00fczr\u0259 x\u00fcsusi el\u00e7isi Con Kerri aras\u0131nda g\u00f6r\u00fc\u015f oldu. AB\u015e D\u00f6vl\u0259t Katibinin enerji ehtiyatlar\u0131 \u00fczr\u0259 k\u00f6m\u0259k\u00e7isi Cefri Pyatt b\u0259yan edib ki, Birl\u0259\u015fmi\u015f \u015etatlar Az\u0259rbaycan\u0131n COP29-a s\u0259drliyini \u00e7ox g\u00fccl\u00fc \u015f\u0259kild\u0259 d\u0259st\u0259kl\u0259yir. COP29 m\u00f6vzusuna aprelin 3-d\u0259 AB\u015e D\u00f6vl\u0259t katibi Antoni Blinken Az\u0259rbaycan Respublikas\u0131n\u0131n Prezidenti \u0130lham \u018fliyev\u0259 z\u0259ng ed\u0259rk\u0259n d\u0259 toxunulub. \u00dcmumilikd\u0259 COP29-un t\u0259\u015fkili il\u0259 ba\u011fl\u0131 Az\u0259rbaycanla AB\u015e aras\u0131nda hans\u0131 istiqam\u0259td\u0259 t\u0259maslar var v\u0259 n\u0259 kimi \u0259m\u0259kda\u015fl\u0131q add\u0131mlar\u0131 at\u0131l\u0131r?<\/strong><\/p>\n<p>&#8211; D\u00fc\u015f\u00fcn\u00fcr\u0259m ki, bunlar \u00e7ox m\u00fcsb\u0259t add\u0131mlard\u0131r. \u0130lk n\u00f6vb\u0259d\u0259, biz COP29-la ba\u011fl\u0131 Az\u0259rbaycan\u0131n s\u0259drliyini alq\u0131\u015flad\u0131q. Biz, dem\u0259k olar ki, haz\u0131rda komanda il\u0259 b\u00fct\u00fcn s\u0259viyy\u0259l\u0259rd\u0259 i\u015fl\u0259yirik. Qeyd edim ki, Az\u0259rbaycan \u00e7ox g\u00fccl\u00fc komandaya malikdir. Bu ilin \u0259vv\u0259lind\u0259 biz Bak\u0131da olduq. Bir s\u0131ra nazirl\u0259rl\u0259, o c\u00fcml\u0259d\u0259n COP29-un prezidenti il\u0259 m\u00fcxt\u0259lif g\u00f6r\u00fc\u015fl\u0259r ke\u00e7irdik v\u0259 COP-da m\u00fczakir\u0259 olunacaq m\u0259s\u0259l\u0259l\u0259r, o c\u00fcml\u0259d\u0259n COP-un n\u0259tic\u0259l\u0259rini s\u00fcr\u0259tl\u0259ndir\u0259 bil\u0259c\u0259k yan t\u0259\u015f\u0259bb\u00fcsl\u0259r v\u0259 t\u0259dbirl\u0259r bar\u0259d\u0259 fikir m\u00fcbadil\u0259si apard\u0131q. \u00d6t\u0259n h\u0259ft\u0259 Az\u0259rbaycan\u0131n COP komandas\u0131 D\u00fcnya Bank\u0131n\u0131n ke\u00e7irdiyi g\u00f6r\u00fc\u015fl\u0259r \u00e7\u0259r\u00e7iv\u0259sind\u0259 Va\u015finqtonda s\u0259f\u0259rd\u0259 oldu. Biz komanda il\u0259 t\u0259krar g\u00f6r\u00fc\u015fd\u00fck v\u0259 bu h\u0259ft\u0259 Berlind\u0259 bir araya g\u0259l\u0259c\u0259yik. Y\u0259ni h\u0259m COP prezidenti, h\u0259m ba\u015f dan\u0131\u015f\u0131q\u00e7\u0131, h\u0259m d\u0259 komanda il\u0259 m\u00fcxt\u0259lif s\u0259viyy\u0259l\u0259rd\u0259 t\u0259maslar ger\u00e7\u0259kl\u0259\u015fir.<\/p>\n<p><strong>&#8211; COP \u00e7\u0259r\u00e7iv\u0259sind\u0259 Az\u0259rbaycan\u0131n s\u0259drliyi iqlim maliyy\u0259l\u0259\u015fdirilm\u0259si m\u00f6vzusuna h\u0259sr olunub. Bu m\u00f6vzu COP-un g\u00fcnd\u0259liyind\u0259 duran \u0259n vacib m\u0259s\u0259l\u0259l\u0259rd\u0259n biridir. \u0130qlim maliyy\u0259l\u0259\u015fdirilm\u0259sinin qar\u015f\u0131s\u0131nda duran \u0259sas probleml\u0259r n\u0259dir, COP29 v\u0259 Az\u0259rbaycan bu m\u0259s\u0259l\u0259nin h\u0259llin\u0259 nec\u0259 t\u00f6hf\u0259 ver\u0259 bil\u0259rl\u0259r?<\/strong><\/p>\n<p>&#8211; Do\u011frudur, iqlim maliyy\u0259l\u0259\u015fdirilm\u0259si builki COP-un \u0259sas m\u00f6vzusudur, lakin yegan\u0259 m\u00f6vzusu deyil. Paris Sazi\u015fin\u0259 baxd\u0131qda g\u00f6r\u00fcr\u00fck ki, h\u0259d\u0259fl\u0259r temperatur art\u0131m\u0131n\u0131n t\u0259hl\u00fck\u0259siz temperatura q\u0259d\u0259r m\u0259hdudla\u015fd\u0131r\u0131lmas\u0131n\u0131, iqlimin t\u0259sirl\u0259rin\u0259 d\u00f6z\u00fcml\u00fcl\u00fcy\u00fc v\u0259 uy\u011funla\u015fman\u0131 t\u0259bli\u011f etm\u0259kdir. Bunlar ambisiyal\u0131 h\u0259d\u0259fl\u0259rdir. Ayd\u0131nd\u0131r ki, bunlar\u0131n h\u0259lli \u00e7ox maliyy\u0259 t\u0259l\u0259b edir. Bu g\u00fcn\u0259d\u0259k beyn\u0259lxalq dan\u0131\u015f\u0131qlar daha \u00e7ox 100 milyard dollarl\u0131q h\u0259d\u0259f\u0259 k\u00f6kl\u0259nmi\u015fdi. T\u0259bii ki, bu, \u00e7ox vacib h\u0259d\u0259fdir v\u0259 biz bu h\u0259d\u0259fin davam\u0131 bar\u0259d\u0259 raz\u0131l\u0131\u011fa g\u0259l\u0259c\u0259yik. Lakin biz daha b\u00f6y\u00fck \u00e7\u0259r\u00e7iv\u0259d\u0259n d\u0259 baxmal\u0131y\u0131q, \u00e7\u00fcnki 100 milyard dollar iqlim b\u00f6hran\u0131n\u0131 h\u0259ll etm\u0259k \u00fc\u00e7\u00fcn kifay\u0259t deyil. Ona g\u00f6r\u0259 d\u0259 biz ist\u0259r \u00f6z\u0259l sektor, ist\u0259r \u00f6lk\u0259l\u0259r daxilind\u0259 yerli investisiya, ist\u0259r \u00e7oxt\u0259r\u0259fli inki\u015faf banklar\u0131, ist\u0259rs\u0259 d\u0259 davaml\u0131 donor \u00f6lk\u0259l\u0259r v\u0259 onlar\u0131n d\u0259st\u0259yi olsun &#8211; b\u00fct\u00fcn n\u00f6v maliyy\u0259 m\u0259nb\u0259l\u0259rini n\u0259z\u0259rd\u0259n ke\u00e7irm\u0259liyik. Ona g\u00f6r\u0259 d\u0259 d\u00fc\u015f\u00fcn\u00fcr\u0259m ki, biz 2024-c\u00fc il\u0259 yaln\u0131z dar m\u0259nada yeni d\u0259st\u0259k h\u0259d\u0259fl\u0259rini m\u00fc\u0259yy\u0259n etm\u0259k kimi deyil, daha geni\u015f baxmal\u0131y\u0131q. Bilirsiniz ki, b\u0259z\u0259n s\u00f6hb\u0259t milyardlardan deyil, trilyonlardan gedir.<\/p>\n<p><strong>&#8211; \u00dcmumiyy\u0259tl\u0259, AB\u015e Az\u0259rbaycan\u0131n ya\u015f\u0131l iqtisadiyyata ke\u00e7id istiqam\u0259tind\u0259 atd\u0131\u011f\u0131 add\u0131mlar\u0131 nec\u0259 d\u0259y\u0259rl\u0259ndirir v\u0259 bu istiqam\u0259td\u0259 iki \u00f6lk\u0259 aras\u0131nda hans\u0131sa \u0259m\u0259kda\u015fl\u0131q planlar\u0131 var? \u0130qlim h\u0259d\u0259fl\u0259rinin uzla\u015fd\u0131r\u0131lmas\u0131 istiqam\u0259tind\u0259 t\u0259r\u0259fl\u0259r aras\u0131nda n\u0259 kimi dialoq m\u00f6vcuddur?<\/strong><\/p>\n<p>&#8211; Biz Az\u0259rbaycan\u0131n ya\u015f\u0131l enerji iqtisadiyyat\u0131na ke\u00e7idl\u0259 ba\u011fl\u0131 b\u0259zi planlar\u0131 bar\u0259d\u0259 m\u0259lumatl\u0131y\u0131q. Onlar\u0131n b\u0259zil\u0259ri X\u0259z\u0259r d\u0259nizi v\u0259 k\u00fcl\u0259k enerjisi il\u0259 ba\u011fl\u0131d\u0131r. Biz Az\u0259rbaycanla \u0259m\u0259kda\u015fl\u0131q planlar\u0131 v\u0259 imkanlar\u0131 bar\u0259d\u0259 daha \u00e7ox m\u00fczakir\u0259l\u0259r aparmaqda maraql\u0131y\u0131q. Buraya t\u0259kc\u0259 X\u0259z\u0259r d\u0259nizind\u0259 k\u00fcl\u0259k enerjisi deyil, \u00fcmumilikd\u0259 k\u00fcl\u0259k enerjisi, G\u00fcn\u0259\u015f enerjisi m\u0259s\u0259l\u0259l\u0259ri daxildir. Hesab edir\u0259m ki, Az\u0259rbaycanda b\u0259rpaolunan enerji il\u0259 ba\u011fl\u0131 \u00e7oxsayl\u0131 imkan v\u0259 potensial m\u00f6vcuddur. Bu, AB\u015e-nin mara\u011f\u0131nda olan v\u0259 COP29-a ged\u0259n yolda ara\u015fd\u0131rmaq ist\u0259diyimiz sah\u0259dir.<\/p>\n<p><strong>&#8211; Bilirsiniz ki, X\u0259z\u0259r d\u0259nizinin k\u00fcl\u0259k potensial\u0131 \u0259sas\u0131nda Az\u0259rbaycan, G\u00fcrc\u00fcstan, Rum\u0131niya v\u0259 Macar\u0131stan\u0131 \u0259hat\u0259 ed\u0259n \u201cya\u015f\u0131l enerji d\u0259hlizi\u201d layih\u0259si m\u00f6vcuddur. AB\u015e il\u0259 bu enerji d\u0259hlizi \u00fczr\u0259 n\u0259 kimi \u0259m\u0259kda\u015fl\u0131q imkanlar\u0131 ola bil\u0259r?<\/strong><\/p>\n<p>&#8211; Bu layih\u0259 haqq\u0131nda daha \u00e7ox m\u0259lumat \u0259ld\u0259 etm\u0259k \u00fc\u00e7\u00fcn h\u0259v\u0259sli v\u0259 maraql\u0131 oldu\u011fumuzu s\u00f6yl\u0259y\u0259 bil\u0259rik. Layih\u0259 bar\u0259d\u0259 c\u0259lbedici n\u0259l\u0259rs\u0259 e\u015fitmi\u015fik v\u0259 daha \u00e7ox \u00f6yr\u0259nm\u0259k ist\u0259yirik. \u018flb\u0259tt\u0259, bu sah\u0259d\u0259 \u0259m\u0259kda\u015fl\u0131\u011fa m\u00fc\u0259yy\u0259n maraq ola bil\u0259r.<\/p>\n<p><strong>&#8211; Az\u0259rbaycan h\u0259r il C\u0259nubi Qaz D\u0259hlizi \u00fczr\u0259 M\u0259\u015fv\u0259r\u0259t \u015euras\u0131n\u0131n iclas\u0131na ev sahibliyi edir. Art\u0131q iki ildir, paralel olaraq Bak\u0131da Ya\u015f\u0131l Enerji M\u0259\u015fv\u0259r\u0259t \u015euras\u0131 nazirl\u0259rinin iclas\u0131 da ke\u00e7irilir. Bu iclas\u0131n ke\u00e7irilm\u0259sinin qlobal miqyasda ya\u015f\u0131l enerjiy\u0259 ke\u00e7idin t\u0259\u015fviq olunmas\u0131ndak\u0131 rolunu nec\u0259 g\u00f6r\u00fcrs\u00fcn\u00fcz?<\/strong><\/p>\n<p>&#8211; B\u0259li, biz bu bar\u0259d\u0259 m\u0259lumatl\u0131y\u0131q. Bu, Az\u0259rbaycan v\u0259 Avropa \u0130ttifaq\u0131n\u0131n ke\u00e7irdiyi t\u0259dbirdir. Biz t\u0259dbird\u0259 prosesin inki\u015faf\u0131n\u0131 izl\u0259mi\u015fik. Bel\u0259 bir t\u0259dbirin olmas\u0131ndan m\u0259mnunuq. D\u00fc\u015f\u00fcn\u00fcr\u0259m ki, bu, g\u00f6r\u00fc\u015f\u00fcn \u00f6z\u00fc v\u0259 veril\u0259n b\u0259yanatlar bax\u0131m\u0131ndan \u00e7ox vaxt\u0131nda t\u0259\u015fkil olunmu\u015f t\u0259dbirdir. Y\u0259ni m\u0259d\u0259n yanacaqlar\u0131ndan imtinaya dair Dubay raz\u0131la\u015fmas\u0131n\u0131n olmas\u0131n\u0131 v\u0259 n\u00f6vb\u0259ti Milli S\u0259viyy\u0259d\u0259 M\u00fc\u0259yy\u0259n Edilmi\u015f T\u00f6hf\u0259l\u0259r y\u0131\u011f\u0131m\u0131n\u0131n yax\u0131nla\u015fd\u0131\u011f\u0131n\u0131 n\u0259z\u0259r\u0259 alsaq, dey\u0259 bil\u0259rik ki, b\u0259rpaolunan enerji il\u0259 ba\u011fl\u0131 ist\u0259nil\u0259n n\u00f6v \u0259m\u0259kda\u015fl\u0131q bizi sevindirir.<\/p>\n<p><strong>&#8211; Bildiyim\u0259 g\u00f6r\u0259, sizin etnik olaraq regionla ba\u011fl\u0131l\u0131\u011f\u0131n\u0131z var. Bu bar\u0259d\u0259 daha detall\u0131 m\u0259lumat verm\u0259yinizi ist\u0259rdim.<\/strong><\/p>\n<p>&#8211; N\u0259hay\u0259t, bu il ilk d\u0259f\u0259 Az\u0259rbaycana getdiyim \u00fc\u00e7\u00fcn \u00e7ox sevinirdim. \u00c7\u00fcnki atam iranl\u0131d\u0131r. M\u0259n h\u0259mi\u015f\u0259 bilirdim ki, onun anas\u0131n\u0131n q\u0131zl\u0131q soyad\u0131 Nax\u00e7\u0131vand\u0131r. Lakin \u00e7ox sonralar bildim ki, Nax\u00e7\u0131van Az\u0259rbaycan daxilind\u0259 muxtar respublikad\u0131r. Yeniyetm\u0259 ya\u015flar\u0131mdan bunu bil\u0259nd\u0259 h\u0259r zaman beynimd\u0259 Az\u0259rbaycana v\u0259 x\u00fcsusil\u0259 Nax\u00e7\u0131vana getm\u0259k fikri var idi. Bak\u0131da olanda da \u201cNax\u00e7\u0131van\u201d adl\u0131 restorana getdik v\u0259 orada milli yem\u0259kl\u0259ri yedim. Amma COP-dan sonra Nax\u00e7\u0131vana getm\u0259yi v\u0259 ail\u0259min bir hiss\u0259si olan bu \u015f\u0259h\u0259rl\u0259 tan\u0131\u015f olma\u011f\u0131 d\u00fc\u015f\u00fcn\u00fcr\u0259m.<\/p>\n<p><strong>&#8211; \u0130ndiy\u0259d\u0259k bu bar\u0259d\u0259 hans\u0131sa ara\u015fd\u0131rma aparm\u0131s\u0131n\u0131z?<\/strong><\/p>\n<p>&#8211; \u018flb\u0259tt\u0259, m\u0259n art\u0131q bunu ara\u015fd\u0131rm\u0131\u015fam. Bildiyim\u0259 g\u00f6r\u0259, n\u0259n\u0259min ail\u0259sind\u0259 h\u0259r k\u0259s general olub. Onlardan biri II D\u00fcnya m\u00fcharib\u0259si zaman\u0131 \u0130randa nazir v\u0259zif\u0259sind\u0259 \u00e7al\u0131\u015f\u0131b. Lakin onlar\u0131n harada do\u011fuldu\u011funu d\u0259qiq olaraq bilmir\u0259m. Fikrimc\u0259, onlar T\u0259brizd\u0259 do\u011fulublar, amma buna \u0259min deyil\u0259m. Bunu ayd\u0131nla\u015fd\u0131rmaq \u00fc\u00e7\u00fcn axtar\u0131\u015flar apar\u0131ram.<\/p>\n","protected":false},"excerpt":{"rendered":"<p>\u201cParis Sazi\u015fin\u0259 baxd\u0131qda g\u00f6r\u00fcr\u00fck ki, h\u0259d\u0259fl\u0259r temperatur art\u0131m\u0131n\u0131n t\u0259hl\u00fck\u0259siz temperatura q\u0259d\u0259r m\u0259hdudla\u015fd\u0131r\u0131lmas\u0131n\u0131, iqlimin t\u0259sirl\u0259rin\u0259 d\u00f6z\u00fcml\u00fcl\u00fcy\u00fc v\u0259 uy\u011funla\u015fman\u0131 t\u0259bli\u011f etm\u0259kdir\u201d. Bu s\u00f6zl\u0259ri AZ\u018fRTAC-\u0131n AB\u015e b\u00fcrosuna m\u00fcsahib\u0259 zaman\u0131 AB\u015e prezidentinin iqlim \u00fczr\u0259 x\u00fcsusi n\u00fcmay\u0259nd\u0259sinin m\u00fcavini Syu Biniaz deyib. H\u0259min m\u00fcsahib\u0259ni t\u0259qdim edirik: &#8211; BMT-nin \u0130qlim D\u0259yi\u015fikliyi \u00fczr\u0259 \u00c7\u0259r\u00e7iv\u0259 Konvensiyas\u0131n\u0131n T\u0259r\u0259fl\u0259ri Konfrans\u0131n\u0131n 29-cu sessiyas\u0131, y\u0259ni COP29 bu il Az\u0259rbaycanda ke\u00e7iril\u0259c\u0259k. Bununla ba\u011fl\u0131 q\u0259rar COP28-in \u00f6t\u0259n il Dubayda ke\u00e7irilmi\u015f plenar iclas\u0131nda q\u0259bul olunub. Bu se\u00e7imi nec\u0259 qiym\u0259tl\u0259ndirirsiniz? COP29-dan g\u00f6zl\u0259ntil\u0259riniz n\u0259l\u0259rdir? &#8211; Biz Az\u0259rbaycan\u0131n COP29-a ev sahibliyi etm\u0259k \u00fc\u00e7\u00fcn apar\u0131lan se\u00e7im prosesini d\u0259st\u0259kl\u0259dik v\u0259 haz\u0131rda&hellip;<\/p>\n","protected":false},"author":2,"featured_media":715916,"comment_status":"closed","ping_status":"closed","sticky":false,"template":"","format":"standard","meta":{"om_disable_all_campaigns":false,"_monsterinsights_skip_tracking":false,"_monsterinsights_sitenote_active":false,"_monsterinsights_sitenote_note":"","_monsterinsights_sitenote_category":0},"categories":[4],"tags":[],"aioseo_notices":[],"gutentor_comment":0,"rttpg_featured_image_url":{"full":["https:\/\/arantv.az\/wp-content\/uploads\/2024\/04\/17141261291540426618_1200x630.jpg",620,413,false],"landscape":["https:\/\/arantv.az\/wp-content\/uploads\/2024\/04\/17141261291540426618_1200x630.jpg",620,413,false],"portraits":["https:\/\/arantv.az\/wp-content\/uploads\/2024\/04\/17141261291540426618_1200x630.jpg",620,413,false],"thumbnail":["https:\/\/arantv.az\/wp-content\/uploads\/2024\/04\/17141261291540426618_1200x630-500x280.jpg",500,280,true],"medium":["https:\/\/arantv.az\/wp-content\/uploads\/2024\/04\/17141261291540426618_1200x630-548x365.jpg",548,365,true],"large":["https:\/\/arantv.az\/wp-content\/uploads\/2024\/04\/17141261291540426618_1200x630.jpg",620,413,false],"1536x1536":["https:\/\/arantv.az\/wp-content\/uploads\/2024\/04\/17141261291540426618_1200x630.jpg",620,413,false],"2048x2048":["https:\/\/arantv.az\/wp-content\/uploads\/2024\/04\/17141261291540426618_1200x630.jpg",620,413,false],"post-thumbnail":["https:\/\/arantv.az\/wp-content\/uploads\/2024\/04\/17141261291540426618_1200x630-240x172.jpg",240,172,true],"advps-thumb-one":["https:\/\/arantv.az\/wp-content\/uploads\/2024\/04\/17141261291540426618_1200x630.jpg",620,413,false]},"rttpg_author":{"display_name":"V\u00fcsal Rafiqo\u011flu","author_link":"https:\/\/arantv.az\/?author=2"},"rttpg_comment":0,"rttpg_category":"<a href=\"https:\/\/arantv.az\/?cat=4\" rel=\"category\">Siyas\u0259t<\/a>","rttpg_excerpt":"\u201cParis Sazi\u015fin\u0259 baxd\u0131qda g\u00f6r\u00fcr\u00fck ki, h\u0259d\u0259fl\u0259r temperatur art\u0131m\u0131n\u0131n t\u0259hl\u00fck\u0259siz temperatura q\u0259d\u0259r m\u0259hdudla\u015fd\u0131r\u0131lmas\u0131n\u0131, iqlimin t\u0259sirl\u0259rin\u0259 d\u00f6z\u00fcml\u00fcl\u00fcy\u00fc v\u0259 uy\u011funla\u015fman\u0131 t\u0259bli\u011f etm\u0259kdir\u201d. Bu s\u00f6zl\u0259ri AZ\u018fRTAC-\u0131n AB\u015e b\u00fcrosuna m\u00fcsahib\u0259 zaman\u0131 AB\u015e prezidentinin iqlim \u00fczr\u0259 x\u00fcsusi n\u00fcmay\u0259nd\u0259sinin m\u00fcavini Syu Biniaz deyib. H\u0259min m\u00fcsahib\u0259ni t\u0259qdim edirik: &#8211; BMT-nin \u0130qlim D\u0259yi\u015fikliyi \u00fczr\u0259 \u00c7\u0259r\u00e7iv\u0259 Konvensiyas\u0131n\u0131n T\u0259r\u0259fl\u0259ri Konfrans\u0131n\u0131n 29-cu sessiyas\u0131, y\u0259ni COP29 bu il&hellip;","_links":{"self":[{"href":"https:\/\/arantv.az\/index.php?rest_route=\/wp\/v2\/posts\/715915"}],"collection":[{"href":"https:\/\/arantv.az\/index.php?rest_route=\/wp\/v2\/posts"}],"about":[{"href":"https:\/\/arantv.az\/index.php?rest_route=\/wp\/v2\/types\/post"}],"author":[{"embeddable":true,"href":"https:\/\/arantv.az\/index.php?rest_route=\/wp\/v2\/users\/2"}],"replies":[{"embeddable":true,"href":"https:\/\/arantv.az\/index.php?rest_route=%2Fwp%2Fv2%2Fcomments&post=715915"}],"version-history":[{"count":0,"href":"https:\/\/arantv.az\/index.php?rest_route=\/wp\/v2\/posts\/715915\/revisions"}],"wp:featuredmedia":[{"embeddable":true,"href":"https:\/\/arantv.az\/index.php?rest_route=\/wp\/v2\/media\/715916"}],"wp:attachment":[{"href":"https:\/\/arantv.az\/index.php?rest_route=%2Fwp%2Fv2%2Fmedia&parent=715915"}],"wp:term":[{"taxonomy":"category","embeddable":true,"href":"https:\/\/arantv.az\/index.php?rest_route=%2Fwp%2Fv2%2Fcategories&post=715915"},{"taxonomy":"post_tag","embeddable":true,"href":"https:\/\/arantv.az\/index.php?rest_route=%2Fwp%2Fv2%2Ftags&post=715915"}],"curies":[{"name":"wp","href":"https:\/\/api.w.org\/{rel}","templated":true}]}}